{"id":31445,"date":"2023-07-23T15:31:41","date_gmt":"2023-07-23T13:31:41","guid":{"rendered":"https:\/\/ujofotodesign.ch\/?p=31445"},"modified":"2023-08-01T17:18:39","modified_gmt":"2023-08-01T15:18:39","slug":"2023-07-new-york-trilogie-iii-strassen-in-manhatten","status":"publish","type":"post","link":"https:\/\/ujofotodesign.ch\/de\/2023-07-new-york-trilogie-iii-strassen-in-manhatten\/","title":{"rendered":"2023 07 New York Trilogie \u2013 III. Strassen in Manhatten"},"content":{"rendered":"\n<p class=\"has-text-align-left\">Manhattan, das Herz von New York m\u00f6gen einige sagen. Laut, kommerziell, ausgeflippt. Hier prasseln alt und neu, reich und arm aufeinander. Die Architektur des &#8222;alten&#8220; New York trifft auf den Stahlbeton und die Glasfassaden der Wolkenkratzer. Die Menschen wirken klein und verloren, und dennoch pr\u00e4gen sie diese Stadt. Foodtrucks dienen dem schnellen Genuss, f\u00fcr Softeis genauso wie f\u00fcr Halal Food order die ber\u00fchmten Hot Dogs. Die Digitalisierung hat auch hier eingesetzt &#8211; grosse Displays &#8222;schm\u00fccken&#8220; viele der Anh\u00e4nger.<\/p>\n\n\n\n<p>Baustellen und Bauarbeiter sind auch am Wochenende \u00fcberall anzutreffen, wenn der Verkehr gegen\u00fcber der gesch\u00e4ftigen Woche zur Ruhe kommt.<\/p>\n\n\n<div class=\"wp-block-image\">\n<figure class=\"aligncenter size-large\"><img decoding=\"async\" loading=\"lazy\" width=\"1024\" height=\"802\" src=\"https:\/\/ujofotodesign.ch\/wp-content\/uploads\/2023\/07\/mr5_i4a8158-panorama_framed-1024x802.jpg\" alt=\"\" class=\"wp-image-31462\" srcset=\"https:\/\/ujofotodesign.ch\/wp-content\/uploads\/2023\/07\/mr5_i4a8158-panorama_framed-1024x802.jpg 1024w, https:\/\/ujofotodesign.ch\/wp-content\/uploads\/2023\/07\/mr5_i4a8158-panorama_framed-300x235.jpg 300w, https:\/\/ujofotodesign.ch\/wp-content\/uploads\/2023\/07\/mr5_i4a8158-panorama_framed-768x601.jpg 768w, https:\/\/ujofotodesign.ch\/wp-content\/uploads\/2023\/07\/mr5_i4a8158-panorama_framed-1536x1202.jpg 1536w, https:\/\/ujofotodesign.ch\/wp-content\/uploads\/2023\/07\/mr5_i4a8158-panorama_framed-scaled.jpg 2048w\" sizes=\"(max-width: 1024px) 100vw, 1024px\" \/><\/figure><\/div>\n\n<div class=\"wp-block-image\">\n<figure class=\"aligncenter size-large\"><img decoding=\"async\" loading=\"lazy\" width=\"1024\" height=\"847\" src=\"https:\/\/ujofotodesign.ch\/wp-content\/uploads\/2023\/07\/mr5_i4a8168_framed-1024x847.jpg\" alt=\"\" class=\"wp-image-31463\" srcset=\"https:\/\/ujofotodesign.ch\/wp-content\/uploads\/2023\/07\/mr5_i4a8168_framed-1024x847.jpg 1024w, https:\/\/ujofotodesign.ch\/wp-content\/uploads\/2023\/07\/mr5_i4a8168_framed-300x248.jpg 300w, https:\/\/ujofotodesign.ch\/wp-content\/uploads\/2023\/07\/mr5_i4a8168_framed-768x636.jpg 768w, https:\/\/ujofotodesign.ch\/wp-content\/uploads\/2023\/07\/mr5_i4a8168_framed-1536x1271.jpg 1536w, https:\/\/ujofotodesign.ch\/wp-content\/uploads\/2023\/07\/mr5_i4a8168_framed-scaled.jpg 2048w\" sizes=\"(max-width: 1024px) 100vw, 1024px\" \/><\/figure><\/div>\n\n<div class=\"wp-block-image\">\n<figure class=\"aligncenter size-large\"><img decoding=\"async\" loading=\"lazy\" width=\"802\" height=\"1024\" src=\"https:\/\/ujofotodesign.ch\/wp-content\/uploads\/2023\/07\/mr5_i4a8107_framed-802x1024.jpg\" alt=\"\" class=\"wp-image-31461\" srcset=\"https:\/\/ujofotodesign.ch\/wp-content\/uploads\/2023\/07\/mr5_i4a8107_framed-802x1024.jpg 802w, https:\/\/ujofotodesign.ch\/wp-content\/uploads\/2023\/07\/mr5_i4a8107_framed-235x300.jpg 235w, https:\/\/ujofotodesign.ch\/wp-content\/uploads\/2023\/07\/mr5_i4a8107_framed-768x981.jpg 768w, https:\/\/ujofotodesign.ch\/wp-content\/uploads\/2023\/07\/mr5_i4a8107_framed-1202x1536.jpg 1202w, https:\/\/ujofotodesign.ch\/wp-content\/uploads\/2023\/07\/mr5_i4a8107_framed-scaled.jpg 1603w\" sizes=\"(max-width: 802px) 100vw, 802px\" \/><\/figure><\/div>\n\n<div class=\"wp-block-image\">\n<figure class=\"aligncenter size-large\"><img decoding=\"async\" loading=\"lazy\" width=\"1024\" height=\"802\" src=\"https:\/\/ujofotodesign.ch\/wp-content\/uploads\/2023\/07\/mr5_i4a8026_framed-1024x802.jpg\" alt=\"\" class=\"wp-image-31472\" srcset=\"https:\/\/ujofotodesign.ch\/wp-content\/uploads\/2023\/07\/mr5_i4a8026_framed-1024x802.jpg 1024w, https:\/\/ujofotodesign.ch\/wp-content\/uploads\/2023\/07\/mr5_i4a8026_framed-300x235.jpg 300w, https:\/\/ujofotodesign.ch\/wp-content\/uploads\/2023\/07\/mr5_i4a8026_framed-768x601.jpg 768w, https:\/\/ujofotodesign.ch\/wp-content\/uploads\/2023\/07\/mr5_i4a8026_framed-1536x1202.jpg 1536w, https:\/\/ujofotodesign.ch\/wp-content\/uploads\/2023\/07\/mr5_i4a8026_framed-scaled.jpg 2048w\" sizes=\"(max-width: 1024px) 100vw, 1024px\" \/><\/figure><\/div>\n\n<div class=\"wp-block-image\">\n<figure class=\"aligncenter size-large\"><img decoding=\"async\" loading=\"lazy\" width=\"1024\" height=\"847\" src=\"https:\/\/ujofotodesign.ch\/wp-content\/uploads\/2023\/07\/mr5_i4a8966_framed-1024x847.jpg\" alt=\"\" class=\"wp-image-31471\" srcset=\"https:\/\/ujofotodesign.ch\/wp-content\/uploads\/2023\/07\/mr5_i4a8966_framed-1024x847.jpg 1024w, https:\/\/ujofotodesign.ch\/wp-content\/uploads\/2023\/07\/mr5_i4a8966_framed-300x248.jpg 300w, https:\/\/ujofotodesign.ch\/wp-content\/uploads\/2023\/07\/mr5_i4a8966_framed-768x636.jpg 768w, https:\/\/ujofotodesign.ch\/wp-content\/uploads\/2023\/07\/mr5_i4a8966_framed-1536x1271.jpg 1536w, https:\/\/ujofotodesign.ch\/wp-content\/uploads\/2023\/07\/mr5_i4a8966_framed-scaled.jpg 2048w\" sizes=\"(max-width: 1024px) 100vw, 1024px\" \/><\/figure><\/div>\n\n<div class=\"wp-block-image\">\n<figure class=\"aligncenter size-large\"><img decoding=\"async\" loading=\"lazy\" width=\"847\" height=\"1024\" src=\"https:\/\/ujofotodesign.ch\/wp-content\/uploads\/2023\/07\/mr5_i4a8182_framed-847x1024.jpg\" alt=\"\" class=\"wp-image-31467\" srcset=\"https:\/\/ujofotodesign.ch\/wp-content\/uploads\/2023\/07\/mr5_i4a8182_framed-847x1024.jpg 847w, https:\/\/ujofotodesign.ch\/wp-content\/uploads\/2023\/07\/mr5_i4a8182_framed-248x300.jpg 248w, https:\/\/ujofotodesign.ch\/wp-content\/uploads\/2023\/07\/mr5_i4a8182_framed-768x928.jpg 768w, https:\/\/ujofotodesign.ch\/wp-content\/uploads\/2023\/07\/mr5_i4a8182_framed-1271x1536.jpg 1271w, https:\/\/ujofotodesign.ch\/wp-content\/uploads\/2023\/07\/mr5_i4a8182_framed-scaled.jpg 1695w\" sizes=\"(max-width: 847px) 100vw, 847px\" \/><\/figure><\/div>\n\n<div class=\"wp-block-image\">\n<figure class=\"aligncenter size-large\"><img decoding=\"async\" loading=\"lazy\" width=\"1024\" height=\"802\" src=\"https:\/\/ujofotodesign.ch\/wp-content\/uploads\/2023\/07\/mr5_i4a8206_framed-1024x802.jpg\" alt=\"\" class=\"wp-image-31464\" srcset=\"https:\/\/ujofotodesign.ch\/wp-content\/uploads\/2023\/07\/mr5_i4a8206_framed-1024x802.jpg 1024w, https:\/\/ujofotodesign.ch\/wp-content\/uploads\/2023\/07\/mr5_i4a8206_framed-300x235.jpg 300w, https:\/\/ujofotodesign.ch\/wp-content\/uploads\/2023\/07\/mr5_i4a8206_framed-768x601.jpg 768w, https:\/\/ujofotodesign.ch\/wp-content\/uploads\/2023\/07\/mr5_i4a8206_framed-1536x1202.jpg 1536w, https:\/\/ujofotodesign.ch\/wp-content\/uploads\/2023\/07\/mr5_i4a8206_framed-scaled.jpg 2048w\" sizes=\"(max-width: 1024px) 100vw, 1024px\" \/><\/figure><\/div>\n\n<div class=\"wp-block-image\">\n<figure class=\"aligncenter size-large\"><img decoding=\"async\" loading=\"lazy\" width=\"1024\" height=\"802\" src=\"https:\/\/ujofotodesign.ch\/wp-content\/uploads\/2023\/07\/mr5_i4a8854_framed-1024x802.jpg\" alt=\"\" class=\"wp-image-31470\" srcset=\"https:\/\/ujofotodesign.ch\/wp-content\/uploads\/2023\/07\/mr5_i4a8854_framed-1024x802.jpg 1024w, https:\/\/ujofotodesign.ch\/wp-content\/uploads\/2023\/07\/mr5_i4a8854_framed-300x235.jpg 300w, https:\/\/ujofotodesign.ch\/wp-content\/uploads\/2023\/07\/mr5_i4a8854_framed-768x601.jpg 768w, https:\/\/ujofotodesign.ch\/wp-content\/uploads\/2023\/07\/mr5_i4a8854_framed-1536x1202.jpg 1536w, https:\/\/ujofotodesign.ch\/wp-content\/uploads\/2023\/07\/mr5_i4a8854_framed-scaled.jpg 2048w\" sizes=\"(max-width: 1024px) 100vw, 1024px\" \/><\/figure><\/div>\n\n<div class=\"wp-block-image\">\n<figure class=\"aligncenter size-large\"><img decoding=\"async\" loading=\"lazy\" width=\"847\" height=\"1024\" src=\"https:\/\/ujofotodesign.ch\/wp-content\/uploads\/2023\/07\/mr5_i4a9054_framed-847x1024.jpg\" alt=\"\" class=\"wp-image-31469\" srcset=\"https:\/\/ujofotodesign.ch\/wp-content\/uploads\/2023\/07\/mr5_i4a9054_framed-847x1024.jpg 847w, https:\/\/ujofotodesign.ch\/wp-content\/uploads\/2023\/07\/mr5_i4a9054_framed-248x300.jpg 248w, https:\/\/ujofotodesign.ch\/wp-content\/uploads\/2023\/07\/mr5_i4a9054_framed-768x928.jpg 768w, https:\/\/ujofotodesign.ch\/wp-content\/uploads\/2023\/07\/mr5_i4a9054_framed-1271x1536.jpg 1271w, https:\/\/ujofotodesign.ch\/wp-content\/uploads\/2023\/07\/mr5_i4a9054_framed-scaled.jpg 1695w\" sizes=\"(max-width: 847px) 100vw, 847px\" \/><\/figure><\/div>\n\n<div class=\"wp-block-image\">\n<figure class=\"aligncenter size-large\"><img decoding=\"async\" loading=\"lazy\" width=\"802\" height=\"1024\" src=\"https:\/\/ujofotodesign.ch\/wp-content\/uploads\/2023\/07\/mr5_i4a8837_framed-802x1024.jpg\" alt=\"\" class=\"wp-image-31468\" srcset=\"https:\/\/ujofotodesign.ch\/wp-content\/uploads\/2023\/07\/mr5_i4a8837_framed-802x1024.jpg 802w, https:\/\/ujofotodesign.ch\/wp-content\/uploads\/2023\/07\/mr5_i4a8837_framed-235x300.jpg 235w, https:\/\/ujofotodesign.ch\/wp-content\/uploads\/2023\/07\/mr5_i4a8837_framed-768x981.jpg 768w, https:\/\/ujofotodesign.ch\/wp-content\/uploads\/2023\/07\/mr5_i4a8837_framed-1202x1536.jpg 1202w, https:\/\/ujofotodesign.ch\/wp-content\/uploads\/2023\/07\/mr5_i4a8837_framed-scaled.jpg 1603w\" sizes=\"(max-width: 802px) 100vw, 802px\" \/><\/figure><\/div>\n\n<div class=\"wp-block-image\">\n<figure class=\"aligncenter size-large\"><img decoding=\"async\" loading=\"lazy\" width=\"847\" height=\"1024\" src=\"https:\/\/ujofotodesign.ch\/wp-content\/uploads\/2023\/07\/mr5_i4a8342_framed-847x1024.jpg\" alt=\"\" class=\"wp-image-31460\" srcset=\"https:\/\/ujofotodesign.ch\/wp-content\/uploads\/2023\/07\/mr5_i4a8342_framed-847x1024.jpg 847w, https:\/\/ujofotodesign.ch\/wp-content\/uploads\/2023\/07\/mr5_i4a8342_framed-248x300.jpg 248w, https:\/\/ujofotodesign.ch\/wp-content\/uploads\/2023\/07\/mr5_i4a8342_framed-768x928.jpg 768w, https:\/\/ujofotodesign.ch\/wp-content\/uploads\/2023\/07\/mr5_i4a8342_framed-1271x1536.jpg 1271w, https:\/\/ujofotodesign.ch\/wp-content\/uploads\/2023\/07\/mr5_i4a8342_framed-scaled.jpg 1695w\" sizes=\"(max-width: 847px) 100vw, 847px\" \/><\/figure><\/div>\n\n<div class=\"wp-block-image\">\n<figure class=\"aligncenter size-large\"><img decoding=\"async\" loading=\"lazy\" width=\"847\" height=\"1024\" src=\"https:\/\/ujofotodesign.ch\/wp-content\/uploads\/2023\/07\/mr5_i4a8975_framed-847x1024.jpg\" alt=\"\" class=\"wp-image-31485\" srcset=\"https:\/\/ujofotodesign.ch\/wp-content\/uploads\/2023\/07\/mr5_i4a8975_framed-847x1024.jpg 847w, https:\/\/ujofotodesign.ch\/wp-content\/uploads\/2023\/07\/mr5_i4a8975_framed-248x300.jpg 248w, https:\/\/ujofotodesign.ch\/wp-content\/uploads\/2023\/07\/mr5_i4a8975_framed-768x928.jpg 768w, https:\/\/ujofotodesign.ch\/wp-content\/uploads\/2023\/07\/mr5_i4a8975_framed-1271x1536.jpg 1271w, https:\/\/ujofotodesign.ch\/wp-content\/uploads\/2023\/07\/mr5_i4a8975_framed-scaled.jpg 1695w\" sizes=\"(max-width: 847px) 100vw, 847px\" \/><\/figure><\/div>\n\n<div class=\"wp-block-image\">\n<figure class=\"aligncenter size-large\"><img decoding=\"async\" loading=\"lazy\" width=\"723\" height=\"1024\" src=\"https:\/\/ujofotodesign.ch\/wp-content\/uploads\/2023\/07\/mr5_i4a8381_framed-723x1024.jpg\" alt=\"\" class=\"wp-image-31476\" srcset=\"https:\/\/ujofotodesign.ch\/wp-content\/uploads\/2023\/07\/mr5_i4a8381_framed-723x1024.jpg 723w, https:\/\/ujofotodesign.ch\/wp-content\/uploads\/2023\/07\/mr5_i4a8381_framed-212x300.jpg 212w, https:\/\/ujofotodesign.ch\/wp-content\/uploads\/2023\/07\/mr5_i4a8381_framed-768x1088.jpg 768w, https:\/\/ujofotodesign.ch\/wp-content\/uploads\/2023\/07\/mr5_i4a8381_framed-1084x1536.jpg 1084w, https:\/\/ujofotodesign.ch\/wp-content\/uploads\/2023\/07\/mr5_i4a8381_framed-scaled.jpg 1446w\" sizes=\"(max-width: 723px) 100vw, 723px\" \/><\/figure><\/div>\n\n<div class=\"wp-block-image\">\n<figure class=\"aligncenter size-large\"><img decoding=\"async\" loading=\"lazy\" width=\"723\" height=\"1024\" src=\"https:\/\/ujofotodesign.ch\/wp-content\/uploads\/2023\/07\/mr5_i4a8387_framed-723x1024.jpg\" alt=\"\" class=\"wp-image-31466\" srcset=\"https:\/\/ujofotodesign.ch\/wp-content\/uploads\/2023\/07\/mr5_i4a8387_framed-723x1024.jpg 723w, https:\/\/ujofotodesign.ch\/wp-content\/uploads\/2023\/07\/mr5_i4a8387_framed-212x300.jpg 212w, https:\/\/ujofotodesign.ch\/wp-content\/uploads\/2023\/07\/mr5_i4a8387_framed-768x1088.jpg 768w, https:\/\/ujofotodesign.ch\/wp-content\/uploads\/2023\/07\/mr5_i4a8387_framed-1084x1536.jpg 1084w, https:\/\/ujofotodesign.ch\/wp-content\/uploads\/2023\/07\/mr5_i4a8387_framed-scaled.jpg 1446w\" sizes=\"(max-width: 723px) 100vw, 723px\" \/><\/figure><\/div>\n\n<div class=\"wp-block-image\">\n<figure class=\"aligncenter size-large\"><img decoding=\"async\" loading=\"lazy\" width=\"723\" height=\"1024\" src=\"https:\/\/ujofotodesign.ch\/wp-content\/uploads\/2023\/07\/mr5_i4a8914_framed-723x1024.jpg\" alt=\"\" class=\"wp-image-31456\" srcset=\"https:\/\/ujofotodesign.ch\/wp-content\/uploads\/2023\/07\/mr5_i4a8914_framed-723x1024.jpg 723w, https:\/\/ujofotodesign.ch\/wp-content\/uploads\/2023\/07\/mr5_i4a8914_framed-212x300.jpg 212w, https:\/\/ujofotodesign.ch\/wp-content\/uploads\/2023\/07\/mr5_i4a8914_framed-768x1088.jpg 768w, https:\/\/ujofotodesign.ch\/wp-content\/uploads\/2023\/07\/mr5_i4a8914_framed-1084x1536.jpg 1084w, https:\/\/ujofotodesign.ch\/wp-content\/uploads\/2023\/07\/mr5_i4a8914_framed-scaled.jpg 1446w\" sizes=\"(max-width: 723px) 100vw, 723px\" \/><\/figure><\/div>\n\n<div class=\"wp-block-image\">\n<figure class=\"aligncenter size-large\"><img decoding=\"async\" loading=\"lazy\" width=\"847\" height=\"1024\" src=\"https:\/\/ujofotodesign.ch\/wp-content\/uploads\/2023\/07\/mr5_i4a8918_framed-847x1024.jpg\" alt=\"\" class=\"wp-image-31457\" srcset=\"https:\/\/ujofotodesign.ch\/wp-content\/uploads\/2023\/07\/mr5_i4a8918_framed-847x1024.jpg 847w, https:\/\/ujofotodesign.ch\/wp-content\/uploads\/2023\/07\/mr5_i4a8918_framed-248x300.jpg 248w, https:\/\/ujofotodesign.ch\/wp-content\/uploads\/2023\/07\/mr5_i4a8918_framed-768x928.jpg 768w, https:\/\/ujofotodesign.ch\/wp-content\/uploads\/2023\/07\/mr5_i4a8918_framed-1271x1536.jpg 1271w, https:\/\/ujofotodesign.ch\/wp-content\/uploads\/2023\/07\/mr5_i4a8918_framed-scaled.jpg 1695w\" sizes=\"(max-width: 847px) 100vw, 847px\" \/><\/figure><\/div>\n\n\n<blockquote class=\"wp-block-quote has-text-align-center\">\n<p>&#8222;Wenn ich in New York bin, m\u00f6chte ich einfach die Stra\u00dfe entlanggehen und dieses Ding sp\u00fcren, als w\u00e4re ich in einem Film.\u201d<\/p>\n<cite><em>Ryan Adams, Amerikanischer Singer-Songwriter *1974<\/em><\/cite><\/blockquote>\n\n\n\n<blockquote class=\"wp-block-quote\">\n<p>&#8230;.<\/p>\n<\/blockquote>\n","protected":false},"excerpt":{"rendered":"<p>Manhattan, das Herz von New York m\u00f6gen einige sagen. Laut, kommerziell, ausgeflippt. Hier prasseln alt und neu, reich und arm aufeinander. Die Architektur des &#8222;alten&#8220; New York trifft auf den Stahlbeton und die Glasfassaden der Wolkenkratzer. Die Menschen wirken klein und verloren, und dennoch pr\u00e4gen sie diese Stadt. Foodtrucks dienen dem schnellen Genuss, f\u00fcr Softeis [&hellip;]<\/p>\n","protected":false},"author":2,"featured_media":31458,"comment_status":"closed","ping_status":"closed","sticky":false,"template":"","format":"standard","meta":[],"categories":[10],"tags":[],"acf":[],"yoast_head":"<!-- This site is optimized with the Yoast SEO plugin v20.12 - https:\/\/yoast.com\/wordpress\/plugins\/seo\/ -->\n<title>2023 07 New York Trilogie \u2013 III. Strassen in Manhatten &bull; ujofotodesign<\/title>\n<meta name=\"robots\" content=\"index, follow, max-snippet:-1, max-image-preview:large, max-video-preview:-1\" \/>\n<link rel=\"canonical\" href=\"https:\/\/ujofotodesign.ch\/de\/2023-07-new-york-trilogie-iii-strassen-in-manhatten\/\" \/>\n<meta property=\"og:locale\" content=\"de_DE\" \/>\n<meta property=\"og:type\" content=\"article\" \/>\n<meta property=\"og:title\" content=\"2023 07 New York Trilogie \u2013 III. Strassen in Manhatten &bull; ujofotodesign\" \/>\n<meta property=\"og:description\" content=\"Manhattan, das Herz von New York m\u00f6gen einige sagen. Laut, kommerziell, ausgeflippt. Hier prasseln alt und neu, reich und arm aufeinander. Die Architektur des &#8222;alten&#8220; New York trifft auf den Stahlbeton und die Glasfassaden der Wolkenkratzer. Die Menschen wirken klein und verloren, und dennoch pr\u00e4gen sie diese Stadt. Foodtrucks dienen dem schnellen Genuss, f\u00fcr Softeis [&hellip;]\" \/>\n<meta property=\"og:url\" content=\"https:\/\/ujofotodesign.ch\/de\/2023-07-new-york-trilogie-iii-strassen-in-manhatten\/\" \/>\n<meta property=\"og:site_name\" content=\"ujofotodesign\" \/>\n<meta property=\"article:published_time\" content=\"2023-07-23T13:31:41+00:00\" \/>\n<meta property=\"article:modified_time\" content=\"2023-08-01T15:18:39+00:00\" \/>\n<meta property=\"og:image\" content=\"https:\/\/ujofotodesign.ch\/wp-content\/uploads\/2023\/07\/mr5_i4a8849_framed-scaled.jpg\" \/>\n\t<meta property=\"og:image:width\" content=\"1603\" \/>\n\t<meta property=\"og:image:height\" content=\"2048\" \/>\n\t<meta property=\"og:image:type\" content=\"image\/jpeg\" \/>\n<meta name=\"author\" content=\"Ulrich Jousten\" \/>\n<meta name=\"twitter:card\" content=\"summary_large_image\" \/>\n<meta name=\"twitter:label1\" content=\"Verfasst von\" \/>\n\t<meta name=\"twitter:data1\" content=\"Ulrich Jousten\" \/>\n\t<meta name=\"twitter:label2\" content=\"Gesch\u00e4tzte Lesezeit\" \/>\n\t<meta name=\"twitter:data2\" content=\"4 Minuten\" \/>\n<script type=\"application\/ld+json\" class=\"yoast-schema-graph\">{\"@context\":\"https:\/\/schema.org\",\"@graph\":[{\"@type\":\"Article\",\"@id\":\"https:\/\/ujofotodesign.ch\/de\/2023-07-new-york-trilogie-iii-strassen-in-manhatten\/#article\",\"isPartOf\":{\"@id\":\"https:\/\/ujofotodesign.ch\/de\/2023-07-new-york-trilogie-iii-strassen-in-manhatten\/\"},\"author\":{\"name\":\"Ulrich Jousten\",\"@id\":\"https:\/\/ujofotodesign.ch\/de\/#\/schema\/person\/bece9dc9b9c82b781fbf996a923e4695\"},\"headline\":\"2023 07 New York Trilogie \u2013 III. Strassen in Manhatten\",\"datePublished\":\"2023-07-23T13:31:41+00:00\",\"dateModified\":\"2023-08-01T15:18:39+00:00\",\"mainEntityOfPage\":{\"@id\":\"https:\/\/ujofotodesign.ch\/de\/2023-07-new-york-trilogie-iii-strassen-in-manhatten\/\"},\"wordCount\":143,\"publisher\":{\"@id\":\"https:\/\/ujofotodesign.ch\/de\/#\/schema\/person\/bece9dc9b9c82b781fbf996a923e4695\"},\"articleSection\":[\"News\"],\"inLanguage\":\"de-DE\"},{\"@type\":\"WebPage\",\"@id\":\"https:\/\/ujofotodesign.ch\/de\/2023-07-new-york-trilogie-iii-strassen-in-manhatten\/\",\"url\":\"https:\/\/ujofotodesign.ch\/de\/2023-07-new-york-trilogie-iii-strassen-in-manhatten\/\",\"name\":\"2023 07 New York Trilogie \u2013 III. Strassen in Manhatten &bull; ujofotodesign\",\"isPartOf\":{\"@id\":\"https:\/\/ujofotodesign.ch\/de\/#website\"},\"datePublished\":\"2023-07-23T13:31:41+00:00\",\"dateModified\":\"2023-08-01T15:18:39+00:00\",\"breadcrumb\":{\"@id\":\"https:\/\/ujofotodesign.ch\/de\/2023-07-new-york-trilogie-iii-strassen-in-manhatten\/#breadcrumb\"},\"inLanguage\":\"de-DE\",\"potentialAction\":[{\"@type\":\"ReadAction\",\"target\":[\"https:\/\/ujofotodesign.ch\/de\/2023-07-new-york-trilogie-iii-strassen-in-manhatten\/\"]}]},{\"@type\":\"BreadcrumbList\",\"@id\":\"https:\/\/ujofotodesign.ch\/de\/2023-07-new-york-trilogie-iii-strassen-in-manhatten\/#breadcrumb\",\"itemListElement\":[{\"@type\":\"ListItem\",\"position\":1,\"name\":\"Home\",\"item\":\"https:\/\/ujofotodesign.ch\/de\/\"},{\"@type\":\"ListItem\",\"position\":2,\"name\":\"2023 07 New York Trilogie \u2013 III. Strassen in Manhatten\"}]},{\"@type\":\"WebSite\",\"@id\":\"https:\/\/ujofotodesign.ch\/de\/#website\",\"url\":\"https:\/\/ujofotodesign.ch\/de\/\",\"name\":\"ujofotodesign\",\"description\":\"\",\"publisher\":{\"@id\":\"https:\/\/ujofotodesign.ch\/de\/#\/schema\/person\/bece9dc9b9c82b781fbf996a923e4695\"},\"potentialAction\":[{\"@type\":\"SearchAction\",\"target\":{\"@type\":\"EntryPoint\",\"urlTemplate\":\"https:\/\/ujofotodesign.ch\/de\/?s={search_term_string}\"},\"query-input\":\"required name=search_term_string\"}],\"inLanguage\":\"de-DE\"},{\"@type\":[\"Person\",\"Organization\"],\"@id\":\"https:\/\/ujofotodesign.ch\/de\/#\/schema\/person\/bece9dc9b9c82b781fbf996a923e4695\",\"name\":\"Ulrich Jousten\",\"image\":{\"@type\":\"ImageObject\",\"inLanguage\":\"de-DE\",\"@id\":\"https:\/\/ujofotodesign.ch\/de\/#\/schema\/person\/image\/\",\"url\":\"https:\/\/ujofotodesign.ch\/wp-content\/uploads\/2019\/10\/ujofotodesign-logo.jpg\",\"contentUrl\":\"https:\/\/ujofotodesign.ch\/wp-content\/uploads\/2019\/10\/ujofotodesign-logo.jpg\",\"width\":512,\"height\":512,\"caption\":\"Ulrich Jousten\"},\"logo\":{\"@id\":\"https:\/\/ujofotodesign.ch\/de\/#\/schema\/person\/image\/\"},\"sameAs\":[\"https:\/\/ujofotodesign.ch\"]}]}<\/script>\n<!-- \/ Yoast SEO plugin. -->","yoast_head_json":{"title":"2023 07 New York Trilogie \u2013 III. Strassen in Manhatten &bull; ujofotodesign","robots":{"index":"index","follow":"follow","max-snippet":"max-snippet:-1","max-image-preview":"max-image-preview:large","max-video-preview":"max-video-preview:-1"},"canonical":"https:\/\/ujofotodesign.ch\/de\/2023-07-new-york-trilogie-iii-strassen-in-manhatten\/","og_locale":"de_DE","og_type":"article","og_title":"2023 07 New York Trilogie \u2013 III. Strassen in Manhatten &bull; ujofotodesign","og_description":"Manhattan, das Herz von New York m\u00f6gen einige sagen. Laut, kommerziell, ausgeflippt. Hier prasseln alt und neu, reich und arm aufeinander. Die Architektur des &#8222;alten&#8220; New York trifft auf den Stahlbeton und die Glasfassaden der Wolkenkratzer. Die Menschen wirken klein und verloren, und dennoch pr\u00e4gen sie diese Stadt. Foodtrucks dienen dem schnellen Genuss, f\u00fcr Softeis [&hellip;]","og_url":"https:\/\/ujofotodesign.ch\/de\/2023-07-new-york-trilogie-iii-strassen-in-manhatten\/","og_site_name":"ujofotodesign","article_published_time":"2023-07-23T13:31:41+00:00","article_modified_time":"2023-08-01T15:18:39+00:00","og_image":[{"width":1603,"height":2048,"url":"https:\/\/ujofotodesign.ch\/wp-content\/uploads\/2023\/07\/mr5_i4a8849_framed-scaled.jpg","type":"image\/jpeg"}],"author":"Ulrich Jousten","twitter_card":"summary_large_image","twitter_misc":{"Verfasst von":"Ulrich Jousten","Gesch\u00e4tzte Lesezeit":"4 Minuten"},"schema":{"@context":"https:\/\/schema.org","@graph":[{"@type":"Article","@id":"https:\/\/ujofotodesign.ch\/de\/2023-07-new-york-trilogie-iii-strassen-in-manhatten\/#article","isPartOf":{"@id":"https:\/\/ujofotodesign.ch\/de\/2023-07-new-york-trilogie-iii-strassen-in-manhatten\/"},"author":{"name":"Ulrich Jousten","@id":"https:\/\/ujofotodesign.ch\/de\/#\/schema\/person\/bece9dc9b9c82b781fbf996a923e4695"},"headline":"2023 07 New York Trilogie \u2013 III. Strassen in Manhatten","datePublished":"2023-07-23T13:31:41+00:00","dateModified":"2023-08-01T15:18:39+00:00","mainEntityOfPage":{"@id":"https:\/\/ujofotodesign.ch\/de\/2023-07-new-york-trilogie-iii-strassen-in-manhatten\/"},"wordCount":143,"publisher":{"@id":"https:\/\/ujofotodesign.ch\/de\/#\/schema\/person\/bece9dc9b9c82b781fbf996a923e4695"},"articleSection":["News"],"inLanguage":"de-DE"},{"@type":"WebPage","@id":"https:\/\/ujofotodesign.ch\/de\/2023-07-new-york-trilogie-iii-strassen-in-manhatten\/","url":"https:\/\/ujofotodesign.ch\/de\/2023-07-new-york-trilogie-iii-strassen-in-manhatten\/","name":"2023 07 New York Trilogie \u2013 III. Strassen in Manhatten &bull; ujofotodesign","isPartOf":{"@id":"https:\/\/ujofotodesign.ch\/de\/#website"},"datePublished":"2023-07-23T13:31:41+00:00","dateModified":"2023-08-01T15:18:39+00:00","breadcrumb":{"@id":"https:\/\/ujofotodesign.ch\/de\/2023-07-new-york-trilogie-iii-strassen-in-manhatten\/#breadcrumb"},"inLanguage":"de-DE","potentialAction":[{"@type":"ReadAction","target":["https:\/\/ujofotodesign.ch\/de\/2023-07-new-york-trilogie-iii-strassen-in-manhatten\/"]}]},{"@type":"BreadcrumbList","@id":"https:\/\/ujofotodesign.ch\/de\/2023-07-new-york-trilogie-iii-strassen-in-manhatten\/#breadcrumb","itemListElement":[{"@type":"ListItem","position":1,"name":"Home","item":"https:\/\/ujofotodesign.ch\/de\/"},{"@type":"ListItem","position":2,"name":"2023 07 New York Trilogie \u2013 III. Strassen in Manhatten"}]},{"@type":"WebSite","@id":"https:\/\/ujofotodesign.ch\/de\/#website","url":"https:\/\/ujofotodesign.ch\/de\/","name":"ujofotodesign","description":"","publisher":{"@id":"https:\/\/ujofotodesign.ch\/de\/#\/schema\/person\/bece9dc9b9c82b781fbf996a923e4695"},"potentialAction":[{"@type":"SearchAction","target":{"@type":"EntryPoint","urlTemplate":"https:\/\/ujofotodesign.ch\/de\/?s={search_term_string}"},"query-input":"required name=search_term_string"}],"inLanguage":"de-DE"},{"@type":["Person","Organization"],"@id":"https:\/\/ujofotodesign.ch\/de\/#\/schema\/person\/bece9dc9b9c82b781fbf996a923e4695","name":"Ulrich Jousten","image":{"@type":"ImageObject","inLanguage":"de-DE","@id":"https:\/\/ujofotodesign.ch\/de\/#\/schema\/person\/image\/","url":"https:\/\/ujofotodesign.ch\/wp-content\/uploads\/2019\/10\/ujofotodesign-logo.jpg","contentUrl":"https:\/\/ujofotodesign.ch\/wp-content\/uploads\/2019\/10\/ujofotodesign-logo.jpg","width":512,"height":512,"caption":"Ulrich Jousten"},"logo":{"@id":"https:\/\/ujofotodesign.ch\/de\/#\/schema\/person\/image\/"},"sameAs":["https:\/\/ujofotodesign.ch"]}]}},"_links":{"self":[{"href":"https:\/\/ujofotodesign.ch\/de\/wp-json\/wp\/v2\/posts\/31445"}],"collection":[{"href":"https:\/\/ujofotodesign.ch\/de\/wp-json\/wp\/v2\/posts"}],"about":[{"href":"https:\/\/ujofotodesign.ch\/de\/wp-json\/wp\/v2\/types\/post"}],"author":[{"embeddable":true,"href":"https:\/\/ujofotodesign.ch\/de\/wp-json\/wp\/v2\/users\/2"}],"replies":[{"embeddable":true,"href":"https:\/\/ujofotodesign.ch\/de\/wp-json\/wp\/v2\/comments?post=31445"}],"version-history":[{"count":9,"href":"https:\/\/ujofotodesign.ch\/de\/wp-json\/wp\/v2\/posts\/31445\/revisions"}],"predecessor-version":[{"id":31615,"href":"https:\/\/ujofotodesign.ch\/de\/wp-json\/wp\/v2\/posts\/31445\/revisions\/31615"}],"wp:featuredmedia":[{"embeddable":true,"href":"https:\/\/ujofotodesign.ch\/de\/wp-json\/wp\/v2\/media\/31458"}],"wp:attachment":[{"href":"https:\/\/ujofotodesign.ch\/de\/wp-json\/wp\/v2\/media?parent=31445"}],"wp:term":[{"taxonomy":"category","embeddable":true,"href":"https:\/\/ujofotodesign.ch\/de\/wp-json\/wp\/v2\/categories?post=31445"},{"taxonomy":"post_tag","embeddable":true,"href":"https:\/\/ujofotodesign.ch\/de\/wp-json\/wp\/v2\/tags?post=31445"}],"curies":[{"name":"wp","href":"https:\/\/api.w.org\/{rel}","templated":true}]}}