{"id":31408,"date":"2023-06-09T22:34:15","date_gmt":"2023-06-09T20:34:15","guid":{"rendered":"https:\/\/ujofotodesign.ch\/?p=31408"},"modified":"2023-08-01T17:21:39","modified_gmt":"2023-08-01T15:21:39","slug":"2023-06-new-york-trilogie-ii-menschen","status":"publish","type":"post","link":"https:\/\/ujofotodesign.ch\/de\/2023-06-new-york-trilogie-ii-menschen\/","title":{"rendered":"2023 06 NEW YORK TRILOGIE \u2013 II. Menschen"},"content":{"rendered":"\n<p>St\u00e4dte werden von Menschen gemacht. Das gilt nat\u00fcrlich auch f\u00fcr New York. Seien es die Polizisten, die den Verkehr regeln und eine Show abliefern, die fast mit den Breakdancern auf dem Times Square konkurrieren kann.  Selbstdarstellung ist eine Art Hobby, Selfies werden \u00fcberall von allen gemacht. Manche w\u00e4hlen das n\u00e4chtliche Panorama vom Rockefeller Center als Hintergrund, andere die LED-Version des Sternenbanners \u2013 aber wissen sie, dass dieses ein Rekrutierungsb\u00fcro f\u00fcr das US-Milit\u00e4r schm\u00fcckt? Der Rikscha-Fahrer pumpt Luft in die Reifen seines Fahrzeugs, um es f\u00fcr die n\u00e4chsten Kunden seiner touristischen Stadtrundfahrten vorzubereiten. Werden sich die Fahrg\u00e4ste mehr auf ihr Handy als auf ihre Umgebung konzentrieren, wie die Frau in der U-Bahn?<\/p>\n\n\n\n<p><\/p>\n\n\n<div class=\"wp-block-image\">\n<figure class=\"aligncenter size-large\"><img decoding=\"async\" loading=\"lazy\" width=\"802\" height=\"1024\" src=\"https:\/\/ujofotodesign.ch\/wp-content\/uploads\/2023\/06\/mr5_i4a8057_bw_framed-802x1024.jpg\" alt=\"\" class=\"wp-image-31395\" srcset=\"https:\/\/ujofotodesign.ch\/wp-content\/uploads\/2023\/06\/mr5_i4a8057_bw_framed-802x1024.jpg 802w, https:\/\/ujofotodesign.ch\/wp-content\/uploads\/2023\/06\/mr5_i4a8057_bw_framed-235x300.jpg 235w, https:\/\/ujofotodesign.ch\/wp-content\/uploads\/2023\/06\/mr5_i4a8057_bw_framed-768x981.jpg 768w, https:\/\/ujofotodesign.ch\/wp-content\/uploads\/2023\/06\/mr5_i4a8057_bw_framed-1202x1536.jpg 1202w, https:\/\/ujofotodesign.ch\/wp-content\/uploads\/2023\/06\/mr5_i4a8057_bw_framed-scaled.jpg 1603w\" sizes=\"(max-width: 802px) 100vw, 802px\" \/><\/figure><\/div>\n\n\n<p><\/p>\n\n\n<div class=\"wp-block-image\">\n<figure class=\"aligncenter size-large\"><img decoding=\"async\" loading=\"lazy\" width=\"802\" height=\"1024\" src=\"https:\/\/ujofotodesign.ch\/wp-content\/uploads\/2023\/06\/mr5_i4a8058_bw_framed-802x1024.jpg\" alt=\"\" class=\"wp-image-31396\" srcset=\"https:\/\/ujofotodesign.ch\/wp-content\/uploads\/2023\/06\/mr5_i4a8058_bw_framed-802x1024.jpg 802w, https:\/\/ujofotodesign.ch\/wp-content\/uploads\/2023\/06\/mr5_i4a8058_bw_framed-235x300.jpg 235w, https:\/\/ujofotodesign.ch\/wp-content\/uploads\/2023\/06\/mr5_i4a8058_bw_framed-768x981.jpg 768w, https:\/\/ujofotodesign.ch\/wp-content\/uploads\/2023\/06\/mr5_i4a8058_bw_framed-1202x1536.jpg 1202w, https:\/\/ujofotodesign.ch\/wp-content\/uploads\/2023\/06\/mr5_i4a8058_bw_framed-scaled.jpg 1603w\" sizes=\"(max-width: 802px) 100vw, 802px\" \/><\/figure><\/div>\n\n\n<p><\/p>\n\n\n<div class=\"wp-block-image\">\n<figure class=\"aligncenter size-large\"><img decoding=\"async\" src=\"https:\/\/ujofotodesign.ch\/wp-content\/uploads\/2023\/06\/mr5_i4a8047_bw_framed-847x1024.jpg\" alt=\"\" class=\"wp-image-31394\"\/><\/figure><\/div>\n\n\n<p><\/p>\n\n\n<div class=\"wp-block-image\">\n<figure class=\"aligncenter size-large\"><img decoding=\"async\" loading=\"lazy\" width=\"1024\" height=\"802\" src=\"https:\/\/ujofotodesign.ch\/wp-content\/uploads\/2023\/06\/mr5_i4a8208_bw_framed-1024x802.jpg\" alt=\"\" class=\"wp-image-31398\" srcset=\"https:\/\/ujofotodesign.ch\/wp-content\/uploads\/2023\/06\/mr5_i4a8208_bw_framed-1024x802.jpg 1024w, https:\/\/ujofotodesign.ch\/wp-content\/uploads\/2023\/06\/mr5_i4a8208_bw_framed-300x235.jpg 300w, https:\/\/ujofotodesign.ch\/wp-content\/uploads\/2023\/06\/mr5_i4a8208_bw_framed-768x601.jpg 768w, https:\/\/ujofotodesign.ch\/wp-content\/uploads\/2023\/06\/mr5_i4a8208_bw_framed-1536x1202.jpg 1536w, https:\/\/ujofotodesign.ch\/wp-content\/uploads\/2023\/06\/mr5_i4a8208_bw_framed-scaled.jpg 2048w\" sizes=\"(max-width: 1024px) 100vw, 1024px\" \/><\/figure><\/div>\n\n\n<p><\/p>\n\n\n<div class=\"wp-block-image\">\n<figure class=\"aligncenter size-large\"><img decoding=\"async\" loading=\"lazy\" width=\"847\" height=\"1024\" src=\"https:\/\/ujofotodesign.ch\/wp-content\/uploads\/2023\/06\/mr5_i4a8336_bw_framed-847x1024.jpg\" alt=\"\" class=\"wp-image-31392\" srcset=\"https:\/\/ujofotodesign.ch\/wp-content\/uploads\/2023\/06\/mr5_i4a8336_bw_framed-847x1024.jpg 847w, https:\/\/ujofotodesign.ch\/wp-content\/uploads\/2023\/06\/mr5_i4a8336_bw_framed-248x300.jpg 248w, https:\/\/ujofotodesign.ch\/wp-content\/uploads\/2023\/06\/mr5_i4a8336_bw_framed-768x928.jpg 768w, https:\/\/ujofotodesign.ch\/wp-content\/uploads\/2023\/06\/mr5_i4a8336_bw_framed-1271x1536.jpg 1271w, https:\/\/ujofotodesign.ch\/wp-content\/uploads\/2023\/06\/mr5_i4a8336_bw_framed-scaled.jpg 1695w\" sizes=\"(max-width: 847px) 100vw, 847px\" \/><\/figure><\/div>\n\n\n<p><\/p>\n\n\n<div class=\"wp-block-image\">\n<figure class=\"aligncenter size-large\"><img decoding=\"async\" loading=\"lazy\" width=\"847\" height=\"1024\" src=\"https:\/\/ujofotodesign.ch\/wp-content\/uploads\/2023\/06\/mr5_i4a8280_bw_framed-847x1024.jpg\" alt=\"\" class=\"wp-image-31390\" srcset=\"https:\/\/ujofotodesign.ch\/wp-content\/uploads\/2023\/06\/mr5_i4a8280_bw_framed-847x1024.jpg 847w, https:\/\/ujofotodesign.ch\/wp-content\/uploads\/2023\/06\/mr5_i4a8280_bw_framed-248x300.jpg 248w, https:\/\/ujofotodesign.ch\/wp-content\/uploads\/2023\/06\/mr5_i4a8280_bw_framed-768x928.jpg 768w, https:\/\/ujofotodesign.ch\/wp-content\/uploads\/2023\/06\/mr5_i4a8280_bw_framed-1271x1536.jpg 1271w, https:\/\/ujofotodesign.ch\/wp-content\/uploads\/2023\/06\/mr5_i4a8280_bw_framed-scaled.jpg 1695w\" sizes=\"(max-width: 847px) 100vw, 847px\" \/><\/figure><\/div>\n\n\n<p><\/p>\n\n\n<div class=\"wp-block-image\">\n<figure class=\"aligncenter size-large\"><img decoding=\"async\" loading=\"lazy\" width=\"1024\" height=\"802\" src=\"https:\/\/ujofotodesign.ch\/wp-content\/uploads\/2023\/06\/mr5_i4a8417_bw_framed-1-1024x802.jpg\" alt=\"\" class=\"wp-image-31403\" srcset=\"https:\/\/ujofotodesign.ch\/wp-content\/uploads\/2023\/06\/mr5_i4a8417_bw_framed-1-1024x802.jpg 1024w, https:\/\/ujofotodesign.ch\/wp-content\/uploads\/2023\/06\/mr5_i4a8417_bw_framed-1-300x235.jpg 300w, https:\/\/ujofotodesign.ch\/wp-content\/uploads\/2023\/06\/mr5_i4a8417_bw_framed-1-768x601.jpg 768w, https:\/\/ujofotodesign.ch\/wp-content\/uploads\/2023\/06\/mr5_i4a8417_bw_framed-1-1536x1202.jpg 1536w, https:\/\/ujofotodesign.ch\/wp-content\/uploads\/2023\/06\/mr5_i4a8417_bw_framed-1-scaled.jpg 2048w\" sizes=\"(max-width: 1024px) 100vw, 1024px\" \/><\/figure><\/div>\n\n\n<p><\/p>\n\n\n\n<blockquote class=\"wp-block-quote has-text-align-center\">\n<p>&#8222;Man kann New York nicht malen, wie es ist, sondern so, wie es sich anf\u00fchlt.&#8220;<\/p>\n<cite>Georgia O&#8217;Keefe, US-Amerikanische K\u00fcnstlerin, 1887-1986<\/cite><\/blockquote>\n\n\n<div class=\"wp-block-image\">\n<figure class=\"aligncenter size-large is-resized\"><img decoding=\"async\" loading=\"lazy\" src=\"https:\/\/ujofotodesign.ch\/wp-content\/uploads\/2019\/10\/ujo-signature-e1571571873324.jpg\" alt=\"\" class=\"wp-image-657\" width=\"157\" height=\"78\"\/><\/figure><\/div>","protected":false},"excerpt":{"rendered":"<p>St\u00e4dte werden von Menschen gemacht. Das gilt nat\u00fcrlich auch f\u00fcr New York. Seien es die Polizisten, die den Verkehr regeln und eine Show abliefern, die fast mit den Breakdancern auf dem Times Square konkurrieren kann. Selbstdarstellung ist eine Art Hobby, Selfies werden \u00fcberall von allen gemacht. Manche w\u00e4hlen das n\u00e4chtliche Panorama vom Rockefeller Center als [&hellip;]<\/p>\n","protected":false},"author":2,"featured_media":31391,"comment_status":"closed","ping_status":"closed","sticky":false,"template":"","format":"standard","meta":[],"categories":[10],"tags":[],"acf":[],"yoast_head":"<!-- This site is optimized with the Yoast SEO plugin v20.12 - https:\/\/yoast.com\/wordpress\/plugins\/seo\/ -->\n<title>2023 06 NEW YORK TRILOGIE \u2013 II. Menschen &bull; ujofotodesign<\/title>\n<meta name=\"robots\" content=\"index, follow, max-snippet:-1, max-image-preview:large, max-video-preview:-1\" \/>\n<link rel=\"canonical\" href=\"https:\/\/ujofotodesign.ch\/de\/2023-06-new-york-trilogie-ii-menschen\/\" \/>\n<meta property=\"og:locale\" content=\"de_DE\" \/>\n<meta property=\"og:type\" content=\"article\" \/>\n<meta property=\"og:title\" content=\"2023 06 NEW YORK TRILOGIE \u2013 II. Menschen &bull; ujofotodesign\" \/>\n<meta property=\"og:description\" content=\"St\u00e4dte werden von Menschen gemacht. Das gilt nat\u00fcrlich auch f\u00fcr New York. Seien es die Polizisten, die den Verkehr regeln und eine Show abliefern, die fast mit den Breakdancern auf dem Times Square konkurrieren kann. Selbstdarstellung ist eine Art Hobby, Selfies werden \u00fcberall von allen gemacht. Manche w\u00e4hlen das n\u00e4chtliche Panorama vom Rockefeller Center als [&hellip;]\" \/>\n<meta property=\"og:url\" content=\"https:\/\/ujofotodesign.ch\/de\/2023-06-new-york-trilogie-ii-menschen\/\" \/>\n<meta property=\"og:site_name\" content=\"ujofotodesign\" \/>\n<meta property=\"article:published_time\" content=\"2023-06-09T20:34:15+00:00\" \/>\n<meta property=\"article:modified_time\" content=\"2023-08-01T15:21:39+00:00\" \/>\n<meta property=\"og:image\" content=\"https:\/\/ujofotodesign.ch\/wp-content\/uploads\/2023\/06\/mr5_i4a8322_bw_framed-scaled.jpg\" \/>\n\t<meta property=\"og:image:width\" content=\"2048\" \/>\n\t<meta property=\"og:image:height\" content=\"1603\" \/>\n\t<meta property=\"og:image:type\" content=\"image\/jpeg\" \/>\n<meta name=\"author\" content=\"Ulrich Jousten\" \/>\n<meta name=\"twitter:card\" content=\"summary_large_image\" \/>\n<meta name=\"twitter:label1\" content=\"Verfasst von\" \/>\n\t<meta name=\"twitter:data1\" content=\"Ulrich Jousten\" \/>\n\t<meta name=\"twitter:label2\" content=\"Gesch\u00e4tzte Lesezeit\" \/>\n\t<meta name=\"twitter:data2\" content=\"3 Minuten\" \/>\n<script type=\"application\/ld+json\" class=\"yoast-schema-graph\">{\"@context\":\"https:\/\/schema.org\",\"@graph\":[{\"@type\":\"Article\",\"@id\":\"https:\/\/ujofotodesign.ch\/de\/2023-06-new-york-trilogie-ii-menschen\/#article\",\"isPartOf\":{\"@id\":\"https:\/\/ujofotodesign.ch\/de\/2023-06-new-york-trilogie-ii-menschen\/\"},\"author\":{\"name\":\"Ulrich Jousten\",\"@id\":\"https:\/\/ujofotodesign.ch\/de\/#\/schema\/person\/bece9dc9b9c82b781fbf996a923e4695\"},\"headline\":\"2023 06 NEW YORK TRILOGIE \u2013 II. Menschen\",\"datePublished\":\"2023-06-09T20:34:15+00:00\",\"dateModified\":\"2023-08-01T15:21:39+00:00\",\"mainEntityOfPage\":{\"@id\":\"https:\/\/ujofotodesign.ch\/de\/2023-06-new-york-trilogie-ii-menschen\/\"},\"wordCount\":150,\"publisher\":{\"@id\":\"https:\/\/ujofotodesign.ch\/de\/#\/schema\/person\/bece9dc9b9c82b781fbf996a923e4695\"},\"articleSection\":[\"News\"],\"inLanguage\":\"de-DE\"},{\"@type\":\"WebPage\",\"@id\":\"https:\/\/ujofotodesign.ch\/de\/2023-06-new-york-trilogie-ii-menschen\/\",\"url\":\"https:\/\/ujofotodesign.ch\/de\/2023-06-new-york-trilogie-ii-menschen\/\",\"name\":\"2023 06 NEW YORK TRILOGIE \u2013 II. Menschen &bull; ujofotodesign\",\"isPartOf\":{\"@id\":\"https:\/\/ujofotodesign.ch\/de\/#website\"},\"datePublished\":\"2023-06-09T20:34:15+00:00\",\"dateModified\":\"2023-08-01T15:21:39+00:00\",\"breadcrumb\":{\"@id\":\"https:\/\/ujofotodesign.ch\/de\/2023-06-new-york-trilogie-ii-menschen\/#breadcrumb\"},\"inLanguage\":\"de-DE\",\"potentialAction\":[{\"@type\":\"ReadAction\",\"target\":[\"https:\/\/ujofotodesign.ch\/de\/2023-06-new-york-trilogie-ii-menschen\/\"]}]},{\"@type\":\"BreadcrumbList\",\"@id\":\"https:\/\/ujofotodesign.ch\/de\/2023-06-new-york-trilogie-ii-menschen\/#breadcrumb\",\"itemListElement\":[{\"@type\":\"ListItem\",\"position\":1,\"name\":\"Home\",\"item\":\"https:\/\/ujofotodesign.ch\/de\/\"},{\"@type\":\"ListItem\",\"position\":2,\"name\":\"2023 06 NEW YORK TRILOGIE \u2013 II. Menschen\"}]},{\"@type\":\"WebSite\",\"@id\":\"https:\/\/ujofotodesign.ch\/de\/#website\",\"url\":\"https:\/\/ujofotodesign.ch\/de\/\",\"name\":\"ujofotodesign\",\"description\":\"\",\"publisher\":{\"@id\":\"https:\/\/ujofotodesign.ch\/de\/#\/schema\/person\/bece9dc9b9c82b781fbf996a923e4695\"},\"potentialAction\":[{\"@type\":\"SearchAction\",\"target\":{\"@type\":\"EntryPoint\",\"urlTemplate\":\"https:\/\/ujofotodesign.ch\/de\/?s={search_term_string}\"},\"query-input\":\"required name=search_term_string\"}],\"inLanguage\":\"de-DE\"},{\"@type\":[\"Person\",\"Organization\"],\"@id\":\"https:\/\/ujofotodesign.ch\/de\/#\/schema\/person\/bece9dc9b9c82b781fbf996a923e4695\",\"name\":\"Ulrich Jousten\",\"image\":{\"@type\":\"ImageObject\",\"inLanguage\":\"de-DE\",\"@id\":\"https:\/\/ujofotodesign.ch\/de\/#\/schema\/person\/image\/\",\"url\":\"https:\/\/ujofotodesign.ch\/wp-content\/uploads\/2019\/10\/ujofotodesign-logo.jpg\",\"contentUrl\":\"https:\/\/ujofotodesign.ch\/wp-content\/uploads\/2019\/10\/ujofotodesign-logo.jpg\",\"width\":512,\"height\":512,\"caption\":\"Ulrich Jousten\"},\"logo\":{\"@id\":\"https:\/\/ujofotodesign.ch\/de\/#\/schema\/person\/image\/\"},\"sameAs\":[\"https:\/\/ujofotodesign.ch\"]}]}<\/script>\n<!-- \/ Yoast SEO plugin. -->","yoast_head_json":{"title":"2023 06 NEW YORK TRILOGIE \u2013 II. Menschen &bull; ujofotodesign","robots":{"index":"index","follow":"follow","max-snippet":"max-snippet:-1","max-image-preview":"max-image-preview:large","max-video-preview":"max-video-preview:-1"},"canonical":"https:\/\/ujofotodesign.ch\/de\/2023-06-new-york-trilogie-ii-menschen\/","og_locale":"de_DE","og_type":"article","og_title":"2023 06 NEW YORK TRILOGIE \u2013 II. Menschen &bull; ujofotodesign","og_description":"St\u00e4dte werden von Menschen gemacht. Das gilt nat\u00fcrlich auch f\u00fcr New York. Seien es die Polizisten, die den Verkehr regeln und eine Show abliefern, die fast mit den Breakdancern auf dem Times Square konkurrieren kann. Selbstdarstellung ist eine Art Hobby, Selfies werden \u00fcberall von allen gemacht. Manche w\u00e4hlen das n\u00e4chtliche Panorama vom Rockefeller Center als [&hellip;]","og_url":"https:\/\/ujofotodesign.ch\/de\/2023-06-new-york-trilogie-ii-menschen\/","og_site_name":"ujofotodesign","article_published_time":"2023-06-09T20:34:15+00:00","article_modified_time":"2023-08-01T15:21:39+00:00","og_image":[{"width":2048,"height":1603,"url":"https:\/\/ujofotodesign.ch\/wp-content\/uploads\/2023\/06\/mr5_i4a8322_bw_framed-scaled.jpg","type":"image\/jpeg"}],"author":"Ulrich Jousten","twitter_card":"summary_large_image","twitter_misc":{"Verfasst von":"Ulrich Jousten","Gesch\u00e4tzte Lesezeit":"3 Minuten"},"schema":{"@context":"https:\/\/schema.org","@graph":[{"@type":"Article","@id":"https:\/\/ujofotodesign.ch\/de\/2023-06-new-york-trilogie-ii-menschen\/#article","isPartOf":{"@id":"https:\/\/ujofotodesign.ch\/de\/2023-06-new-york-trilogie-ii-menschen\/"},"author":{"name":"Ulrich Jousten","@id":"https:\/\/ujofotodesign.ch\/de\/#\/schema\/person\/bece9dc9b9c82b781fbf996a923e4695"},"headline":"2023 06 NEW YORK TRILOGIE \u2013 II. Menschen","datePublished":"2023-06-09T20:34:15+00:00","dateModified":"2023-08-01T15:21:39+00:00","mainEntityOfPage":{"@id":"https:\/\/ujofotodesign.ch\/de\/2023-06-new-york-trilogie-ii-menschen\/"},"wordCount":150,"publisher":{"@id":"https:\/\/ujofotodesign.ch\/de\/#\/schema\/person\/bece9dc9b9c82b781fbf996a923e4695"},"articleSection":["News"],"inLanguage":"de-DE"},{"@type":"WebPage","@id":"https:\/\/ujofotodesign.ch\/de\/2023-06-new-york-trilogie-ii-menschen\/","url":"https:\/\/ujofotodesign.ch\/de\/2023-06-new-york-trilogie-ii-menschen\/","name":"2023 06 NEW YORK TRILOGIE \u2013 II. Menschen &bull; ujofotodesign","isPartOf":{"@id":"https:\/\/ujofotodesign.ch\/de\/#website"},"datePublished":"2023-06-09T20:34:15+00:00","dateModified":"2023-08-01T15:21:39+00:00","breadcrumb":{"@id":"https:\/\/ujofotodesign.ch\/de\/2023-06-new-york-trilogie-ii-menschen\/#breadcrumb"},"inLanguage":"de-DE","potentialAction":[{"@type":"ReadAction","target":["https:\/\/ujofotodesign.ch\/de\/2023-06-new-york-trilogie-ii-menschen\/"]}]},{"@type":"BreadcrumbList","@id":"https:\/\/ujofotodesign.ch\/de\/2023-06-new-york-trilogie-ii-menschen\/#breadcrumb","itemListElement":[{"@type":"ListItem","position":1,"name":"Home","item":"https:\/\/ujofotodesign.ch\/de\/"},{"@type":"ListItem","position":2,"name":"2023 06 NEW YORK TRILOGIE \u2013 II. Menschen"}]},{"@type":"WebSite","@id":"https:\/\/ujofotodesign.ch\/de\/#website","url":"https:\/\/ujofotodesign.ch\/de\/","name":"ujofotodesign","description":"","publisher":{"@id":"https:\/\/ujofotodesign.ch\/de\/#\/schema\/person\/bece9dc9b9c82b781fbf996a923e4695"},"potentialAction":[{"@type":"SearchAction","target":{"@type":"EntryPoint","urlTemplate":"https:\/\/ujofotodesign.ch\/de\/?s={search_term_string}"},"query-input":"required name=search_term_string"}],"inLanguage":"de-DE"},{"@type":["Person","Organization"],"@id":"https:\/\/ujofotodesign.ch\/de\/#\/schema\/person\/bece9dc9b9c82b781fbf996a923e4695","name":"Ulrich Jousten","image":{"@type":"ImageObject","inLanguage":"de-DE","@id":"https:\/\/ujofotodesign.ch\/de\/#\/schema\/person\/image\/","url":"https:\/\/ujofotodesign.ch\/wp-content\/uploads\/2019\/10\/ujofotodesign-logo.jpg","contentUrl":"https:\/\/ujofotodesign.ch\/wp-content\/uploads\/2019\/10\/ujofotodesign-logo.jpg","width":512,"height":512,"caption":"Ulrich Jousten"},"logo":{"@id":"https:\/\/ujofotodesign.ch\/de\/#\/schema\/person\/image\/"},"sameAs":["https:\/\/ujofotodesign.ch"]}]}},"_links":{"self":[{"href":"https:\/\/ujofotodesign.ch\/de\/wp-json\/wp\/v2\/posts\/31408"}],"collection":[{"href":"https:\/\/ujofotodesign.ch\/de\/wp-json\/wp\/v2\/posts"}],"about":[{"href":"https:\/\/ujofotodesign.ch\/de\/wp-json\/wp\/v2\/types\/post"}],"author":[{"embeddable":true,"href":"https:\/\/ujofotodesign.ch\/de\/wp-json\/wp\/v2\/users\/2"}],"replies":[{"embeddable":true,"href":"https:\/\/ujofotodesign.ch\/de\/wp-json\/wp\/v2\/comments?post=31408"}],"version-history":[{"count":8,"href":"https:\/\/ujofotodesign.ch\/de\/wp-json\/wp\/v2\/posts\/31408\/revisions"}],"predecessor-version":[{"id":31617,"href":"https:\/\/ujofotodesign.ch\/de\/wp-json\/wp\/v2\/posts\/31408\/revisions\/31617"}],"wp:featuredmedia":[{"embeddable":true,"href":"https:\/\/ujofotodesign.ch\/de\/wp-json\/wp\/v2\/media\/31391"}],"wp:attachment":[{"href":"https:\/\/ujofotodesign.ch\/de\/wp-json\/wp\/v2\/media?parent=31408"}],"wp:term":[{"taxonomy":"category","embeddable":true,"href":"https:\/\/ujofotodesign.ch\/de\/wp-json\/wp\/v2\/categories?post=31408"},{"taxonomy":"post_tag","embeddable":true,"href":"https:\/\/ujofotodesign.ch\/de\/wp-json\/wp\/v2\/tags?post=31408"}],"curies":[{"name":"wp","href":"https:\/\/api.w.org\/{rel}","templated":true}]}}