{"id":31325,"date":"2023-01-29T18:49:48","date_gmt":"2023-01-29T17:49:48","guid":{"rendered":"https:\/\/ujofotodesign.ch\/?p=31325"},"modified":"2023-01-29T18:53:53","modified_gmt":"2023-01-29T17:53:53","slug":"2023-01-wandmalereien-in-sa-paulo","status":"publish","type":"post","link":"https:\/\/ujofotodesign.ch\/de\/2023-01-wandmalereien-in-sa-paulo\/","title":{"rendered":"2023 01 Wandmalereien in S\u00e3o Paulo"},"content":{"rendered":"\n<p>In den letzten zwei Jahren war ich mehrmals auf Gesch\u00e4ftsreisen in der Wirtschaftshauptstadt Brasiliens. Es ist nicht wirklich ein touristischer Hotspot, vergleichbar etwa mit anderen Orten in Brasilien, in der Tat \u00fcberspringen viele Touristen es, da viele andere Orte viel mehr zu bieten haben. Es gibt jedoch einige versteckte Juwelen, wie die skulpturale Architektur von Oscar Niemeyer im Ibirapuera Park oder das Kunstmuseum an der Paulista Avenue. Eine Andere Attraktion sind zweifelsohne die Grafittis, eigentliche Wandgem\u00e4lde, wie im Bereich von &#8222;Beco do Batman&#8220;, Batmans Gasse. In dieser Gasse und in der Umgebung der Villa Madalena werden diese tempor\u00e4ren Wandmalereien st\u00e4ndig erneuert und von lokalen Gemeindemitgliedern unterhalten. Sie unterscheiden sich deutlich von den Spr\u00fchereien, die in anderen Bereichen der Stadt zu finden sind. In Beco do Batman reichen die Gem\u00e4lde von Darstellungen der nat\u00fcrlichen Sch\u00f6nheit Brasiliens \u00fcber comicartige Szenen wie das Treffen von Pel\u00e9, Brasiliens Fu\u00dfballheld, mit eben jenem Batman, bis hin zu psychedelischen Tr\u00e4umen von fliegenden Autos, kubistischen Schmetterlingen in Regenbogenfarben&nbsp; oder baumartigen menschlichen Kreaturen, die in Panik vor neuen Technologien und Invasionen ihrer Heimat fliehen.<\/p>\n\n\n\n<p>Die Gem\u00e4lde begannen mit einer Darstellung von Batman an einer der W\u00e4nde in der Gegend und gaben dem Ort seinen Namen. Heute ist es einer der touristischen Orte mit vielen Bars, Kunstgalerien und dergleichen.<\/p>\n\n\n\n<p><\/p>\n\n\n\n<div class=\"wp-block-image\"><figure class=\"aligncenter size-large\"><img decoding=\"async\" loading=\"lazy\" width=\"1024\" height=\"1024\" src=\"https:\/\/ujofotodesign.ch\/wp-content\/uploads\/2023\/01\/m5_mg_6880-1024x1024.jpg\" alt=\"\" class=\"wp-image-31316\" srcset=\"https:\/\/ujofotodesign.ch\/wp-content\/uploads\/2023\/01\/m5_mg_6880-1024x1024.jpg 1024w, https:\/\/ujofotodesign.ch\/wp-content\/uploads\/2023\/01\/m5_mg_6880-300x300.jpg 300w, https:\/\/ujofotodesign.ch\/wp-content\/uploads\/2023\/01\/m5_mg_6880-150x150.jpg 150w, https:\/\/ujofotodesign.ch\/wp-content\/uploads\/2023\/01\/m5_mg_6880-768x768.jpg 768w, https:\/\/ujofotodesign.ch\/wp-content\/uploads\/2023\/01\/m5_mg_6880-1536x1536.jpg 1536w, https:\/\/ujofotodesign.ch\/wp-content\/uploads\/2023\/01\/m5_mg_6880-scaled.jpg 2048w\" sizes=\"(max-width: 1024px) 100vw, 1024px\" \/><\/figure><\/div>\n\n\n\n<p><\/p>\n\n\n\n<div class=\"wp-block-image\"><figure class=\"aligncenter size-large\"><img decoding=\"async\" loading=\"lazy\" width=\"819\" height=\"1024\" src=\"https:\/\/ujofotodesign.ch\/wp-content\/uploads\/2023\/01\/m5_mg_6864-819x1024.jpg\" alt=\"\" class=\"wp-image-31313\" srcset=\"https:\/\/ujofotodesign.ch\/wp-content\/uploads\/2023\/01\/m5_mg_6864-819x1024.jpg 819w, https:\/\/ujofotodesign.ch\/wp-content\/uploads\/2023\/01\/m5_mg_6864-240x300.jpg 240w, https:\/\/ujofotodesign.ch\/wp-content\/uploads\/2023\/01\/m5_mg_6864-768x960.jpg 768w, https:\/\/ujofotodesign.ch\/wp-content\/uploads\/2023\/01\/m5_mg_6864-1229x1536.jpg 1229w, https:\/\/ujofotodesign.ch\/wp-content\/uploads\/2023\/01\/m5_mg_6864-scaled.jpg 1638w\" sizes=\"(max-width: 819px) 100vw, 819px\" \/><\/figure><\/div>\n\n\n\n<p><\/p>\n\n\n\n<div class=\"wp-block-image\"><figure class=\"aligncenter size-large\"><img decoding=\"async\" loading=\"lazy\" width=\"1024\" height=\"754\" src=\"https:\/\/ujofotodesign.ch\/wp-content\/uploads\/2023\/01\/m5_mg_6858-1024x754.jpg\" alt=\"\" class=\"wp-image-31312\" srcset=\"https:\/\/ujofotodesign.ch\/wp-content\/uploads\/2023\/01\/m5_mg_6858-1024x754.jpg 1024w, https:\/\/ujofotodesign.ch\/wp-content\/uploads\/2023\/01\/m5_mg_6858-300x221.jpg 300w, https:\/\/ujofotodesign.ch\/wp-content\/uploads\/2023\/01\/m5_mg_6858-768x566.jpg 768w, https:\/\/ujofotodesign.ch\/wp-content\/uploads\/2023\/01\/m5_mg_6858-1536x1132.jpg 1536w, https:\/\/ujofotodesign.ch\/wp-content\/uploads\/2023\/01\/m5_mg_6858-scaled.jpg 2048w\" sizes=\"(max-width: 1024px) 100vw, 1024px\" \/><\/figure><\/div>\n\n\n\n<p><\/p>\n\n\n\n<div class=\"wp-block-image\"><figure class=\"aligncenter size-large\"><img decoding=\"async\" loading=\"lazy\" width=\"1024\" height=\"1024\" src=\"https:\/\/ujofotodesign.ch\/wp-content\/uploads\/2023\/01\/m5_mg_6838-1024x1024.jpg\" alt=\"\" class=\"wp-image-31307\" srcset=\"https:\/\/ujofotodesign.ch\/wp-content\/uploads\/2023\/01\/m5_mg_6838-1024x1024.jpg 1024w, https:\/\/ujofotodesign.ch\/wp-content\/uploads\/2023\/01\/m5_mg_6838-300x300.jpg 300w, https:\/\/ujofotodesign.ch\/wp-content\/uploads\/2023\/01\/m5_mg_6838-150x150.jpg 150w, https:\/\/ujofotodesign.ch\/wp-content\/uploads\/2023\/01\/m5_mg_6838-768x768.jpg 768w, https:\/\/ujofotodesign.ch\/wp-content\/uploads\/2023\/01\/m5_mg_6838-1536x1536.jpg 1536w, https:\/\/ujofotodesign.ch\/wp-content\/uploads\/2023\/01\/m5_mg_6838-scaled.jpg 2048w\" sizes=\"(max-width: 1024px) 100vw, 1024px\" \/><\/figure><\/div>\n\n\n\n<p><\/p>\n\n\n\n<div class=\"wp-block-image\"><figure class=\"aligncenter size-large\"><img decoding=\"async\" loading=\"lazy\" width=\"1024\" height=\"1024\" src=\"https:\/\/ujofotodesign.ch\/wp-content\/uploads\/2023\/01\/m5_mg_6815-1024x1024.jpg\" alt=\"\" class=\"wp-image-31302\" srcset=\"https:\/\/ujofotodesign.ch\/wp-content\/uploads\/2023\/01\/m5_mg_6815-1024x1024.jpg 1024w, https:\/\/ujofotodesign.ch\/wp-content\/uploads\/2023\/01\/m5_mg_6815-300x300.jpg 300w, https:\/\/ujofotodesign.ch\/wp-content\/uploads\/2023\/01\/m5_mg_6815-150x150.jpg 150w, https:\/\/ujofotodesign.ch\/wp-content\/uploads\/2023\/01\/m5_mg_6815-768x768.jpg 768w, https:\/\/ujofotodesign.ch\/wp-content\/uploads\/2023\/01\/m5_mg_6815-1536x1536.jpg 1536w, https:\/\/ujofotodesign.ch\/wp-content\/uploads\/2023\/01\/m5_mg_6815-scaled.jpg 2048w\" sizes=\"(max-width: 1024px) 100vw, 1024px\" \/><\/figure><\/div>\n\n\n\n<p><\/p>\n\n\n\n<div class=\"wp-block-image\"><figure class=\"aligncenter size-large\"><img decoding=\"async\" loading=\"lazy\" width=\"1024\" height=\"1024\" src=\"https:\/\/ujofotodesign.ch\/wp-content\/uploads\/2023\/01\/m5_mg_6833-1024x1024.jpg\" alt=\"\" class=\"wp-image-31305\" srcset=\"https:\/\/ujofotodesign.ch\/wp-content\/uploads\/2023\/01\/m5_mg_6833-1024x1024.jpg 1024w, https:\/\/ujofotodesign.ch\/wp-content\/uploads\/2023\/01\/m5_mg_6833-300x300.jpg 300w, https:\/\/ujofotodesign.ch\/wp-content\/uploads\/2023\/01\/m5_mg_6833-150x150.jpg 150w, https:\/\/ujofotodesign.ch\/wp-content\/uploads\/2023\/01\/m5_mg_6833-768x768.jpg 768w, https:\/\/ujofotodesign.ch\/wp-content\/uploads\/2023\/01\/m5_mg_6833-1536x1536.jpg 1536w, https:\/\/ujofotodesign.ch\/wp-content\/uploads\/2023\/01\/m5_mg_6833-scaled.jpg 2048w\" sizes=\"(max-width: 1024px) 100vw, 1024px\" \/><\/figure><\/div>\n\n\n\n<p><\/p>\n\n\n\n<div class=\"wp-block-image\"><figure class=\"aligncenter size-large\"><img decoding=\"async\" loading=\"lazy\" width=\"1024\" height=\"1024\" src=\"https:\/\/ujofotodesign.ch\/wp-content\/uploads\/2023\/01\/m5_mg_6819-1024x1024.jpg\" alt=\"\" class=\"wp-image-31303\" srcset=\"https:\/\/ujofotodesign.ch\/wp-content\/uploads\/2023\/01\/m5_mg_6819-1024x1024.jpg 1024w, https:\/\/ujofotodesign.ch\/wp-content\/uploads\/2023\/01\/m5_mg_6819-300x300.jpg 300w, https:\/\/ujofotodesign.ch\/wp-content\/uploads\/2023\/01\/m5_mg_6819-150x150.jpg 150w, https:\/\/ujofotodesign.ch\/wp-content\/uploads\/2023\/01\/m5_mg_6819-768x768.jpg 768w, https:\/\/ujofotodesign.ch\/wp-content\/uploads\/2023\/01\/m5_mg_6819-1536x1536.jpg 1536w, https:\/\/ujofotodesign.ch\/wp-content\/uploads\/2023\/01\/m5_mg_6819-scaled.jpg 2048w\" sizes=\"(max-width: 1024px) 100vw, 1024px\" \/><\/figure><\/div>\n\n\n\n<p><\/p>\n\n\n\n<div class=\"wp-block-image\"><figure class=\"aligncenter size-large\"><img decoding=\"async\" loading=\"lazy\" width=\"1024\" height=\"1024\" src=\"https:\/\/ujofotodesign.ch\/wp-content\/uploads\/2023\/01\/m5_mg_6808-1024x1024.jpg\" alt=\"\" class=\"wp-image-31301\" srcset=\"https:\/\/ujofotodesign.ch\/wp-content\/uploads\/2023\/01\/m5_mg_6808-1024x1024.jpg 1024w, https:\/\/ujofotodesign.ch\/wp-content\/uploads\/2023\/01\/m5_mg_6808-300x300.jpg 300w, https:\/\/ujofotodesign.ch\/wp-content\/uploads\/2023\/01\/m5_mg_6808-150x150.jpg 150w, https:\/\/ujofotodesign.ch\/wp-content\/uploads\/2023\/01\/m5_mg_6808-768x768.jpg 768w, https:\/\/ujofotodesign.ch\/wp-content\/uploads\/2023\/01\/m5_mg_6808-1536x1536.jpg 1536w, https:\/\/ujofotodesign.ch\/wp-content\/uploads\/2023\/01\/m5_mg_6808-scaled.jpg 2048w\" sizes=\"(max-width: 1024px) 100vw, 1024px\" \/><\/figure><\/div>\n\n\n\n<p><\/p>\n\n\n\n<div class=\"wp-block-image\"><figure class=\"aligncenter size-large\"><img decoding=\"async\" loading=\"lazy\" width=\"1024\" height=\"1024\" src=\"https:\/\/ujofotodesign.ch\/wp-content\/uploads\/2023\/01\/m5_mg_6803-1024x1024.jpg\" alt=\"\" class=\"wp-image-31300\" srcset=\"https:\/\/ujofotodesign.ch\/wp-content\/uploads\/2023\/01\/m5_mg_6803-1024x1024.jpg 1024w, https:\/\/ujofotodesign.ch\/wp-content\/uploads\/2023\/01\/m5_mg_6803-300x300.jpg 300w, https:\/\/ujofotodesign.ch\/wp-content\/uploads\/2023\/01\/m5_mg_6803-150x150.jpg 150w, https:\/\/ujofotodesign.ch\/wp-content\/uploads\/2023\/01\/m5_mg_6803-768x768.jpg 768w, https:\/\/ujofotodesign.ch\/wp-content\/uploads\/2023\/01\/m5_mg_6803-1536x1536.jpg 1536w, https:\/\/ujofotodesign.ch\/wp-content\/uploads\/2023\/01\/m5_mg_6803-scaled.jpg 2048w\" sizes=\"(max-width: 1024px) 100vw, 1024px\" \/><\/figure><\/div>\n\n\n\n<p><\/p>\n\n\n\n<div class=\"wp-block-image\"><figure class=\"aligncenter size-large\"><img decoding=\"async\" loading=\"lazy\" width=\"1024\" height=\"1024\" src=\"https:\/\/ujofotodesign.ch\/wp-content\/uploads\/2023\/01\/m5_mg_6801-1024x1024.jpg\" alt=\"\" class=\"wp-image-31299\" srcset=\"https:\/\/ujofotodesign.ch\/wp-content\/uploads\/2023\/01\/m5_mg_6801-1024x1024.jpg 1024w, https:\/\/ujofotodesign.ch\/wp-content\/uploads\/2023\/01\/m5_mg_6801-300x300.jpg 300w, https:\/\/ujofotodesign.ch\/wp-content\/uploads\/2023\/01\/m5_mg_6801-150x150.jpg 150w, https:\/\/ujofotodesign.ch\/wp-content\/uploads\/2023\/01\/m5_mg_6801-768x768.jpg 768w, https:\/\/ujofotodesign.ch\/wp-content\/uploads\/2023\/01\/m5_mg_6801-1536x1536.jpg 1536w, https:\/\/ujofotodesign.ch\/wp-content\/uploads\/2023\/01\/m5_mg_6801-scaled.jpg 2048w\" sizes=\"(max-width: 1024px) 100vw, 1024px\" \/><\/figure><\/div>\n\n\n\n<p><\/p>\n\n\n\n<blockquote class=\"wp-block-quote has-text-align-center\"><p><em>Graffiti siegt letztendlich \u00fcber die richtige Kunst, weil es Teil Ihrer Stadt wird, es ist ein Werkzeug; &#8222;Ich treffe dich in dieser Kneipe, wei\u00dft du, die gegen\u00fcber der Wand mit dem Bild eines Affen, der eine Kettens\u00e4ge h\u00e4lt.&#8220; Ich meine, wie viel n\u00fctzlicher kann ein Gem\u00e4lde sein als das?<\/em><\/p><cite>Banksy, Strassenk\u00fcnstler, &#8222;Banging Your Head Against a Brick Wall&#8220;- Juni 2003<\/cite><\/blockquote>\n\n\n\n<div class=\"wp-block-image\"><figure class=\"aligncenter size-large is-resized\"><img decoding=\"async\" loading=\"lazy\" src=\"https:\/\/ujofotodesign.ch\/wp-content\/uploads\/2019\/10\/ujo-signature-e1571571873324.jpg\" alt=\"\" class=\"wp-image-657\" width=\"215\" height=\"107\"\/><\/figure><\/div>\n","protected":false},"excerpt":{"rendered":"<p>In den letzten zwei Jahren war ich mehrmals auf Gesch\u00e4ftsreisen in der Wirtschaftshauptstadt Brasiliens. Es ist nicht wirklich ein touristischer Hotspot, vergleichbar etwa mit anderen Orten in Brasilien, in der Tat \u00fcberspringen viele Touristen es, da viele andere Orte viel mehr zu bieten haben. Es gibt jedoch einige versteckte Juwelen, wie die skulpturale Architektur von [&hellip;]<\/p>\n","protected":false},"author":2,"featured_media":31311,"comment_status":"closed","ping_status":"open","sticky":false,"template":"","format":"standard","meta":[],"categories":[10],"tags":[],"acf":[],"yoast_head":"<!-- This site is optimized with the Yoast SEO plugin v20.12 - https:\/\/yoast.com\/wordpress\/plugins\/seo\/ -->\n<title>2023 01 Wandmalereien in S\u00e3o Paulo &bull; ujofotodesign<\/title>\n<meta name=\"robots\" content=\"index, follow, max-snippet:-1, max-image-preview:large, max-video-preview:-1\" \/>\n<link rel=\"canonical\" href=\"https:\/\/ujofotodesign.ch\/de\/2023-01-wandmalereien-in-sa-paulo\/\" \/>\n<meta property=\"og:locale\" content=\"de_DE\" \/>\n<meta property=\"og:type\" content=\"article\" \/>\n<meta property=\"og:title\" content=\"2023 01 Wandmalereien in S\u00e3o Paulo &bull; ujofotodesign\" \/>\n<meta property=\"og:description\" content=\"In den letzten zwei Jahren war ich mehrmals auf Gesch\u00e4ftsreisen in der Wirtschaftshauptstadt Brasiliens. Es ist nicht wirklich ein touristischer Hotspot, vergleichbar etwa mit anderen Orten in Brasilien, in der Tat \u00fcberspringen viele Touristen es, da viele andere Orte viel mehr zu bieten haben. Es gibt jedoch einige versteckte Juwelen, wie die skulpturale Architektur von [&hellip;]\" \/>\n<meta property=\"og:url\" content=\"https:\/\/ujofotodesign.ch\/de\/2023-01-wandmalereien-in-sa-paulo\/\" \/>\n<meta property=\"og:site_name\" content=\"ujofotodesign\" \/>\n<meta property=\"article:published_time\" content=\"2023-01-29T17:49:48+00:00\" \/>\n<meta property=\"article:modified_time\" content=\"2023-01-29T17:53:53+00:00\" \/>\n<meta property=\"og:image\" content=\"https:\/\/ujofotodesign.ch\/wp-content\/uploads\/2023\/01\/m5_mg_6846-scaled.jpg\" \/>\n\t<meta property=\"og:image:width\" content=\"2048\" \/>\n\t<meta property=\"og:image:height\" content=\"2048\" \/>\n\t<meta property=\"og:image:type\" content=\"image\/jpeg\" \/>\n<meta name=\"author\" content=\"Ulrich Jousten\" \/>\n<meta name=\"twitter:card\" content=\"summary_large_image\" \/>\n<meta name=\"twitter:label1\" content=\"Verfasst von\" \/>\n\t<meta name=\"twitter:data1\" content=\"Ulrich Jousten\" \/>\n\t<meta name=\"twitter:label2\" content=\"Gesch\u00e4tzte Lesezeit\" \/>\n\t<meta name=\"twitter:data2\" content=\"4 Minuten\" \/>\n<script type=\"application\/ld+json\" class=\"yoast-schema-graph\">{\"@context\":\"https:\/\/schema.org\",\"@graph\":[{\"@type\":\"Article\",\"@id\":\"https:\/\/ujofotodesign.ch\/de\/2023-01-wandmalereien-in-sa-paulo\/#article\",\"isPartOf\":{\"@id\":\"https:\/\/ujofotodesign.ch\/de\/2023-01-wandmalereien-in-sa-paulo\/\"},\"author\":{\"name\":\"Ulrich Jousten\",\"@id\":\"https:\/\/ujofotodesign.ch\/de\/#\/schema\/person\/bece9dc9b9c82b781fbf996a923e4695\"},\"headline\":\"2023 01 Wandmalereien in S\u00e3o Paulo\",\"datePublished\":\"2023-01-29T17:49:48+00:00\",\"dateModified\":\"2023-01-29T17:53:53+00:00\",\"mainEntityOfPage\":{\"@id\":\"https:\/\/ujofotodesign.ch\/de\/2023-01-wandmalereien-in-sa-paulo\/\"},\"wordCount\":295,\"publisher\":{\"@id\":\"https:\/\/ujofotodesign.ch\/de\/#\/schema\/person\/bece9dc9b9c82b781fbf996a923e4695\"},\"articleSection\":[\"News\"],\"inLanguage\":\"de-DE\"},{\"@type\":\"WebPage\",\"@id\":\"https:\/\/ujofotodesign.ch\/de\/2023-01-wandmalereien-in-sa-paulo\/\",\"url\":\"https:\/\/ujofotodesign.ch\/de\/2023-01-wandmalereien-in-sa-paulo\/\",\"name\":\"2023 01 Wandmalereien in S\u00e3o Paulo &bull; ujofotodesign\",\"isPartOf\":{\"@id\":\"https:\/\/ujofotodesign.ch\/de\/#website\"},\"datePublished\":\"2023-01-29T17:49:48+00:00\",\"dateModified\":\"2023-01-29T17:53:53+00:00\",\"breadcrumb\":{\"@id\":\"https:\/\/ujofotodesign.ch\/de\/2023-01-wandmalereien-in-sa-paulo\/#breadcrumb\"},\"inLanguage\":\"de-DE\",\"potentialAction\":[{\"@type\":\"ReadAction\",\"target\":[\"https:\/\/ujofotodesign.ch\/de\/2023-01-wandmalereien-in-sa-paulo\/\"]}]},{\"@type\":\"BreadcrumbList\",\"@id\":\"https:\/\/ujofotodesign.ch\/de\/2023-01-wandmalereien-in-sa-paulo\/#breadcrumb\",\"itemListElement\":[{\"@type\":\"ListItem\",\"position\":1,\"name\":\"Home\",\"item\":\"https:\/\/ujofotodesign.ch\/de\/\"},{\"@type\":\"ListItem\",\"position\":2,\"name\":\"2023 01 Wandmalereien in S\u00e3o Paulo\"}]},{\"@type\":\"WebSite\",\"@id\":\"https:\/\/ujofotodesign.ch\/de\/#website\",\"url\":\"https:\/\/ujofotodesign.ch\/de\/\",\"name\":\"ujofotodesign\",\"description\":\"\",\"publisher\":{\"@id\":\"https:\/\/ujofotodesign.ch\/de\/#\/schema\/person\/bece9dc9b9c82b781fbf996a923e4695\"},\"potentialAction\":[{\"@type\":\"SearchAction\",\"target\":{\"@type\":\"EntryPoint\",\"urlTemplate\":\"https:\/\/ujofotodesign.ch\/de\/?s={search_term_string}\"},\"query-input\":\"required name=search_term_string\"}],\"inLanguage\":\"de-DE\"},{\"@type\":[\"Person\",\"Organization\"],\"@id\":\"https:\/\/ujofotodesign.ch\/de\/#\/schema\/person\/bece9dc9b9c82b781fbf996a923e4695\",\"name\":\"Ulrich Jousten\",\"image\":{\"@type\":\"ImageObject\",\"inLanguage\":\"de-DE\",\"@id\":\"https:\/\/ujofotodesign.ch\/de\/#\/schema\/person\/image\/\",\"url\":\"https:\/\/ujofotodesign.ch\/wp-content\/uploads\/2019\/10\/ujofotodesign-logo.jpg\",\"contentUrl\":\"https:\/\/ujofotodesign.ch\/wp-content\/uploads\/2019\/10\/ujofotodesign-logo.jpg\",\"width\":512,\"height\":512,\"caption\":\"Ulrich Jousten\"},\"logo\":{\"@id\":\"https:\/\/ujofotodesign.ch\/de\/#\/schema\/person\/image\/\"},\"sameAs\":[\"https:\/\/ujofotodesign.ch\"]}]}<\/script>\n<!-- \/ Yoast SEO plugin. -->","yoast_head_json":{"title":"2023 01 Wandmalereien in S\u00e3o Paulo &bull; ujofotodesign","robots":{"index":"index","follow":"follow","max-snippet":"max-snippet:-1","max-image-preview":"max-image-preview:large","max-video-preview":"max-video-preview:-1"},"canonical":"https:\/\/ujofotodesign.ch\/de\/2023-01-wandmalereien-in-sa-paulo\/","og_locale":"de_DE","og_type":"article","og_title":"2023 01 Wandmalereien in S\u00e3o Paulo &bull; ujofotodesign","og_description":"In den letzten zwei Jahren war ich mehrmals auf Gesch\u00e4ftsreisen in der Wirtschaftshauptstadt Brasiliens. Es ist nicht wirklich ein touristischer Hotspot, vergleichbar etwa mit anderen Orten in Brasilien, in der Tat \u00fcberspringen viele Touristen es, da viele andere Orte viel mehr zu bieten haben. Es gibt jedoch einige versteckte Juwelen, wie die skulpturale Architektur von [&hellip;]","og_url":"https:\/\/ujofotodesign.ch\/de\/2023-01-wandmalereien-in-sa-paulo\/","og_site_name":"ujofotodesign","article_published_time":"2023-01-29T17:49:48+00:00","article_modified_time":"2023-01-29T17:53:53+00:00","og_image":[{"width":2048,"height":2048,"url":"https:\/\/ujofotodesign.ch\/wp-content\/uploads\/2023\/01\/m5_mg_6846-scaled.jpg","type":"image\/jpeg"}],"author":"Ulrich Jousten","twitter_card":"summary_large_image","twitter_misc":{"Verfasst von":"Ulrich Jousten","Gesch\u00e4tzte Lesezeit":"4 Minuten"},"schema":{"@context":"https:\/\/schema.org","@graph":[{"@type":"Article","@id":"https:\/\/ujofotodesign.ch\/de\/2023-01-wandmalereien-in-sa-paulo\/#article","isPartOf":{"@id":"https:\/\/ujofotodesign.ch\/de\/2023-01-wandmalereien-in-sa-paulo\/"},"author":{"name":"Ulrich Jousten","@id":"https:\/\/ujofotodesign.ch\/de\/#\/schema\/person\/bece9dc9b9c82b781fbf996a923e4695"},"headline":"2023 01 Wandmalereien in S\u00e3o Paulo","datePublished":"2023-01-29T17:49:48+00:00","dateModified":"2023-01-29T17:53:53+00:00","mainEntityOfPage":{"@id":"https:\/\/ujofotodesign.ch\/de\/2023-01-wandmalereien-in-sa-paulo\/"},"wordCount":295,"publisher":{"@id":"https:\/\/ujofotodesign.ch\/de\/#\/schema\/person\/bece9dc9b9c82b781fbf996a923e4695"},"articleSection":["News"],"inLanguage":"de-DE"},{"@type":"WebPage","@id":"https:\/\/ujofotodesign.ch\/de\/2023-01-wandmalereien-in-sa-paulo\/","url":"https:\/\/ujofotodesign.ch\/de\/2023-01-wandmalereien-in-sa-paulo\/","name":"2023 01 Wandmalereien in S\u00e3o Paulo &bull; ujofotodesign","isPartOf":{"@id":"https:\/\/ujofotodesign.ch\/de\/#website"},"datePublished":"2023-01-29T17:49:48+00:00","dateModified":"2023-01-29T17:53:53+00:00","breadcrumb":{"@id":"https:\/\/ujofotodesign.ch\/de\/2023-01-wandmalereien-in-sa-paulo\/#breadcrumb"},"inLanguage":"de-DE","potentialAction":[{"@type":"ReadAction","target":["https:\/\/ujofotodesign.ch\/de\/2023-01-wandmalereien-in-sa-paulo\/"]}]},{"@type":"BreadcrumbList","@id":"https:\/\/ujofotodesign.ch\/de\/2023-01-wandmalereien-in-sa-paulo\/#breadcrumb","itemListElement":[{"@type":"ListItem","position":1,"name":"Home","item":"https:\/\/ujofotodesign.ch\/de\/"},{"@type":"ListItem","position":2,"name":"2023 01 Wandmalereien in S\u00e3o Paulo"}]},{"@type":"WebSite","@id":"https:\/\/ujofotodesign.ch\/de\/#website","url":"https:\/\/ujofotodesign.ch\/de\/","name":"ujofotodesign","description":"","publisher":{"@id":"https:\/\/ujofotodesign.ch\/de\/#\/schema\/person\/bece9dc9b9c82b781fbf996a923e4695"},"potentialAction":[{"@type":"SearchAction","target":{"@type":"EntryPoint","urlTemplate":"https:\/\/ujofotodesign.ch\/de\/?s={search_term_string}"},"query-input":"required name=search_term_string"}],"inLanguage":"de-DE"},{"@type":["Person","Organization"],"@id":"https:\/\/ujofotodesign.ch\/de\/#\/schema\/person\/bece9dc9b9c82b781fbf996a923e4695","name":"Ulrich Jousten","image":{"@type":"ImageObject","inLanguage":"de-DE","@id":"https:\/\/ujofotodesign.ch\/de\/#\/schema\/person\/image\/","url":"https:\/\/ujofotodesign.ch\/wp-content\/uploads\/2019\/10\/ujofotodesign-logo.jpg","contentUrl":"https:\/\/ujofotodesign.ch\/wp-content\/uploads\/2019\/10\/ujofotodesign-logo.jpg","width":512,"height":512,"caption":"Ulrich Jousten"},"logo":{"@id":"https:\/\/ujofotodesign.ch\/de\/#\/schema\/person\/image\/"},"sameAs":["https:\/\/ujofotodesign.ch"]}]}},"_links":{"self":[{"href":"https:\/\/ujofotodesign.ch\/de\/wp-json\/wp\/v2\/posts\/31325"}],"collection":[{"href":"https:\/\/ujofotodesign.ch\/de\/wp-json\/wp\/v2\/posts"}],"about":[{"href":"https:\/\/ujofotodesign.ch\/de\/wp-json\/wp\/v2\/types\/post"}],"author":[{"embeddable":true,"href":"https:\/\/ujofotodesign.ch\/de\/wp-json\/wp\/v2\/users\/2"}],"replies":[{"embeddable":true,"href":"https:\/\/ujofotodesign.ch\/de\/wp-json\/wp\/v2\/comments?post=31325"}],"version-history":[{"count":5,"href":"https:\/\/ujofotodesign.ch\/de\/wp-json\/wp\/v2\/posts\/31325\/revisions"}],"predecessor-version":[{"id":31336,"href":"https:\/\/ujofotodesign.ch\/de\/wp-json\/wp\/v2\/posts\/31325\/revisions\/31336"}],"wp:featuredmedia":[{"embeddable":true,"href":"https:\/\/ujofotodesign.ch\/de\/wp-json\/wp\/v2\/media\/31311"}],"wp:attachment":[{"href":"https:\/\/ujofotodesign.ch\/de\/wp-json\/wp\/v2\/media?parent=31325"}],"wp:term":[{"taxonomy":"category","embeddable":true,"href":"https:\/\/ujofotodesign.ch\/de\/wp-json\/wp\/v2\/categories?post=31325"},{"taxonomy":"post_tag","embeddable":true,"href":"https:\/\/ujofotodesign.ch\/de\/wp-json\/wp\/v2\/tags?post=31325"}],"curies":[{"name":"wp","href":"https:\/\/api.w.org\/{rel}","templated":true}]}}