{"id":31268,"date":"2022-12-31T15:13:04","date_gmt":"2022-12-31T14:13:04","guid":{"rendered":"https:\/\/ujofotodesign.ch\/?p=31268"},"modified":"2022-12-31T15:18:02","modified_gmt":"2022-12-31T14:18:02","slug":"2022-12-auf-ein-neues-jahr-und-neue-buecher","status":"publish","type":"post","link":"https:\/\/ujofotodesign.ch\/de\/2022-12-auf-ein-neues-jahr-und-neue-buecher\/","title":{"rendered":"2022 12 Auf ein neues Jahr &#8211; und neue B\u00fccher&#8230;"},"content":{"rendered":"\n<p>Keine Sorge, ich werde nicht \u00fcber all die schlimmen Dinge schreiben, die dieses Jahr passiert sind. Wir alle kennen die traurigen Geschichten, die sich in diesem Jahr ereignet haben. Lasst uns also einfach ein Jahr abhaken und mit gutem Geist und der Hoffnung nach vorne blicken, dass Wahnsinn und Dummheit endlich sind und dass Frieden, Hoffnung und Kreativit\u00e4t dazu beitragen werden, diese Welt in eine bessere Zukunft zu entwickeln.<\/p>\n\n\n\n<p>In diesem Sinne w\u00fcnsche ich Euch allen ein frohes und gesundes neues Jahr, m\u00f6gen Eure Tr\u00e4ume und W\u00fcnsche in Erf\u00fcllung gehen!<\/p>\n\n\n\n<p>Ich m\u00f6chte auch ank\u00fcndigen, dass drei meiner B\u00fccher (deutsche Version) jetzt im Blurb-Shop erh\u00e4ltlich sind. Ihr k\u00f6nnt auf das Bild klicken, um mehr \u00fcber jedes Buch zu erfahren.<\/p>\n\n\n\n<div class=\"wp-block-image\"><figure class=\"aligncenter size-large\"><a href=\"https:\/\/www.blurb.de\/b\/11411688-cities\"><img decoding=\"async\" loading=\"lazy\" width=\"707\" height=\"594\" src=\"https:\/\/ujofotodesign.ch\/wp-content\/uploads\/2022\/12\/cities.jpg\" alt=\"\" class=\"wp-image-31260\" srcset=\"https:\/\/ujofotodesign.ch\/wp-content\/uploads\/2022\/12\/cities.jpg 707w, https:\/\/ujofotodesign.ch\/wp-content\/uploads\/2022\/12\/cities-300x252.jpg 300w\" sizes=\"(max-width: 707px) 100vw, 707px\" \/><\/a><\/figure><\/div>\n\n\n\n<p><\/p>\n\n\n\n<div class=\"wp-block-image\"><figure class=\"aligncenter size-large\"><a href=\"https:\/\/www.blurb.de\/b\/10969232-monochrom\"><img decoding=\"async\" loading=\"lazy\" width=\"707\" height=\"594\" src=\"https:\/\/ujofotodesign.ch\/wp-content\/uploads\/2022\/12\/monochrome.jpeg\" alt=\"\" class=\"wp-image-31262\" srcset=\"https:\/\/ujofotodesign.ch\/wp-content\/uploads\/2022\/12\/monochrome.jpeg 707w, https:\/\/ujofotodesign.ch\/wp-content\/uploads\/2022\/12\/monochrome-300x252.jpeg 300w\" sizes=\"(max-width: 707px) 100vw, 707px\" \/><\/a><\/figure><\/div>\n\n\n\n<p><\/p>\n\n\n\n<figure class=\"wp-block-image size-large\"><a href=\"https:\/\/www.blurb.de\/b\/10471049-grenzen-und-abstraktion\"><img decoding=\"async\" loading=\"lazy\" width=\"707\" height=\"594\" src=\"https:\/\/ujofotodesign.ch\/wp-content\/uploads\/2022\/12\/grenzen.jpeg\" alt=\"\" class=\"wp-image-31261\" srcset=\"https:\/\/ujofotodesign.ch\/wp-content\/uploads\/2022\/12\/grenzen.jpeg 707w, https:\/\/ujofotodesign.ch\/wp-content\/uploads\/2022\/12\/grenzen-300x252.jpeg 300w\" sizes=\"(max-width: 707px) 100vw, 707px\" \/><\/a><\/figure>\n\n\n\n<blockquote class=\"wp-block-quote has-text-align-center\"><p><em>Mehr als die Vergangenheit interessiert mich die Zukunft, <\/em><br><em>denn in ihr gedenke ich zu leben.<\/em><\/p><cite>Albert Einstein, *14 M\u00e4rz 1879, +18 April 1955 &#8211; theoretischer Physiker<\/cite><\/blockquote>\n\n\n\n<div class=\"wp-block-image\"><figure class=\"aligncenter size-large is-resized\"><img decoding=\"async\" loading=\"lazy\" src=\"https:\/\/ujofotodesign.ch\/wp-content\/uploads\/2019\/10\/ujo-signature-e1571571873324.jpg\" alt=\"\" class=\"wp-image-657\" width=\"157\" height=\"78\"\/><\/figure><\/div>\n","protected":false},"excerpt":{"rendered":"<p>Keine Sorge, ich werde nicht \u00fcber all die schlimmen Dinge schreiben, die dieses Jahr passiert sind. Wir alle kennen die traurigen Geschichten, die sich in diesem Jahr ereignet haben. Lasst uns also einfach ein Jahr abhaken und mit gutem Geist und der Hoffnung nach vorne blicken, dass Wahnsinn und Dummheit endlich sind und dass Frieden, [&hellip;]<\/p>\n","protected":false},"author":2,"featured_media":31274,"comment_status":"closed","ping_status":"open","sticky":false,"template":"","format":"standard","meta":[],"categories":[10],"tags":[],"acf":[],"yoast_head":"<!-- This site is optimized with the Yoast SEO plugin v20.12 - https:\/\/yoast.com\/wordpress\/plugins\/seo\/ -->\n<title>2022 12 Auf ein neues Jahr - und neue B\u00fccher... &bull; ujofotodesign<\/title>\n<meta name=\"robots\" content=\"index, follow, max-snippet:-1, max-image-preview:large, max-video-preview:-1\" \/>\n<link rel=\"canonical\" href=\"https:\/\/ujofotodesign.ch\/de\/2022-12-auf-ein-neues-jahr-und-neue-buecher\/\" \/>\n<meta property=\"og:locale\" content=\"de_DE\" \/>\n<meta property=\"og:type\" content=\"article\" \/>\n<meta property=\"og:title\" content=\"2022 12 Auf ein neues Jahr - und neue B\u00fccher... &bull; ujofotodesign\" \/>\n<meta property=\"og:description\" content=\"Keine Sorge, ich werde nicht \u00fcber all die schlimmen Dinge schreiben, die dieses Jahr passiert sind. Wir alle kennen die traurigen Geschichten, die sich in diesem Jahr ereignet haben. Lasst uns also einfach ein Jahr abhaken und mit gutem Geist und der Hoffnung nach vorne blicken, dass Wahnsinn und Dummheit endlich sind und dass Frieden, [&hellip;]\" \/>\n<meta property=\"og:url\" content=\"https:\/\/ujofotodesign.ch\/de\/2022-12-auf-ein-neues-jahr-und-neue-buecher\/\" \/>\n<meta property=\"og:site_name\" content=\"ujofotodesign\" \/>\n<meta property=\"article:published_time\" content=\"2022-12-31T14:13:04+00:00\" \/>\n<meta property=\"article:modified_time\" content=\"2022-12-31T14:18:02+00:00\" \/>\n<meta property=\"og:image\" content=\"https:\/\/ujofotodesign.ch\/wp-content\/uploads\/2022\/12\/christmas-card-2023-small.jpg\" \/>\n\t<meta property=\"og:image:width\" content=\"1675\" \/>\n\t<meta property=\"og:image:height\" content=\"1224\" \/>\n\t<meta property=\"og:image:type\" content=\"image\/jpeg\" \/>\n<meta name=\"author\" content=\"Ulrich Jousten\" \/>\n<meta name=\"twitter:card\" content=\"summary_large_image\" \/>\n<meta name=\"twitter:label1\" content=\"Verfasst von\" \/>\n\t<meta name=\"twitter:data1\" content=\"Ulrich Jousten\" \/>\n\t<meta name=\"twitter:label2\" content=\"Gesch\u00e4tzte Lesezeit\" \/>\n\t<meta name=\"twitter:data2\" content=\"2 Minuten\" \/>\n<script type=\"application\/ld+json\" class=\"yoast-schema-graph\">{\"@context\":\"https:\/\/schema.org\",\"@graph\":[{\"@type\":\"Article\",\"@id\":\"https:\/\/ujofotodesign.ch\/de\/2022-12-auf-ein-neues-jahr-und-neue-buecher\/#article\",\"isPartOf\":{\"@id\":\"https:\/\/ujofotodesign.ch\/de\/2022-12-auf-ein-neues-jahr-und-neue-buecher\/\"},\"author\":{\"name\":\"Ulrich Jousten\",\"@id\":\"https:\/\/ujofotodesign.ch\/de\/#\/schema\/person\/bece9dc9b9c82b781fbf996a923e4695\"},\"headline\":\"2022 12 Auf ein neues Jahr &#8211; und neue B\u00fccher&#8230;\",\"datePublished\":\"2022-12-31T14:13:04+00:00\",\"dateModified\":\"2022-12-31T14:18:02+00:00\",\"mainEntityOfPage\":{\"@id\":\"https:\/\/ujofotodesign.ch\/de\/2022-12-auf-ein-neues-jahr-und-neue-buecher\/\"},\"wordCount\":161,\"publisher\":{\"@id\":\"https:\/\/ujofotodesign.ch\/de\/#\/schema\/person\/bece9dc9b9c82b781fbf996a923e4695\"},\"articleSection\":[\"News\"],\"inLanguage\":\"de-DE\"},{\"@type\":\"WebPage\",\"@id\":\"https:\/\/ujofotodesign.ch\/de\/2022-12-auf-ein-neues-jahr-und-neue-buecher\/\",\"url\":\"https:\/\/ujofotodesign.ch\/de\/2022-12-auf-ein-neues-jahr-und-neue-buecher\/\",\"name\":\"2022 12 Auf ein neues Jahr - und neue B\u00fccher... &bull; ujofotodesign\",\"isPartOf\":{\"@id\":\"https:\/\/ujofotodesign.ch\/de\/#website\"},\"datePublished\":\"2022-12-31T14:13:04+00:00\",\"dateModified\":\"2022-12-31T14:18:02+00:00\",\"breadcrumb\":{\"@id\":\"https:\/\/ujofotodesign.ch\/de\/2022-12-auf-ein-neues-jahr-und-neue-buecher\/#breadcrumb\"},\"inLanguage\":\"de-DE\",\"potentialAction\":[{\"@type\":\"ReadAction\",\"target\":[\"https:\/\/ujofotodesign.ch\/de\/2022-12-auf-ein-neues-jahr-und-neue-buecher\/\"]}]},{\"@type\":\"BreadcrumbList\",\"@id\":\"https:\/\/ujofotodesign.ch\/de\/2022-12-auf-ein-neues-jahr-und-neue-buecher\/#breadcrumb\",\"itemListElement\":[{\"@type\":\"ListItem\",\"position\":1,\"name\":\"Home\",\"item\":\"https:\/\/ujofotodesign.ch\/de\/\"},{\"@type\":\"ListItem\",\"position\":2,\"name\":\"2022 12 Auf ein neues Jahr &#8211; und neue B\u00fccher&#8230;\"}]},{\"@type\":\"WebSite\",\"@id\":\"https:\/\/ujofotodesign.ch\/de\/#website\",\"url\":\"https:\/\/ujofotodesign.ch\/de\/\",\"name\":\"ujofotodesign\",\"description\":\"\",\"publisher\":{\"@id\":\"https:\/\/ujofotodesign.ch\/de\/#\/schema\/person\/bece9dc9b9c82b781fbf996a923e4695\"},\"potentialAction\":[{\"@type\":\"SearchAction\",\"target\":{\"@type\":\"EntryPoint\",\"urlTemplate\":\"https:\/\/ujofotodesign.ch\/de\/?s={search_term_string}\"},\"query-input\":\"required name=search_term_string\"}],\"inLanguage\":\"de-DE\"},{\"@type\":[\"Person\",\"Organization\"],\"@id\":\"https:\/\/ujofotodesign.ch\/de\/#\/schema\/person\/bece9dc9b9c82b781fbf996a923e4695\",\"name\":\"Ulrich Jousten\",\"image\":{\"@type\":\"ImageObject\",\"inLanguage\":\"de-DE\",\"@id\":\"https:\/\/ujofotodesign.ch\/de\/#\/schema\/person\/image\/\",\"url\":\"https:\/\/ujofotodesign.ch\/wp-content\/uploads\/2019\/10\/ujofotodesign-logo.jpg\",\"contentUrl\":\"https:\/\/ujofotodesign.ch\/wp-content\/uploads\/2019\/10\/ujofotodesign-logo.jpg\",\"width\":512,\"height\":512,\"caption\":\"Ulrich Jousten\"},\"logo\":{\"@id\":\"https:\/\/ujofotodesign.ch\/de\/#\/schema\/person\/image\/\"},\"sameAs\":[\"https:\/\/ujofotodesign.ch\"]}]}<\/script>\n<!-- \/ Yoast SEO plugin. -->","yoast_head_json":{"title":"2022 12 Auf ein neues Jahr - und neue B\u00fccher... &bull; ujofotodesign","robots":{"index":"index","follow":"follow","max-snippet":"max-snippet:-1","max-image-preview":"max-image-preview:large","max-video-preview":"max-video-preview:-1"},"canonical":"https:\/\/ujofotodesign.ch\/de\/2022-12-auf-ein-neues-jahr-und-neue-buecher\/","og_locale":"de_DE","og_type":"article","og_title":"2022 12 Auf ein neues Jahr - und neue B\u00fccher... &bull; ujofotodesign","og_description":"Keine Sorge, ich werde nicht \u00fcber all die schlimmen Dinge schreiben, die dieses Jahr passiert sind. Wir alle kennen die traurigen Geschichten, die sich in diesem Jahr ereignet haben. Lasst uns also einfach ein Jahr abhaken und mit gutem Geist und der Hoffnung nach vorne blicken, dass Wahnsinn und Dummheit endlich sind und dass Frieden, [&hellip;]","og_url":"https:\/\/ujofotodesign.ch\/de\/2022-12-auf-ein-neues-jahr-und-neue-buecher\/","og_site_name":"ujofotodesign","article_published_time":"2022-12-31T14:13:04+00:00","article_modified_time":"2022-12-31T14:18:02+00:00","og_image":[{"width":1675,"height":1224,"url":"https:\/\/ujofotodesign.ch\/wp-content\/uploads\/2022\/12\/christmas-card-2023-small.jpg","type":"image\/jpeg"}],"author":"Ulrich Jousten","twitter_card":"summary_large_image","twitter_misc":{"Verfasst von":"Ulrich Jousten","Gesch\u00e4tzte Lesezeit":"2 Minuten"},"schema":{"@context":"https:\/\/schema.org","@graph":[{"@type":"Article","@id":"https:\/\/ujofotodesign.ch\/de\/2022-12-auf-ein-neues-jahr-und-neue-buecher\/#article","isPartOf":{"@id":"https:\/\/ujofotodesign.ch\/de\/2022-12-auf-ein-neues-jahr-und-neue-buecher\/"},"author":{"name":"Ulrich Jousten","@id":"https:\/\/ujofotodesign.ch\/de\/#\/schema\/person\/bece9dc9b9c82b781fbf996a923e4695"},"headline":"2022 12 Auf ein neues Jahr &#8211; und neue B\u00fccher&#8230;","datePublished":"2022-12-31T14:13:04+00:00","dateModified":"2022-12-31T14:18:02+00:00","mainEntityOfPage":{"@id":"https:\/\/ujofotodesign.ch\/de\/2022-12-auf-ein-neues-jahr-und-neue-buecher\/"},"wordCount":161,"publisher":{"@id":"https:\/\/ujofotodesign.ch\/de\/#\/schema\/person\/bece9dc9b9c82b781fbf996a923e4695"},"articleSection":["News"],"inLanguage":"de-DE"},{"@type":"WebPage","@id":"https:\/\/ujofotodesign.ch\/de\/2022-12-auf-ein-neues-jahr-und-neue-buecher\/","url":"https:\/\/ujofotodesign.ch\/de\/2022-12-auf-ein-neues-jahr-und-neue-buecher\/","name":"2022 12 Auf ein neues Jahr - und neue B\u00fccher... &bull; ujofotodesign","isPartOf":{"@id":"https:\/\/ujofotodesign.ch\/de\/#website"},"datePublished":"2022-12-31T14:13:04+00:00","dateModified":"2022-12-31T14:18:02+00:00","breadcrumb":{"@id":"https:\/\/ujofotodesign.ch\/de\/2022-12-auf-ein-neues-jahr-und-neue-buecher\/#breadcrumb"},"inLanguage":"de-DE","potentialAction":[{"@type":"ReadAction","target":["https:\/\/ujofotodesign.ch\/de\/2022-12-auf-ein-neues-jahr-und-neue-buecher\/"]}]},{"@type":"BreadcrumbList","@id":"https:\/\/ujofotodesign.ch\/de\/2022-12-auf-ein-neues-jahr-und-neue-buecher\/#breadcrumb","itemListElement":[{"@type":"ListItem","position":1,"name":"Home","item":"https:\/\/ujofotodesign.ch\/de\/"},{"@type":"ListItem","position":2,"name":"2022 12 Auf ein neues Jahr &#8211; und neue B\u00fccher&#8230;"}]},{"@type":"WebSite","@id":"https:\/\/ujofotodesign.ch\/de\/#website","url":"https:\/\/ujofotodesign.ch\/de\/","name":"ujofotodesign","description":"","publisher":{"@id":"https:\/\/ujofotodesign.ch\/de\/#\/schema\/person\/bece9dc9b9c82b781fbf996a923e4695"},"potentialAction":[{"@type":"SearchAction","target":{"@type":"EntryPoint","urlTemplate":"https:\/\/ujofotodesign.ch\/de\/?s={search_term_string}"},"query-input":"required name=search_term_string"}],"inLanguage":"de-DE"},{"@type":["Person","Organization"],"@id":"https:\/\/ujofotodesign.ch\/de\/#\/schema\/person\/bece9dc9b9c82b781fbf996a923e4695","name":"Ulrich Jousten","image":{"@type":"ImageObject","inLanguage":"de-DE","@id":"https:\/\/ujofotodesign.ch\/de\/#\/schema\/person\/image\/","url":"https:\/\/ujofotodesign.ch\/wp-content\/uploads\/2019\/10\/ujofotodesign-logo.jpg","contentUrl":"https:\/\/ujofotodesign.ch\/wp-content\/uploads\/2019\/10\/ujofotodesign-logo.jpg","width":512,"height":512,"caption":"Ulrich Jousten"},"logo":{"@id":"https:\/\/ujofotodesign.ch\/de\/#\/schema\/person\/image\/"},"sameAs":["https:\/\/ujofotodesign.ch"]}]}},"_links":{"self":[{"href":"https:\/\/ujofotodesign.ch\/de\/wp-json\/wp\/v2\/posts\/31268"}],"collection":[{"href":"https:\/\/ujofotodesign.ch\/de\/wp-json\/wp\/v2\/posts"}],"about":[{"href":"https:\/\/ujofotodesign.ch\/de\/wp-json\/wp\/v2\/types\/post"}],"author":[{"embeddable":true,"href":"https:\/\/ujofotodesign.ch\/de\/wp-json\/wp\/v2\/users\/2"}],"replies":[{"embeddable":true,"href":"https:\/\/ujofotodesign.ch\/de\/wp-json\/wp\/v2\/comments?post=31268"}],"version-history":[{"count":2,"href":"https:\/\/ujofotodesign.ch\/de\/wp-json\/wp\/v2\/posts\/31268\/revisions"}],"predecessor-version":[{"id":31272,"href":"https:\/\/ujofotodesign.ch\/de\/wp-json\/wp\/v2\/posts\/31268\/revisions\/31272"}],"wp:featuredmedia":[{"embeddable":true,"href":"https:\/\/ujofotodesign.ch\/de\/wp-json\/wp\/v2\/media\/31274"}],"wp:attachment":[{"href":"https:\/\/ujofotodesign.ch\/de\/wp-json\/wp\/v2\/media?parent=31268"}],"wp:term":[{"taxonomy":"category","embeddable":true,"href":"https:\/\/ujofotodesign.ch\/de\/wp-json\/wp\/v2\/categories?post=31268"},{"taxonomy":"post_tag","embeddable":true,"href":"https:\/\/ujofotodesign.ch\/de\/wp-json\/wp\/v2\/tags?post=31268"}],"curies":[{"name":"wp","href":"https:\/\/api.w.org\/{rel}","templated":true}]}}