{"id":31235,"date":"2022-11-06T14:44:11","date_gmt":"2022-11-06T13:44:11","guid":{"rendered":"https:\/\/ujofotodesign.ch\/?p=31235"},"modified":"2022-11-06T14:44:18","modified_gmt":"2022-11-06T13:44:18","slug":"2022-11-italienische-geschichten","status":"publish","type":"post","link":"https:\/\/ujofotodesign.ch\/de\/2022-11-italienische-geschichten\/","title":{"rendered":"2022 11 Italienische Geschichten"},"content":{"rendered":"\n<p>In diesem Jahr waren die Ferien Italienisch. Drei unterschiedliche Gegenden in 3 Wochen. Zuerst in die Toskana &#8211; nach Scarlino, bei Massa Maritma &#8211; dann, nach einer Woche bei der Arbeit &#8211; zum Gardasee und anschliessend &#8211; vor dem schlechten Wettter fliehend &#8211; eine Woche im Piemont. <\/p>\n\n\n\n<p>Jeder Ort hat seine Geschichten. Seen und Fl\u00fcssen mit ihrem niedrigen Wasserspiegel berichten vom trockenen und heissen Sommer in diesem Jahr. <\/p>\n\n\n\n<p>Fussball ist immer noch der Sprot Nr. 1. Trotz der lamentablen Leistung der italienischen Nationalmannschaft. Jedes Dorf hat seinen Fussballplatz, manchmal an den aussergew\u00f6hnlichsten Orten. Die Aufmerksamkeit wird da rasch auf die wunderbare Landschaft im Hintergrund abgelenkt. <\/p>\n\n\n\n<p>Die Dorfbewohner bewahren ihre Geheimnisse hinter verschlossenen T\u00fcren. Die zuf\u00e4llig offenen Garagentore gew\u00e4hren einen heimlichen Blick. <\/p>\n\n\n\n<p>Die Dorfkirche ist zum Degustationslokal und Einkaufsladen f\u00fcr die lokalen Weine und spezialit\u00e4ten mutiert. <\/p>\n\n\n\n<p>\u00dcberhaupt scheint die Bedeutung der Kirche zu schrumpfen, w\u00e4hrend der Verkehr \u00fcber die Br\u00fccke dar\u00fcber weg gef\u00fchrt wird &#8211; der neue Gott der Mobilit\u00e4t schaut arrogant auf seinen Vorg\u00e4nger herab&#8230;.<\/p>\n\n\n\n<p><\/p>\n\n\n\n<div class=\"wp-block-image\"><figure class=\"aligncenter size-large\"><img decoding=\"async\" loading=\"lazy\" width=\"768\" height=\"1024\" src=\"https:\/\/ujofotodesign.ch\/wp-content\/uploads\/2022\/11\/mr5_i4a5192-768x1024.jpg\" alt=\"\" class=\"wp-image-31215\" srcset=\"https:\/\/ujofotodesign.ch\/wp-content\/uploads\/2022\/11\/mr5_i4a5192-768x1024.jpg 768w, https:\/\/ujofotodesign.ch\/wp-content\/uploads\/2022\/11\/mr5_i4a5192-225x300.jpg 225w, https:\/\/ujofotodesign.ch\/wp-content\/uploads\/2022\/11\/mr5_i4a5192-1152x1536.jpg 1152w, https:\/\/ujofotodesign.ch\/wp-content\/uploads\/2022\/11\/mr5_i4a5192-scaled.jpg 1536w\" sizes=\"(max-width: 768px) 100vw, 768px\" \/><\/figure><\/div>\n\n\n\n<p><\/p>\n\n\n\n<div class=\"wp-block-image\"><figure class=\"aligncenter size-large\"><img decoding=\"async\" loading=\"lazy\" width=\"768\" height=\"1024\" src=\"https:\/\/ujofotodesign.ch\/wp-content\/uploads\/2022\/11\/mr5_i4a5198-768x1024.jpg\" alt=\"\" class=\"wp-image-31214\" srcset=\"https:\/\/ujofotodesign.ch\/wp-content\/uploads\/2022\/11\/mr5_i4a5198-768x1024.jpg 768w, https:\/\/ujofotodesign.ch\/wp-content\/uploads\/2022\/11\/mr5_i4a5198-225x300.jpg 225w, https:\/\/ujofotodesign.ch\/wp-content\/uploads\/2022\/11\/mr5_i4a5198-1152x1536.jpg 1152w, https:\/\/ujofotodesign.ch\/wp-content\/uploads\/2022\/11\/mr5_i4a5198-scaled.jpg 1536w\" sizes=\"(max-width: 768px) 100vw, 768px\" \/><\/figure><\/div>\n\n\n\n<p><\/p>\n\n\n\n<div class=\"wp-block-image\"><figure class=\"aligncenter size-large\"><img decoding=\"async\" loading=\"lazy\" width=\"1024\" height=\"768\" src=\"https:\/\/ujofotodesign.ch\/wp-content\/uploads\/2022\/11\/mr5_i4a5227-1-1024x768.jpg\" alt=\"\" class=\"wp-image-31216\" srcset=\"https:\/\/ujofotodesign.ch\/wp-content\/uploads\/2022\/11\/mr5_i4a5227-1-1024x768.jpg 1024w, https:\/\/ujofotodesign.ch\/wp-content\/uploads\/2022\/11\/mr5_i4a5227-1-300x225.jpg 300w, https:\/\/ujofotodesign.ch\/wp-content\/uploads\/2022\/11\/mr5_i4a5227-1-768x576.jpg 768w, https:\/\/ujofotodesign.ch\/wp-content\/uploads\/2022\/11\/mr5_i4a5227-1-1536x1152.jpg 1536w, https:\/\/ujofotodesign.ch\/wp-content\/uploads\/2022\/11\/mr5_i4a5227-1-scaled.jpg 2048w\" sizes=\"(max-width: 1024px) 100vw, 1024px\" \/><\/figure><\/div>\n\n\n\n<p><\/p>\n\n\n\n<figure class=\"wp-block-gallery aligncenter columns-3 is-cropped wp-block-gallery-1 is-layout-flex\"><ul class=\"blocks-gallery-grid\"><li class=\"blocks-gallery-item\"><figure><img decoding=\"async\" loading=\"lazy\" width=\"1024\" height=\"768\" src=\"https:\/\/ujofotodesign.ch\/wp-content\/uploads\/2022\/11\/mr5_i4a5082-1024x768.jpg\" alt=\"\" data-id=\"31200\" data-full-url=\"https:\/\/ujofotodesign.ch\/wp-content\/uploads\/2022\/11\/mr5_i4a5082-scaled.jpg\" data-link=\"https:\/\/ujofotodesign.ch\/?attachment_id=31200\" class=\"wp-image-31200\" srcset=\"https:\/\/ujofotodesign.ch\/wp-content\/uploads\/2022\/11\/mr5_i4a5082-1024x768.jpg 1024w, https:\/\/ujofotodesign.ch\/wp-content\/uploads\/2022\/11\/mr5_i4a5082-300x225.jpg 300w, https:\/\/ujofotodesign.ch\/wp-content\/uploads\/2022\/11\/mr5_i4a5082-768x576.jpg 768w, https:\/\/ujofotodesign.ch\/wp-content\/uploads\/2022\/11\/mr5_i4a5082-1536x1152.jpg 1536w, https:\/\/ujofotodesign.ch\/wp-content\/uploads\/2022\/11\/mr5_i4a5082-scaled.jpg 2048w\" sizes=\"(max-width: 1024px) 100vw, 1024px\" \/><\/figure><\/li><li class=\"blocks-gallery-item\"><figure><img decoding=\"async\" loading=\"lazy\" width=\"819\" height=\"1024\" src=\"https:\/\/ujofotodesign.ch\/wp-content\/uploads\/2022\/11\/mr5_i4a5083-819x1024.jpg\" alt=\"\" data-id=\"31201\" data-full-url=\"https:\/\/ujofotodesign.ch\/wp-content\/uploads\/2022\/11\/mr5_i4a5083-scaled.jpg\" data-link=\"https:\/\/ujofotodesign.ch\/?attachment_id=31201\" class=\"wp-image-31201\" srcset=\"https:\/\/ujofotodesign.ch\/wp-content\/uploads\/2022\/11\/mr5_i4a5083-819x1024.jpg 819w, https:\/\/ujofotodesign.ch\/wp-content\/uploads\/2022\/11\/mr5_i4a5083-240x300.jpg 240w, https:\/\/ujofotodesign.ch\/wp-content\/uploads\/2022\/11\/mr5_i4a5083-768x960.jpg 768w, https:\/\/ujofotodesign.ch\/wp-content\/uploads\/2022\/11\/mr5_i4a5083-1229x1536.jpg 1229w, https:\/\/ujofotodesign.ch\/wp-content\/uploads\/2022\/11\/mr5_i4a5083-scaled.jpg 1638w\" sizes=\"(max-width: 819px) 100vw, 819px\" \/><\/figure><\/li><li class=\"blocks-gallery-item\"><figure><img decoding=\"async\" loading=\"lazy\" width=\"819\" height=\"1024\" src=\"https:\/\/ujofotodesign.ch\/wp-content\/uploads\/2022\/11\/mr5_i4a5084-819x1024.jpg\" alt=\"\" data-id=\"31202\" data-full-url=\"https:\/\/ujofotodesign.ch\/wp-content\/uploads\/2022\/11\/mr5_i4a5084-scaled.jpg\" data-link=\"https:\/\/ujofotodesign.ch\/?attachment_id=31202\" class=\"wp-image-31202\" srcset=\"https:\/\/ujofotodesign.ch\/wp-content\/uploads\/2022\/11\/mr5_i4a5084-819x1024.jpg 819w, https:\/\/ujofotodesign.ch\/wp-content\/uploads\/2022\/11\/mr5_i4a5084-240x300.jpg 240w, https:\/\/ujofotodesign.ch\/wp-content\/uploads\/2022\/11\/mr5_i4a5084-768x960.jpg 768w, https:\/\/ujofotodesign.ch\/wp-content\/uploads\/2022\/11\/mr5_i4a5084-1229x1536.jpg 1229w, https:\/\/ujofotodesign.ch\/wp-content\/uploads\/2022\/11\/mr5_i4a5084-scaled.jpg 1638w\" sizes=\"(max-width: 819px) 100vw, 819px\" \/><\/figure><\/li><\/ul><\/figure>\n\n\n\n<p><\/p>\n\n\n\n<div class=\"wp-block-image\"><figure class=\"aligncenter size-large\"><img decoding=\"async\" loading=\"lazy\" width=\"1024\" height=\"768\" src=\"https:\/\/ujofotodesign.ch\/wp-content\/uploads\/2022\/11\/mr5_i4a5237-1024x768.jpg\" alt=\"\" class=\"wp-image-31221\" srcset=\"https:\/\/ujofotodesign.ch\/wp-content\/uploads\/2022\/11\/mr5_i4a5237-1024x768.jpg 1024w, https:\/\/ujofotodesign.ch\/wp-content\/uploads\/2022\/11\/mr5_i4a5237-300x225.jpg 300w, https:\/\/ujofotodesign.ch\/wp-content\/uploads\/2022\/11\/mr5_i4a5237-768x576.jpg 768w, https:\/\/ujofotodesign.ch\/wp-content\/uploads\/2022\/11\/mr5_i4a5237-1536x1152.jpg 1536w, https:\/\/ujofotodesign.ch\/wp-content\/uploads\/2022\/11\/mr5_i4a5237-scaled.jpg 2048w\" sizes=\"(max-width: 1024px) 100vw, 1024px\" \/><\/figure><\/div>\n\n\n\n<p><\/p>\n\n\n\n<div class=\"wp-block-image\"><figure class=\"aligncenter size-large\"><img decoding=\"async\" loading=\"lazy\" width=\"1024\" height=\"768\" src=\"https:\/\/ujofotodesign.ch\/wp-content\/uploads\/2022\/11\/mr5_i4a5234-1024x768.jpg\" alt=\"\" class=\"wp-image-31229\" srcset=\"https:\/\/ujofotodesign.ch\/wp-content\/uploads\/2022\/11\/mr5_i4a5234-1024x768.jpg 1024w, https:\/\/ujofotodesign.ch\/wp-content\/uploads\/2022\/11\/mr5_i4a5234-300x225.jpg 300w, https:\/\/ujofotodesign.ch\/wp-content\/uploads\/2022\/11\/mr5_i4a5234-768x576.jpg 768w, https:\/\/ujofotodesign.ch\/wp-content\/uploads\/2022\/11\/mr5_i4a5234-1536x1152.jpg 1536w, https:\/\/ujofotodesign.ch\/wp-content\/uploads\/2022\/11\/mr5_i4a5234-scaled.jpg 2048w\" sizes=\"(max-width: 1024px) 100vw, 1024px\" \/><\/figure><\/div>\n\n\n\n<p><\/p>\n\n\n\n<div class=\"wp-block-image\"><figure class=\"aligncenter size-large\"><img decoding=\"async\" loading=\"lazy\" width=\"768\" height=\"1024\" src=\"https:\/\/ujofotodesign.ch\/wp-content\/uploads\/2022\/11\/mr5_i4a5219-768x1024.jpg\" alt=\"\" class=\"wp-image-31230\" srcset=\"https:\/\/ujofotodesign.ch\/wp-content\/uploads\/2022\/11\/mr5_i4a5219-768x1024.jpg 768w, https:\/\/ujofotodesign.ch\/wp-content\/uploads\/2022\/11\/mr5_i4a5219-225x300.jpg 225w, https:\/\/ujofotodesign.ch\/wp-content\/uploads\/2022\/11\/mr5_i4a5219-1152x1536.jpg 1152w, https:\/\/ujofotodesign.ch\/wp-content\/uploads\/2022\/11\/mr5_i4a5219-scaled.jpg 1536w\" sizes=\"(max-width: 768px) 100vw, 768px\" \/><\/figure><\/div>\n\n\n\n<p><\/p>\n\n\n\n<div class=\"wp-block-image\"><figure class=\"aligncenter size-large\"><img decoding=\"async\" loading=\"lazy\" width=\"1024\" height=\"819\" src=\"https:\/\/ujofotodesign.ch\/wp-content\/uploads\/2022\/11\/mr5_i4a5243-panorama-2-1024x819.jpg\" alt=\"\" class=\"wp-image-31219\" srcset=\"https:\/\/ujofotodesign.ch\/wp-content\/uploads\/2022\/11\/mr5_i4a5243-panorama-2-1024x819.jpg 1024w, https:\/\/ujofotodesign.ch\/wp-content\/uploads\/2022\/11\/mr5_i4a5243-panorama-2-300x240.jpg 300w, https:\/\/ujofotodesign.ch\/wp-content\/uploads\/2022\/11\/mr5_i4a5243-panorama-2-768x614.jpg 768w, https:\/\/ujofotodesign.ch\/wp-content\/uploads\/2022\/11\/mr5_i4a5243-panorama-2-1536x1229.jpg 1536w, https:\/\/ujofotodesign.ch\/wp-content\/uploads\/2022\/11\/mr5_i4a5243-panorama-2-scaled.jpg 2048w\" sizes=\"(max-width: 1024px) 100vw, 1024px\" \/><\/figure><\/div>\n\n\n\n<p><\/p>\n\n\n\n<div class=\"wp-block-image\"><figure class=\"aligncenter size-large\"><img decoding=\"async\" loading=\"lazy\" width=\"768\" height=\"1024\" src=\"https:\/\/ujofotodesign.ch\/wp-content\/uploads\/2022\/11\/mr5_i4a5251-1-768x1024.jpg\" alt=\"\" class=\"wp-image-31220\" srcset=\"https:\/\/ujofotodesign.ch\/wp-content\/uploads\/2022\/11\/mr5_i4a5251-1-768x1024.jpg 768w, https:\/\/ujofotodesign.ch\/wp-content\/uploads\/2022\/11\/mr5_i4a5251-1-225x300.jpg 225w, https:\/\/ujofotodesign.ch\/wp-content\/uploads\/2022\/11\/mr5_i4a5251-1-1152x1536.jpg 1152w, https:\/\/ujofotodesign.ch\/wp-content\/uploads\/2022\/11\/mr5_i4a5251-1-scaled.jpg 1536w\" sizes=\"(max-width: 768px) 100vw, 768px\" \/><\/figure><\/div>\n\n\n\n<p><\/p>\n\n\n\n<div class=\"wp-block-image\"><figure class=\"aligncenter size-large\"><img decoding=\"async\" loading=\"lazy\" width=\"1024\" height=\"892\" src=\"https:\/\/ujofotodesign.ch\/wp-content\/uploads\/2022\/11\/mr5_i4a5253-panorama-1-1024x892.jpg\" alt=\"\" class=\"wp-image-31218\" srcset=\"https:\/\/ujofotodesign.ch\/wp-content\/uploads\/2022\/11\/mr5_i4a5253-panorama-1-1024x892.jpg 1024w, https:\/\/ujofotodesign.ch\/wp-content\/uploads\/2022\/11\/mr5_i4a5253-panorama-1-300x261.jpg 300w, https:\/\/ujofotodesign.ch\/wp-content\/uploads\/2022\/11\/mr5_i4a5253-panorama-1-768x669.jpg 768w, https:\/\/ujofotodesign.ch\/wp-content\/uploads\/2022\/11\/mr5_i4a5253-panorama-1-1536x1338.jpg 1536w, https:\/\/ujofotodesign.ch\/wp-content\/uploads\/2022\/11\/mr5_i4a5253-panorama-1-scaled.jpg 2048w\" sizes=\"(max-width: 1024px) 100vw, 1024px\" \/><\/figure><\/div>\n\n\n\n<p><\/p>\n\n\n\n<blockquote class=\"wp-block-quote has-text-align-center\"><p>Man mag so alt, so gelehrt, so weise und geschmackvoll sein, als man will &#8211; eine Reise nach Italien gibt immer noch dem Geist ein neues Gepr\u00e4ge.<\/p><cite>Georg Christoph Lichtenberg, Deutscher Philosoph and Physiker, 1742 &#8211; 1799<\/cite><\/blockquote>\n\n\n\n<div class=\"wp-block-image\"><figure class=\"aligncenter size-large is-resized\"><img decoding=\"async\" loading=\"lazy\" src=\"https:\/\/ujofotodesign.ch\/wp-content\/uploads\/2019\/10\/ujo-signature-e1571571873324.jpg\" alt=\"\" class=\"wp-image-657\" width=\"215\" height=\"107\"\/><\/figure><\/div>\n","protected":false},"excerpt":{"rendered":"<p>In diesem Jahr waren die Ferien Italienisch. Drei unterschiedliche Gegenden in 3 Wochen. Zuerst in die Toskana &#8211; nach Scarlino, bei Massa Maritma &#8211; dann, nach einer Woche bei der Arbeit &#8211; zum Gardasee und anschliessend &#8211; vor dem schlechten Wettter fliehend &#8211; eine Woche im Piemont. Jeder Ort hat seine Geschichten. Seen und Fl\u00fcssen [&hellip;]<\/p>\n","protected":false},"author":2,"featured_media":31203,"comment_status":"open","ping_status":"open","sticky":false,"template":"","format":"standard","meta":[],"categories":[10],"tags":[],"acf":[],"yoast_head":"<!-- This site is optimized with the Yoast SEO plugin v20.12 - https:\/\/yoast.com\/wordpress\/plugins\/seo\/ -->\n<title>2022 11 Italienische Geschichten &bull; ujofotodesign<\/title>\n<meta name=\"robots\" content=\"index, follow, max-snippet:-1, max-image-preview:large, max-video-preview:-1\" \/>\n<link rel=\"canonical\" href=\"https:\/\/ujofotodesign.ch\/de\/2022-11-italienische-geschichten\/\" \/>\n<meta property=\"og:locale\" content=\"de_DE\" \/>\n<meta property=\"og:type\" content=\"article\" \/>\n<meta property=\"og:title\" content=\"2022 11 Italienische Geschichten &bull; ujofotodesign\" \/>\n<meta property=\"og:description\" content=\"In diesem Jahr waren die Ferien Italienisch. Drei unterschiedliche Gegenden in 3 Wochen. Zuerst in die Toskana &#8211; nach Scarlino, bei Massa Maritma &#8211; dann, nach einer Woche bei der Arbeit &#8211; zum Gardasee und anschliessend &#8211; vor dem schlechten Wettter fliehend &#8211; eine Woche im Piemont. Jeder Ort hat seine Geschichten. Seen und Fl\u00fcssen [&hellip;]\" \/>\n<meta property=\"og:url\" content=\"https:\/\/ujofotodesign.ch\/de\/2022-11-italienische-geschichten\/\" \/>\n<meta property=\"og:site_name\" content=\"ujofotodesign\" \/>\n<meta property=\"article:published_time\" content=\"2022-11-06T13:44:11+00:00\" \/>\n<meta property=\"article:modified_time\" content=\"2022-11-06T13:44:18+00:00\" \/>\n<meta property=\"og:image\" content=\"https:\/\/ujofotodesign.ch\/wp-content\/uploads\/2022\/11\/mr5_i4a5108-panorama-scaled.jpg\" \/>\n\t<meta property=\"og:image:width\" content=\"2048\" \/>\n\t<meta property=\"og:image:height\" content=\"1638\" \/>\n\t<meta property=\"og:image:type\" content=\"image\/jpeg\" \/>\n<meta name=\"author\" content=\"Ulrich Jousten\" \/>\n<meta name=\"twitter:card\" content=\"summary_large_image\" \/>\n<meta name=\"twitter:label1\" content=\"Verfasst von\" \/>\n\t<meta name=\"twitter:data1\" content=\"Ulrich Jousten\" \/>\n\t<meta name=\"twitter:label2\" content=\"Gesch\u00e4tzte Lesezeit\" \/>\n\t<meta name=\"twitter:data2\" content=\"4 Minuten\" \/>\n<script type=\"application\/ld+json\" class=\"yoast-schema-graph\">{\"@context\":\"https:\/\/schema.org\",\"@graph\":[{\"@type\":\"Article\",\"@id\":\"https:\/\/ujofotodesign.ch\/de\/2022-11-italienische-geschichten\/#article\",\"isPartOf\":{\"@id\":\"https:\/\/ujofotodesign.ch\/de\/2022-11-italienische-geschichten\/\"},\"author\":{\"name\":\"Ulrich Jousten\",\"@id\":\"https:\/\/ujofotodesign.ch\/de\/#\/schema\/person\/bece9dc9b9c82b781fbf996a923e4695\"},\"headline\":\"2022 11 Italienische Geschichten\",\"datePublished\":\"2022-11-06T13:44:11+00:00\",\"dateModified\":\"2022-11-06T13:44:18+00:00\",\"mainEntityOfPage\":{\"@id\":\"https:\/\/ujofotodesign.ch\/de\/2022-11-italienische-geschichten\/\"},\"wordCount\":214,\"commentCount\":0,\"publisher\":{\"@id\":\"https:\/\/ujofotodesign.ch\/de\/#\/schema\/person\/bece9dc9b9c82b781fbf996a923e4695\"},\"articleSection\":[\"News\"],\"inLanguage\":\"de-DE\",\"potentialAction\":[{\"@type\":\"CommentAction\",\"name\":\"Comment\",\"target\":[\"https:\/\/ujofotodesign.ch\/de\/2022-11-italienische-geschichten\/#respond\"]}]},{\"@type\":\"WebPage\",\"@id\":\"https:\/\/ujofotodesign.ch\/de\/2022-11-italienische-geschichten\/\",\"url\":\"https:\/\/ujofotodesign.ch\/de\/2022-11-italienische-geschichten\/\",\"name\":\"2022 11 Italienische Geschichten &bull; ujofotodesign\",\"isPartOf\":{\"@id\":\"https:\/\/ujofotodesign.ch\/de\/#website\"},\"datePublished\":\"2022-11-06T13:44:11+00:00\",\"dateModified\":\"2022-11-06T13:44:18+00:00\",\"breadcrumb\":{\"@id\":\"https:\/\/ujofotodesign.ch\/de\/2022-11-italienische-geschichten\/#breadcrumb\"},\"inLanguage\":\"de-DE\",\"potentialAction\":[{\"@type\":\"ReadAction\",\"target\":[\"https:\/\/ujofotodesign.ch\/de\/2022-11-italienische-geschichten\/\"]}]},{\"@type\":\"BreadcrumbList\",\"@id\":\"https:\/\/ujofotodesign.ch\/de\/2022-11-italienische-geschichten\/#breadcrumb\",\"itemListElement\":[{\"@type\":\"ListItem\",\"position\":1,\"name\":\"Home\",\"item\":\"https:\/\/ujofotodesign.ch\/de\/\"},{\"@type\":\"ListItem\",\"position\":2,\"name\":\"2022 11 Italienische Geschichten\"}]},{\"@type\":\"WebSite\",\"@id\":\"https:\/\/ujofotodesign.ch\/de\/#website\",\"url\":\"https:\/\/ujofotodesign.ch\/de\/\",\"name\":\"ujofotodesign\",\"description\":\"\",\"publisher\":{\"@id\":\"https:\/\/ujofotodesign.ch\/de\/#\/schema\/person\/bece9dc9b9c82b781fbf996a923e4695\"},\"potentialAction\":[{\"@type\":\"SearchAction\",\"target\":{\"@type\":\"EntryPoint\",\"urlTemplate\":\"https:\/\/ujofotodesign.ch\/de\/?s={search_term_string}\"},\"query-input\":\"required name=search_term_string\"}],\"inLanguage\":\"de-DE\"},{\"@type\":[\"Person\",\"Organization\"],\"@id\":\"https:\/\/ujofotodesign.ch\/de\/#\/schema\/person\/bece9dc9b9c82b781fbf996a923e4695\",\"name\":\"Ulrich Jousten\",\"image\":{\"@type\":\"ImageObject\",\"inLanguage\":\"de-DE\",\"@id\":\"https:\/\/ujofotodesign.ch\/de\/#\/schema\/person\/image\/\",\"url\":\"https:\/\/ujofotodesign.ch\/wp-content\/uploads\/2019\/10\/ujofotodesign-logo.jpg\",\"contentUrl\":\"https:\/\/ujofotodesign.ch\/wp-content\/uploads\/2019\/10\/ujofotodesign-logo.jpg\",\"width\":512,\"height\":512,\"caption\":\"Ulrich Jousten\"},\"logo\":{\"@id\":\"https:\/\/ujofotodesign.ch\/de\/#\/schema\/person\/image\/\"},\"sameAs\":[\"https:\/\/ujofotodesign.ch\"]}]}<\/script>\n<!-- \/ Yoast SEO plugin. -->","yoast_head_json":{"title":"2022 11 Italienische Geschichten &bull; ujofotodesign","robots":{"index":"index","follow":"follow","max-snippet":"max-snippet:-1","max-image-preview":"max-image-preview:large","max-video-preview":"max-video-preview:-1"},"canonical":"https:\/\/ujofotodesign.ch\/de\/2022-11-italienische-geschichten\/","og_locale":"de_DE","og_type":"article","og_title":"2022 11 Italienische Geschichten &bull; ujofotodesign","og_description":"In diesem Jahr waren die Ferien Italienisch. Drei unterschiedliche Gegenden in 3 Wochen. Zuerst in die Toskana &#8211; nach Scarlino, bei Massa Maritma &#8211; dann, nach einer Woche bei der Arbeit &#8211; zum Gardasee und anschliessend &#8211; vor dem schlechten Wettter fliehend &#8211; eine Woche im Piemont. Jeder Ort hat seine Geschichten. Seen und Fl\u00fcssen [&hellip;]","og_url":"https:\/\/ujofotodesign.ch\/de\/2022-11-italienische-geschichten\/","og_site_name":"ujofotodesign","article_published_time":"2022-11-06T13:44:11+00:00","article_modified_time":"2022-11-06T13:44:18+00:00","og_image":[{"width":2048,"height":1638,"url":"https:\/\/ujofotodesign.ch\/wp-content\/uploads\/2022\/11\/mr5_i4a5108-panorama-scaled.jpg","type":"image\/jpeg"}],"author":"Ulrich Jousten","twitter_card":"summary_large_image","twitter_misc":{"Verfasst von":"Ulrich Jousten","Gesch\u00e4tzte Lesezeit":"4 Minuten"},"schema":{"@context":"https:\/\/schema.org","@graph":[{"@type":"Article","@id":"https:\/\/ujofotodesign.ch\/de\/2022-11-italienische-geschichten\/#article","isPartOf":{"@id":"https:\/\/ujofotodesign.ch\/de\/2022-11-italienische-geschichten\/"},"author":{"name":"Ulrich Jousten","@id":"https:\/\/ujofotodesign.ch\/de\/#\/schema\/person\/bece9dc9b9c82b781fbf996a923e4695"},"headline":"2022 11 Italienische Geschichten","datePublished":"2022-11-06T13:44:11+00:00","dateModified":"2022-11-06T13:44:18+00:00","mainEntityOfPage":{"@id":"https:\/\/ujofotodesign.ch\/de\/2022-11-italienische-geschichten\/"},"wordCount":214,"commentCount":0,"publisher":{"@id":"https:\/\/ujofotodesign.ch\/de\/#\/schema\/person\/bece9dc9b9c82b781fbf996a923e4695"},"articleSection":["News"],"inLanguage":"de-DE","potentialAction":[{"@type":"CommentAction","name":"Comment","target":["https:\/\/ujofotodesign.ch\/de\/2022-11-italienische-geschichten\/#respond"]}]},{"@type":"WebPage","@id":"https:\/\/ujofotodesign.ch\/de\/2022-11-italienische-geschichten\/","url":"https:\/\/ujofotodesign.ch\/de\/2022-11-italienische-geschichten\/","name":"2022 11 Italienische Geschichten &bull; ujofotodesign","isPartOf":{"@id":"https:\/\/ujofotodesign.ch\/de\/#website"},"datePublished":"2022-11-06T13:44:11+00:00","dateModified":"2022-11-06T13:44:18+00:00","breadcrumb":{"@id":"https:\/\/ujofotodesign.ch\/de\/2022-11-italienische-geschichten\/#breadcrumb"},"inLanguage":"de-DE","potentialAction":[{"@type":"ReadAction","target":["https:\/\/ujofotodesign.ch\/de\/2022-11-italienische-geschichten\/"]}]},{"@type":"BreadcrumbList","@id":"https:\/\/ujofotodesign.ch\/de\/2022-11-italienische-geschichten\/#breadcrumb","itemListElement":[{"@type":"ListItem","position":1,"name":"Home","item":"https:\/\/ujofotodesign.ch\/de\/"},{"@type":"ListItem","position":2,"name":"2022 11 Italienische Geschichten"}]},{"@type":"WebSite","@id":"https:\/\/ujofotodesign.ch\/de\/#website","url":"https:\/\/ujofotodesign.ch\/de\/","name":"ujofotodesign","description":"","publisher":{"@id":"https:\/\/ujofotodesign.ch\/de\/#\/schema\/person\/bece9dc9b9c82b781fbf996a923e4695"},"potentialAction":[{"@type":"SearchAction","target":{"@type":"EntryPoint","urlTemplate":"https:\/\/ujofotodesign.ch\/de\/?s={search_term_string}"},"query-input":"required name=search_term_string"}],"inLanguage":"de-DE"},{"@type":["Person","Organization"],"@id":"https:\/\/ujofotodesign.ch\/de\/#\/schema\/person\/bece9dc9b9c82b781fbf996a923e4695","name":"Ulrich Jousten","image":{"@type":"ImageObject","inLanguage":"de-DE","@id":"https:\/\/ujofotodesign.ch\/de\/#\/schema\/person\/image\/","url":"https:\/\/ujofotodesign.ch\/wp-content\/uploads\/2019\/10\/ujofotodesign-logo.jpg","contentUrl":"https:\/\/ujofotodesign.ch\/wp-content\/uploads\/2019\/10\/ujofotodesign-logo.jpg","width":512,"height":512,"caption":"Ulrich Jousten"},"logo":{"@id":"https:\/\/ujofotodesign.ch\/de\/#\/schema\/person\/image\/"},"sameAs":["https:\/\/ujofotodesign.ch"]}]}},"_links":{"self":[{"href":"https:\/\/ujofotodesign.ch\/de\/wp-json\/wp\/v2\/posts\/31235"}],"collection":[{"href":"https:\/\/ujofotodesign.ch\/de\/wp-json\/wp\/v2\/posts"}],"about":[{"href":"https:\/\/ujofotodesign.ch\/de\/wp-json\/wp\/v2\/types\/post"}],"author":[{"embeddable":true,"href":"https:\/\/ujofotodesign.ch\/de\/wp-json\/wp\/v2\/users\/2"}],"replies":[{"embeddable":true,"href":"https:\/\/ujofotodesign.ch\/de\/wp-json\/wp\/v2\/comments?post=31235"}],"version-history":[{"count":1,"href":"https:\/\/ujofotodesign.ch\/de\/wp-json\/wp\/v2\/posts\/31235\/revisions"}],"predecessor-version":[{"id":31237,"href":"https:\/\/ujofotodesign.ch\/de\/wp-json\/wp\/v2\/posts\/31235\/revisions\/31237"}],"wp:featuredmedia":[{"embeddable":true,"href":"https:\/\/ujofotodesign.ch\/de\/wp-json\/wp\/v2\/media\/31203"}],"wp:attachment":[{"href":"https:\/\/ujofotodesign.ch\/de\/wp-json\/wp\/v2\/media?parent=31235"}],"wp:term":[{"taxonomy":"category","embeddable":true,"href":"https:\/\/ujofotodesign.ch\/de\/wp-json\/wp\/v2\/categories?post=31235"},{"taxonomy":"post_tag","embeddable":true,"href":"https:\/\/ujofotodesign.ch\/de\/wp-json\/wp\/v2\/tags?post=31235"}],"curies":[{"name":"wp","href":"https:\/\/api.w.org\/{rel}","templated":true}]}}