{"id":31148,"date":"2022-09-07T18:26:29","date_gmt":"2022-09-07T16:26:29","guid":{"rendered":"https:\/\/ujofotodesign.ch\/?p=31148"},"modified":"2022-09-07T18:26:33","modified_gmt":"2022-09-07T16:26:33","slug":"2022-09-chiuso-geschlossen","status":"publish","type":"post","link":"https:\/\/ujofotodesign.ch\/de\/2022-09-chiuso-geschlossen\/","title":{"rendered":"2022 09 Chiuso &#8211; Geschlossen"},"content":{"rendered":"\n<p>In diesem denkw\u00fcrdigen Sommer, denkw\u00fcrdig f\u00fcr die endlosen Sonnenperioden (f\u00fcr Schweizer Verh\u00e4ltnisse), den Mangel an Regen (der eine unz\u00e4hlige Anzahl toter Gartenpflanzen zur\u00fcckl\u00e4sst) und Rekordtemperaturen in ganz Europa, traf unser j\u00e4hrlicher Tessiner Workshop es perfekt \u2013 der einzige regnerische Tag seit Wochen war der Tag der Fotografie. Bereits am Vortag, als wir auf San Gottardo ankamen, setzte der Regen ein. Wie angek\u00fcndigt wurde, fanden nur wenige Touristen den Weg \u00fcber den Pass und hielten an. Die \u00fcblichen Menschenmassen, die sich von W\u00fcrstchen, Hamburgern, Eis, Bier und alkoholfreien Getr\u00e4nken ern\u00e4hrten, Tickets f\u00fcr die inzwischen verlassene Festung und Souvenirs in der Touristeninformation kauften, waren nirgends zu sehen. Busse fuhren vorbei und mieden die Duschen. Infolgedessen war die Atmosph\u00e4re etwas d\u00fcster.<\/p>\n\n\n\n<p>Urspr\u00fcnglich hatte ich eine Geschichte \u00fcber den Tourismus auf San Gottardo geplant, die die Fragen vor den Grills, jede Menge M\u00fcll und dergleichen zeigt.<\/p>\n\n\n\n<p>Doch nun war alles geschlossen \u2013 Chiuso auf Italienisch.<\/p>\n\n\n\n<p><\/p>\n\n\n\n<div class=\"wp-block-image\"><figure class=\"aligncenter size-large\"><img decoding=\"async\" loading=\"lazy\" width=\"1024\" height=\"819\" src=\"https:\/\/ujofotodesign.ch\/wp-content\/uploads\/2022\/09\/mr5_i4a4479-1024x819.jpg\" alt=\"\" class=\"wp-image-31143\" srcset=\"https:\/\/ujofotodesign.ch\/wp-content\/uploads\/2022\/09\/mr5_i4a4479-1024x819.jpg 1024w, https:\/\/ujofotodesign.ch\/wp-content\/uploads\/2022\/09\/mr5_i4a4479-300x240.jpg 300w, https:\/\/ujofotodesign.ch\/wp-content\/uploads\/2022\/09\/mr5_i4a4479-768x614.jpg 768w, https:\/\/ujofotodesign.ch\/wp-content\/uploads\/2022\/09\/mr5_i4a4479.jpg 1500w\" sizes=\"(max-width: 1024px) 100vw, 1024px\" \/><\/figure><\/div>\n\n\n\n<p><\/p>\n\n\n\n<div class=\"wp-block-image\"><figure class=\"aligncenter size-large\"><img decoding=\"async\" loading=\"lazy\" width=\"1024\" height=\"819\" src=\"https:\/\/ujofotodesign.ch\/wp-content\/uploads\/2022\/09\/mr5_i4a4440-1024x819.jpg\" alt=\"\" class=\"wp-image-31140\" srcset=\"https:\/\/ujofotodesign.ch\/wp-content\/uploads\/2022\/09\/mr5_i4a4440-1024x819.jpg 1024w, https:\/\/ujofotodesign.ch\/wp-content\/uploads\/2022\/09\/mr5_i4a4440-300x240.jpg 300w, https:\/\/ujofotodesign.ch\/wp-content\/uploads\/2022\/09\/mr5_i4a4440-768x614.jpg 768w, https:\/\/ujofotodesign.ch\/wp-content\/uploads\/2022\/09\/mr5_i4a4440.jpg 1500w\" sizes=\"(max-width: 1024px) 100vw, 1024px\" \/><\/figure><\/div>\n\n\n\n<p><\/p>\n\n\n\n<div class=\"wp-block-image\"><figure class=\"aligncenter size-large\"><img decoding=\"async\" loading=\"lazy\" width=\"1024\" height=\"819\" src=\"https:\/\/ujofotodesign.ch\/wp-content\/uploads\/2022\/09\/mr5_i4a4455_panorama-1024x819.jpg\" alt=\"\" class=\"wp-image-31142\" srcset=\"https:\/\/ujofotodesign.ch\/wp-content\/uploads\/2022\/09\/mr5_i4a4455_panorama-1024x819.jpg 1024w, https:\/\/ujofotodesign.ch\/wp-content\/uploads\/2022\/09\/mr5_i4a4455_panorama-300x240.jpg 300w, https:\/\/ujofotodesign.ch\/wp-content\/uploads\/2022\/09\/mr5_i4a4455_panorama-768x614.jpg 768w, https:\/\/ujofotodesign.ch\/wp-content\/uploads\/2022\/09\/mr5_i4a4455_panorama.jpg 1500w\" sizes=\"(max-width: 1024px) 100vw, 1024px\" \/><\/figure><\/div>\n\n\n\n<p><\/p>\n\n\n\n<div class=\"wp-block-image\"><figure class=\"aligncenter size-large\"><img decoding=\"async\" loading=\"lazy\" width=\"819\" height=\"1024\" src=\"https:\/\/ujofotodesign.ch\/wp-content\/uploads\/2022\/09\/mr5_i4a4447-819x1024.jpg\" alt=\"\" class=\"wp-image-31141\" srcset=\"https:\/\/ujofotodesign.ch\/wp-content\/uploads\/2022\/09\/mr5_i4a4447-819x1024.jpg 819w, https:\/\/ujofotodesign.ch\/wp-content\/uploads\/2022\/09\/mr5_i4a4447-240x300.jpg 240w, https:\/\/ujofotodesign.ch\/wp-content\/uploads\/2022\/09\/mr5_i4a4447-768x960.jpg 768w, https:\/\/ujofotodesign.ch\/wp-content\/uploads\/2022\/09\/mr5_i4a4447.jpg 1200w\" sizes=\"(max-width: 819px) 100vw, 819px\" \/><\/figure><\/div>\n\n\n\n<p><\/p>\n\n\n\n<div class=\"wp-block-image\"><figure class=\"aligncenter size-large\"><img decoding=\"async\" loading=\"lazy\" width=\"819\" height=\"1024\" src=\"https:\/\/ujofotodesign.ch\/wp-content\/uploads\/2022\/09\/mr5_i4a4482-819x1024.jpg\" alt=\"\" class=\"wp-image-31139\" srcset=\"https:\/\/ujofotodesign.ch\/wp-content\/uploads\/2022\/09\/mr5_i4a4482-819x1024.jpg 819w, https:\/\/ujofotodesign.ch\/wp-content\/uploads\/2022\/09\/mr5_i4a4482-240x300.jpg 240w, https:\/\/ujofotodesign.ch\/wp-content\/uploads\/2022\/09\/mr5_i4a4482-768x960.jpg 768w, https:\/\/ujofotodesign.ch\/wp-content\/uploads\/2022\/09\/mr5_i4a4482.jpg 1200w\" sizes=\"(max-width: 819px) 100vw, 819px\" \/><\/figure><\/div>\n\n\n\n<p><\/p>\n\n\n\n<blockquote class=\"wp-block-quote has-text-align-center\"><p>Im Stillen habe ich T\u00fcren geschlossen, die ich wahrscheinlich so schnell nicht wieder \u00f6ffne, nicht aus stolz, sondern aus Respekt vor mir selbst.<\/p><cite>Im Internet gefunden, unter diversen Autoren<\/cite><\/blockquote>\n\n\n\n<p><\/p>\n\n\n\n<div class=\"wp-block-image\"><figure class=\"aligncenter size-large is-resized\"><img decoding=\"async\" loading=\"lazy\" src=\"https:\/\/ujofotodesign.ch\/wp-content\/uploads\/2019\/10\/ujo-signature-e1571571873324.jpg\" alt=\"\" class=\"wp-image-657\" width=\"221\" height=\"110\"\/><\/figure><\/div>\n","protected":false},"excerpt":{"rendered":"<p>In diesem denkw\u00fcrdigen Sommer, denkw\u00fcrdig f\u00fcr die endlosen Sonnenperioden (f\u00fcr Schweizer Verh\u00e4ltnisse), den Mangel an Regen (der eine unz\u00e4hlige Anzahl toter Gartenpflanzen zur\u00fcckl\u00e4sst) und Rekordtemperaturen in ganz Europa, traf unser j\u00e4hrlicher Tessiner Workshop es perfekt \u2013 der einzige regnerische Tag seit Wochen war der Tag der Fotografie. Bereits am Vortag, als wir auf San Gottardo [&hellip;]<\/p>\n","protected":false},"author":2,"featured_media":31142,"comment_status":"open","ping_status":"open","sticky":false,"template":"","format":"standard","meta":[],"categories":[10],"tags":[],"acf":[],"yoast_head":"<!-- This site is optimized with the Yoast SEO plugin v20.12 - https:\/\/yoast.com\/wordpress\/plugins\/seo\/ -->\n<title>2022 09 Chiuso - Geschlossen &bull; ujofotodesign<\/title>\n<meta name=\"robots\" content=\"index, follow, max-snippet:-1, max-image-preview:large, max-video-preview:-1\" \/>\n<link rel=\"canonical\" href=\"https:\/\/ujofotodesign.ch\/de\/2022-09-chiuso-geschlossen\/\" \/>\n<meta property=\"og:locale\" content=\"de_DE\" \/>\n<meta property=\"og:type\" content=\"article\" \/>\n<meta property=\"og:title\" content=\"2022 09 Chiuso - Geschlossen &bull; ujofotodesign\" \/>\n<meta property=\"og:description\" content=\"In diesem denkw\u00fcrdigen Sommer, denkw\u00fcrdig f\u00fcr die endlosen Sonnenperioden (f\u00fcr Schweizer Verh\u00e4ltnisse), den Mangel an Regen (der eine unz\u00e4hlige Anzahl toter Gartenpflanzen zur\u00fcckl\u00e4sst) und Rekordtemperaturen in ganz Europa, traf unser j\u00e4hrlicher Tessiner Workshop es perfekt \u2013 der einzige regnerische Tag seit Wochen war der Tag der Fotografie. Bereits am Vortag, als wir auf San Gottardo [&hellip;]\" \/>\n<meta property=\"og:url\" content=\"https:\/\/ujofotodesign.ch\/de\/2022-09-chiuso-geschlossen\/\" \/>\n<meta property=\"og:site_name\" content=\"ujofotodesign\" \/>\n<meta property=\"article:published_time\" content=\"2022-09-07T16:26:29+00:00\" \/>\n<meta property=\"article:modified_time\" content=\"2022-09-07T16:26:33+00:00\" \/>\n<meta property=\"og:image\" content=\"https:\/\/ujofotodesign.ch\/wp-content\/uploads\/2022\/09\/mr5_i4a4455_panorama.jpg\" \/>\n\t<meta property=\"og:image:width\" content=\"1500\" \/>\n\t<meta property=\"og:image:height\" content=\"1200\" \/>\n\t<meta property=\"og:image:type\" content=\"image\/jpeg\" \/>\n<meta name=\"author\" content=\"Ulrich Jousten\" \/>\n<meta name=\"twitter:card\" content=\"summary_large_image\" \/>\n<meta name=\"twitter:label1\" content=\"Verfasst von\" \/>\n\t<meta name=\"twitter:data1\" content=\"Ulrich Jousten\" \/>\n\t<meta name=\"twitter:label2\" content=\"Gesch\u00e4tzte Lesezeit\" \/>\n\t<meta name=\"twitter:data2\" content=\"2 Minuten\" \/>\n<script type=\"application\/ld+json\" class=\"yoast-schema-graph\">{\"@context\":\"https:\/\/schema.org\",\"@graph\":[{\"@type\":\"Article\",\"@id\":\"https:\/\/ujofotodesign.ch\/de\/2022-09-chiuso-geschlossen\/#article\",\"isPartOf\":{\"@id\":\"https:\/\/ujofotodesign.ch\/de\/2022-09-chiuso-geschlossen\/\"},\"author\":{\"name\":\"Ulrich Jousten\",\"@id\":\"https:\/\/ujofotodesign.ch\/de\/#\/schema\/person\/bece9dc9b9c82b781fbf996a923e4695\"},\"headline\":\"2022 09 Chiuso &#8211; Geschlossen\",\"datePublished\":\"2022-09-07T16:26:29+00:00\",\"dateModified\":\"2022-09-07T16:26:33+00:00\",\"mainEntityOfPage\":{\"@id\":\"https:\/\/ujofotodesign.ch\/de\/2022-09-chiuso-geschlossen\/\"},\"wordCount\":200,\"commentCount\":0,\"publisher\":{\"@id\":\"https:\/\/ujofotodesign.ch\/de\/#\/schema\/person\/bece9dc9b9c82b781fbf996a923e4695\"},\"articleSection\":[\"News\"],\"inLanguage\":\"de-DE\",\"potentialAction\":[{\"@type\":\"CommentAction\",\"name\":\"Comment\",\"target\":[\"https:\/\/ujofotodesign.ch\/de\/2022-09-chiuso-geschlossen\/#respond\"]}]},{\"@type\":\"WebPage\",\"@id\":\"https:\/\/ujofotodesign.ch\/de\/2022-09-chiuso-geschlossen\/\",\"url\":\"https:\/\/ujofotodesign.ch\/de\/2022-09-chiuso-geschlossen\/\",\"name\":\"2022 09 Chiuso - Geschlossen &bull; ujofotodesign\",\"isPartOf\":{\"@id\":\"https:\/\/ujofotodesign.ch\/de\/#website\"},\"datePublished\":\"2022-09-07T16:26:29+00:00\",\"dateModified\":\"2022-09-07T16:26:33+00:00\",\"breadcrumb\":{\"@id\":\"https:\/\/ujofotodesign.ch\/de\/2022-09-chiuso-geschlossen\/#breadcrumb\"},\"inLanguage\":\"de-DE\",\"potentialAction\":[{\"@type\":\"ReadAction\",\"target\":[\"https:\/\/ujofotodesign.ch\/de\/2022-09-chiuso-geschlossen\/\"]}]},{\"@type\":\"BreadcrumbList\",\"@id\":\"https:\/\/ujofotodesign.ch\/de\/2022-09-chiuso-geschlossen\/#breadcrumb\",\"itemListElement\":[{\"@type\":\"ListItem\",\"position\":1,\"name\":\"Home\",\"item\":\"https:\/\/ujofotodesign.ch\/de\/\"},{\"@type\":\"ListItem\",\"position\":2,\"name\":\"2022 09 Chiuso &#8211; Geschlossen\"}]},{\"@type\":\"WebSite\",\"@id\":\"https:\/\/ujofotodesign.ch\/de\/#website\",\"url\":\"https:\/\/ujofotodesign.ch\/de\/\",\"name\":\"ujofotodesign\",\"description\":\"\",\"publisher\":{\"@id\":\"https:\/\/ujofotodesign.ch\/de\/#\/schema\/person\/bece9dc9b9c82b781fbf996a923e4695\"},\"potentialAction\":[{\"@type\":\"SearchAction\",\"target\":{\"@type\":\"EntryPoint\",\"urlTemplate\":\"https:\/\/ujofotodesign.ch\/de\/?s={search_term_string}\"},\"query-input\":\"required name=search_term_string\"}],\"inLanguage\":\"de-DE\"},{\"@type\":[\"Person\",\"Organization\"],\"@id\":\"https:\/\/ujofotodesign.ch\/de\/#\/schema\/person\/bece9dc9b9c82b781fbf996a923e4695\",\"name\":\"Ulrich Jousten\",\"image\":{\"@type\":\"ImageObject\",\"inLanguage\":\"de-DE\",\"@id\":\"https:\/\/ujofotodesign.ch\/de\/#\/schema\/person\/image\/\",\"url\":\"https:\/\/ujofotodesign.ch\/wp-content\/uploads\/2019\/10\/ujofotodesign-logo.jpg\",\"contentUrl\":\"https:\/\/ujofotodesign.ch\/wp-content\/uploads\/2019\/10\/ujofotodesign-logo.jpg\",\"width\":512,\"height\":512,\"caption\":\"Ulrich Jousten\"},\"logo\":{\"@id\":\"https:\/\/ujofotodesign.ch\/de\/#\/schema\/person\/image\/\"},\"sameAs\":[\"https:\/\/ujofotodesign.ch\"]}]}<\/script>\n<!-- \/ Yoast SEO plugin. -->","yoast_head_json":{"title":"2022 09 Chiuso - Geschlossen &bull; ujofotodesign","robots":{"index":"index","follow":"follow","max-snippet":"max-snippet:-1","max-image-preview":"max-image-preview:large","max-video-preview":"max-video-preview:-1"},"canonical":"https:\/\/ujofotodesign.ch\/de\/2022-09-chiuso-geschlossen\/","og_locale":"de_DE","og_type":"article","og_title":"2022 09 Chiuso - Geschlossen &bull; ujofotodesign","og_description":"In diesem denkw\u00fcrdigen Sommer, denkw\u00fcrdig f\u00fcr die endlosen Sonnenperioden (f\u00fcr Schweizer Verh\u00e4ltnisse), den Mangel an Regen (der eine unz\u00e4hlige Anzahl toter Gartenpflanzen zur\u00fcckl\u00e4sst) und Rekordtemperaturen in ganz Europa, traf unser j\u00e4hrlicher Tessiner Workshop es perfekt \u2013 der einzige regnerische Tag seit Wochen war der Tag der Fotografie. Bereits am Vortag, als wir auf San Gottardo [&hellip;]","og_url":"https:\/\/ujofotodesign.ch\/de\/2022-09-chiuso-geschlossen\/","og_site_name":"ujofotodesign","article_published_time":"2022-09-07T16:26:29+00:00","article_modified_time":"2022-09-07T16:26:33+00:00","og_image":[{"width":1500,"height":1200,"url":"https:\/\/ujofotodesign.ch\/wp-content\/uploads\/2022\/09\/mr5_i4a4455_panorama.jpg","type":"image\/jpeg"}],"author":"Ulrich Jousten","twitter_card":"summary_large_image","twitter_misc":{"Verfasst von":"Ulrich Jousten","Gesch\u00e4tzte Lesezeit":"2 Minuten"},"schema":{"@context":"https:\/\/schema.org","@graph":[{"@type":"Article","@id":"https:\/\/ujofotodesign.ch\/de\/2022-09-chiuso-geschlossen\/#article","isPartOf":{"@id":"https:\/\/ujofotodesign.ch\/de\/2022-09-chiuso-geschlossen\/"},"author":{"name":"Ulrich Jousten","@id":"https:\/\/ujofotodesign.ch\/de\/#\/schema\/person\/bece9dc9b9c82b781fbf996a923e4695"},"headline":"2022 09 Chiuso &#8211; Geschlossen","datePublished":"2022-09-07T16:26:29+00:00","dateModified":"2022-09-07T16:26:33+00:00","mainEntityOfPage":{"@id":"https:\/\/ujofotodesign.ch\/de\/2022-09-chiuso-geschlossen\/"},"wordCount":200,"commentCount":0,"publisher":{"@id":"https:\/\/ujofotodesign.ch\/de\/#\/schema\/person\/bece9dc9b9c82b781fbf996a923e4695"},"articleSection":["News"],"inLanguage":"de-DE","potentialAction":[{"@type":"CommentAction","name":"Comment","target":["https:\/\/ujofotodesign.ch\/de\/2022-09-chiuso-geschlossen\/#respond"]}]},{"@type":"WebPage","@id":"https:\/\/ujofotodesign.ch\/de\/2022-09-chiuso-geschlossen\/","url":"https:\/\/ujofotodesign.ch\/de\/2022-09-chiuso-geschlossen\/","name":"2022 09 Chiuso - Geschlossen &bull; ujofotodesign","isPartOf":{"@id":"https:\/\/ujofotodesign.ch\/de\/#website"},"datePublished":"2022-09-07T16:26:29+00:00","dateModified":"2022-09-07T16:26:33+00:00","breadcrumb":{"@id":"https:\/\/ujofotodesign.ch\/de\/2022-09-chiuso-geschlossen\/#breadcrumb"},"inLanguage":"de-DE","potentialAction":[{"@type":"ReadAction","target":["https:\/\/ujofotodesign.ch\/de\/2022-09-chiuso-geschlossen\/"]}]},{"@type":"BreadcrumbList","@id":"https:\/\/ujofotodesign.ch\/de\/2022-09-chiuso-geschlossen\/#breadcrumb","itemListElement":[{"@type":"ListItem","position":1,"name":"Home","item":"https:\/\/ujofotodesign.ch\/de\/"},{"@type":"ListItem","position":2,"name":"2022 09 Chiuso &#8211; Geschlossen"}]},{"@type":"WebSite","@id":"https:\/\/ujofotodesign.ch\/de\/#website","url":"https:\/\/ujofotodesign.ch\/de\/","name":"ujofotodesign","description":"","publisher":{"@id":"https:\/\/ujofotodesign.ch\/de\/#\/schema\/person\/bece9dc9b9c82b781fbf996a923e4695"},"potentialAction":[{"@type":"SearchAction","target":{"@type":"EntryPoint","urlTemplate":"https:\/\/ujofotodesign.ch\/de\/?s={search_term_string}"},"query-input":"required name=search_term_string"}],"inLanguage":"de-DE"},{"@type":["Person","Organization"],"@id":"https:\/\/ujofotodesign.ch\/de\/#\/schema\/person\/bece9dc9b9c82b781fbf996a923e4695","name":"Ulrich Jousten","image":{"@type":"ImageObject","inLanguage":"de-DE","@id":"https:\/\/ujofotodesign.ch\/de\/#\/schema\/person\/image\/","url":"https:\/\/ujofotodesign.ch\/wp-content\/uploads\/2019\/10\/ujofotodesign-logo.jpg","contentUrl":"https:\/\/ujofotodesign.ch\/wp-content\/uploads\/2019\/10\/ujofotodesign-logo.jpg","width":512,"height":512,"caption":"Ulrich Jousten"},"logo":{"@id":"https:\/\/ujofotodesign.ch\/de\/#\/schema\/person\/image\/"},"sameAs":["https:\/\/ujofotodesign.ch"]}]}},"_links":{"self":[{"href":"https:\/\/ujofotodesign.ch\/de\/wp-json\/wp\/v2\/posts\/31148"}],"collection":[{"href":"https:\/\/ujofotodesign.ch\/de\/wp-json\/wp\/v2\/posts"}],"about":[{"href":"https:\/\/ujofotodesign.ch\/de\/wp-json\/wp\/v2\/types\/post"}],"author":[{"embeddable":true,"href":"https:\/\/ujofotodesign.ch\/de\/wp-json\/wp\/v2\/users\/2"}],"replies":[{"embeddable":true,"href":"https:\/\/ujofotodesign.ch\/de\/wp-json\/wp\/v2\/comments?post=31148"}],"version-history":[{"count":1,"href":"https:\/\/ujofotodesign.ch\/de\/wp-json\/wp\/v2\/posts\/31148\/revisions"}],"predecessor-version":[{"id":31149,"href":"https:\/\/ujofotodesign.ch\/de\/wp-json\/wp\/v2\/posts\/31148\/revisions\/31149"}],"wp:featuredmedia":[{"embeddable":true,"href":"https:\/\/ujofotodesign.ch\/de\/wp-json\/wp\/v2\/media\/31142"}],"wp:attachment":[{"href":"https:\/\/ujofotodesign.ch\/de\/wp-json\/wp\/v2\/media?parent=31148"}],"wp:term":[{"taxonomy":"category","embeddable":true,"href":"https:\/\/ujofotodesign.ch\/de\/wp-json\/wp\/v2\/categories?post=31148"},{"taxonomy":"post_tag","embeddable":true,"href":"https:\/\/ujofotodesign.ch\/de\/wp-json\/wp\/v2\/tags?post=31148"}],"curies":[{"name":"wp","href":"https:\/\/api.w.org\/{rel}","templated":true}]}}