{"id":31114,"date":"2022-07-16T14:05:08","date_gmt":"2022-07-16T12:05:08","guid":{"rendered":"https:\/\/ujofotodesign.ch\/?p=31114"},"modified":"2022-07-16T14:05:14","modified_gmt":"2022-07-16T12:05:14","slug":"2022-07-forstpferde-bei-der-arbeit","status":"publish","type":"post","link":"https:\/\/ujofotodesign.ch\/de\/2022-07-forstpferde-bei-der-arbeit\/","title":{"rendered":"2022 07 Forstpferde bei der Arbeit"},"content":{"rendered":"\n<p>Diese Geschichte ist meine Vorbereitungsarbeit zum j\u00e4hrlichen Tessin Workshop. Leider hatte ich nur mein iPhone dabei&#8230;<\/p>\n\n\n\n<p><\/p>\n\n\n\n<div class=\"wp-block-image\"><figure class=\"aligncenter size-large\"><img decoding=\"async\" loading=\"lazy\" width=\"1024\" height=\"819\" src=\"https:\/\/ujofotodesign.ch\/wp-content\/uploads\/2022\/07\/ocr5img_3977-1024x819.jpg\" alt=\"\" class=\"wp-image-31101\" srcset=\"https:\/\/ujofotodesign.ch\/wp-content\/uploads\/2022\/07\/ocr5img_3977-1024x819.jpg 1024w, https:\/\/ujofotodesign.ch\/wp-content\/uploads\/2022\/07\/ocr5img_3977-300x240.jpg 300w, https:\/\/ujofotodesign.ch\/wp-content\/uploads\/2022\/07\/ocr5img_3977-768x614.jpg 768w, https:\/\/ujofotodesign.ch\/wp-content\/uploads\/2022\/07\/ocr5img_3977.jpg 1500w\" sizes=\"(max-width: 1024px) 100vw, 1024px\" \/><\/figure><\/div>\n\n\n\n<p><\/p>\n\n\n\n<p>An Pfingsten f\u00fchren die Natur- und Vogelschutzvereine in meiner Region j\u00e4hrlich einen Sternmarsch durch. Dieses Jahr war das Ziel die Waldh\u00fctte in Remetschwil und wurde vom Natur- und Vogelschutzverein Rohrdorferberg veranstaltet. Der Verein Forstpferde aus dem nahen T\u00e4gerig hatte zu Informationszwecken ein ausgebildetes Forstpferd mitgebracht, welches uns an dieser Veranstaltung den schonenden Einsatz von Pferden bei der Forstarbeit n\u00e4herbringen sollte. \u00a0<\/p>\n\n\n\n<p>Der Verein war urspr\u00fcnglich einfach eine Gruppe von ca. 10 Personen, die sich im gemeinsamen Interesse f\u00fcr Zugpferde zusammengefunden hatte. Der Verein war im Fr\u00fchling 2019 vom F\u00f6rster angesprochen worden, mit der Idee, dass Holzr\u00fcckepferde in einem Naturschutzgebiet eingesetzt k\u00f6nnten, anstatt der sonst \u00fcblichen schweren Motorfahrzeuge. Nach einer Besichtigung vor Ort vereinbarte man einen Einsatz im Herbst zu Versuchszwecken.\u00a0 Alle waren \u00fcber das positive Resultat erstaunt und der Verein wurde gebeten, weiterhin Pflegemassnahmen in dem Schutzgebiet auszuf\u00fchren. Nachdem dieser Einsatz \u00fcberregional auf grosses Interesse gestossen war, wurde am 1. M\u00e4rz 2020 wurde dann die Forstpferde Schweiz gegr\u00fcndet, die ihren Betrieb per 01. Juni 2020 aufnahm.<\/p>\n\n\n\n<p>F\u00fcr das Holzr\u00fccken werden bevorzugt die Noriker Kaltblutpferde eingesetzt. Dies sind mittelschwere, kr\u00e4ftige und ausdauernde Gebirgs<a href=\"https:\/\/de.wikipedia.org\/wiki\/Kaltbl%C3%BCter_(Pferd)\">kaltblutpferd<\/a>e. Das Zuchtgebiet umfasst die Gebirgslagen der \u00f6sterreichischen und deutschen Alpen.<\/p>\n\n\n\n<p>Bei der Vorf\u00fchrung war der Sepp als Pferdef\u00fchrer im Einsatz. Zun\u00e4chst wird der Wallach namens \u00abMohr\u00bb in den Wald zu den bereits gef\u00e4llten Baust\u00e4mmen gef\u00fchrt, und die Kette um den Baumstamm fixiert.<\/p>\n\n\n\n<p><\/p>\n\n\n\n<div class=\"wp-block-image\"><figure class=\"aligncenter size-large\"><img decoding=\"async\" loading=\"lazy\" width=\"768\" height=\"1024\" src=\"https:\/\/ujofotodesign.ch\/wp-content\/uploads\/2022\/07\/ocr5img_4018-768x1024.jpg\" alt=\"\" class=\"wp-image-31105\" srcset=\"https:\/\/ujofotodesign.ch\/wp-content\/uploads\/2022\/07\/ocr5img_4018-768x1024.jpg 768w, https:\/\/ujofotodesign.ch\/wp-content\/uploads\/2022\/07\/ocr5img_4018-225x300.jpg 225w, https:\/\/ujofotodesign.ch\/wp-content\/uploads\/2022\/07\/ocr5img_4018.jpg 1125w\" sizes=\"(max-width: 768px) 100vw, 768px\" \/><\/figure><\/div>\n\n\n\n<p><\/p>\n\n\n\n<p>Das Interesse der Zuschauer ist gross, diese alte neue Art des Holztransports zu beobachten.<\/p>\n\n\n\n<p><\/p>\n\n\n\n<div class=\"wp-block-image\"><figure class=\"aligncenter size-large\"><img decoding=\"async\" loading=\"lazy\" width=\"1024\" height=\"768\" src=\"https:\/\/ujofotodesign.ch\/wp-content\/uploads\/2022\/07\/ocr5img_3981-1024x768.jpg\" alt=\"\" class=\"wp-image-31102\" srcset=\"https:\/\/ujofotodesign.ch\/wp-content\/uploads\/2022\/07\/ocr5img_3981-1024x768.jpg 1024w, https:\/\/ujofotodesign.ch\/wp-content\/uploads\/2022\/07\/ocr5img_3981-300x225.jpg 300w, https:\/\/ujofotodesign.ch\/wp-content\/uploads\/2022\/07\/ocr5img_3981-768x576.jpg 768w, https:\/\/ujofotodesign.ch\/wp-content\/uploads\/2022\/07\/ocr5img_3981.jpg 1500w\" sizes=\"(max-width: 1024px) 100vw, 1024px\" \/><\/figure><\/div>\n\n\n\n<p><\/p>\n\n\n\n<p>Das Pferd wird um die dichtstehenden B\u00e4une gef\u00fchrt um den angeh\u00e4ngten Stamm zur Strasse zu ziehen. <\/p>\n\n\n\n<p><\/p>\n\n\n\n<div class=\"wp-block-image\"><figure class=\"aligncenter size-large\"><img decoding=\"async\" loading=\"lazy\" width=\"1024\" height=\"768\" src=\"https:\/\/ujofotodesign.ch\/wp-content\/uploads\/2022\/07\/ocr5img_3997-1024x768.jpg\" alt=\"\" class=\"wp-image-31103\" srcset=\"https:\/\/ujofotodesign.ch\/wp-content\/uploads\/2022\/07\/ocr5img_3997-1024x768.jpg 1024w, https:\/\/ujofotodesign.ch\/wp-content\/uploads\/2022\/07\/ocr5img_3997-300x225.jpg 300w, https:\/\/ujofotodesign.ch\/wp-content\/uploads\/2022\/07\/ocr5img_3997-768x576.jpg 768w, https:\/\/ujofotodesign.ch\/wp-content\/uploads\/2022\/07\/ocr5img_3997.jpg 1500w\" sizes=\"(max-width: 1024px) 100vw, 1024px\" \/><\/figure><\/div>\n\n\n\n<p><\/p>\n\n\n\n<p>Nat\u00fcrlich gibt es auch hier Spuren, die die B\u00e4ume auf dem Boden hinterlassen. <\/p>\n\n\n\n<p><\/p>\n\n\n\n<div class=\"wp-block-image\"><figure class=\"aligncenter size-large\"><img decoding=\"async\" loading=\"lazy\" width=\"768\" height=\"1024\" src=\"https:\/\/ujofotodesign.ch\/wp-content\/uploads\/2022\/07\/ocr5img_4022-768x1024.jpg\" alt=\"\" class=\"wp-image-31106\" srcset=\"https:\/\/ujofotodesign.ch\/wp-content\/uploads\/2022\/07\/ocr5img_4022-768x1024.jpg 768w, https:\/\/ujofotodesign.ch\/wp-content\/uploads\/2022\/07\/ocr5img_4022-225x300.jpg 225w, https:\/\/ujofotodesign.ch\/wp-content\/uploads\/2022\/07\/ocr5img_4022.jpg 1125w\" sizes=\"(max-width: 768px) 100vw, 768px\" \/><\/figure><\/div>\n\n\n\n<p><\/p>\n\n\n\n<p>Allerdings schafft auch offener Waldboden eine \u00f6kologische Nische. Und verglichen mit den Spuren schwerer Waldarbeitsfahrzeuge ist der Abdruck minimal. Auch nicht entastete St\u00e4mme schafft der st\u00e4mmige Wallach einfach zur Waldstrasse. <\/p>\n\n\n\n<p><\/p>\n\n\n\n<div class=\"wp-block-image\"><figure class=\"aligncenter size-large\"><img decoding=\"async\" loading=\"lazy\" width=\"1024\" height=\"819\" src=\"https:\/\/ujofotodesign.ch\/wp-content\/uploads\/2022\/07\/ocr5img_4025-1024x819.jpg\" alt=\"\" class=\"wp-image-31107\" srcset=\"https:\/\/ujofotodesign.ch\/wp-content\/uploads\/2022\/07\/ocr5img_4025-1024x819.jpg 1024w, https:\/\/ujofotodesign.ch\/wp-content\/uploads\/2022\/07\/ocr5img_4025-300x240.jpg 300w, https:\/\/ujofotodesign.ch\/wp-content\/uploads\/2022\/07\/ocr5img_4025-768x614.jpg 768w, https:\/\/ujofotodesign.ch\/wp-content\/uploads\/2022\/07\/ocr5img_4025.jpg 1500w\" sizes=\"(max-width: 1024px) 100vw, 1024px\" \/><\/figure><\/div>\n\n\n\n<p><\/p>\n\n\n\n<p>Mohr scheint unerm\u00fcdlich, w\u00e4hrend sein H\u00fcter nach 90 Minuten eine Pause macht\u2026\u00a0<\/p>\n\n\n\n<div class=\"wp-block-image\"><figure class=\"aligncenter size-large\"><img decoding=\"async\" loading=\"lazy\" width=\"1024\" height=\"768\" src=\"https:\/\/ujofotodesign.ch\/wp-content\/uploads\/2022\/07\/ocr5img_4006-1024x768.jpg\" alt=\"\" class=\"wp-image-31104\" srcset=\"https:\/\/ujofotodesign.ch\/wp-content\/uploads\/2022\/07\/ocr5img_4006-1024x768.jpg 1024w, https:\/\/ujofotodesign.ch\/wp-content\/uploads\/2022\/07\/ocr5img_4006-300x225.jpg 300w, https:\/\/ujofotodesign.ch\/wp-content\/uploads\/2022\/07\/ocr5img_4006-768x576.jpg 768w, https:\/\/ujofotodesign.ch\/wp-content\/uploads\/2022\/07\/ocr5img_4006.jpg 1500w\" sizes=\"(max-width: 1024px) 100vw, 1024px\" \/><\/figure><\/div>\n\n\n\n<p><\/p>\n\n\n\n<blockquote class=\"wp-block-quote has-text-align-center\"><p>Das \u00c4u\u00dfere eines Pferdes hat etwas das ist gut f\u00fcr das Innere eines Menschen<\/p><cite>Winston Churchill<\/cite><\/blockquote>\n\n\n\n<div class=\"wp-block-image\"><figure class=\"aligncenter size-large is-resized\"><img decoding=\"async\" loading=\"lazy\" src=\"https:\/\/ujofotodesign.ch\/wp-content\/uploads\/2019\/10\/ujo-signature-e1571571873324.jpg\" alt=\"\" class=\"wp-image-657\" width=\"199\" height=\"99\"\/><\/figure><\/div>\n","protected":false},"excerpt":{"rendered":"<p>Diese Geschichte ist meine Vorbereitungsarbeit zum j\u00e4hrlichen Tessin Workshop. Leider hatte ich nur mein iPhone dabei&#8230; An Pfingsten f\u00fchren die Natur- und Vogelschutzvereine in meiner Region j\u00e4hrlich einen Sternmarsch durch. Dieses Jahr war das Ziel die Waldh\u00fctte in Remetschwil und wurde vom Natur- und Vogelschutzverein Rohrdorferberg veranstaltet. Der Verein Forstpferde aus dem nahen T\u00e4gerig hatte [&hellip;]<\/p>\n","protected":false},"author":2,"featured_media":31101,"comment_status":"open","ping_status":"open","sticky":false,"template":"","format":"standard","meta":[],"categories":[10],"tags":[],"acf":[],"yoast_head":"<!-- This site is optimized with the Yoast SEO plugin v20.12 - https:\/\/yoast.com\/wordpress\/plugins\/seo\/ -->\n<title>2022 07 Forstpferde bei der Arbeit &bull; ujofotodesign<\/title>\n<meta name=\"robots\" content=\"index, follow, max-snippet:-1, max-image-preview:large, max-video-preview:-1\" \/>\n<link rel=\"canonical\" href=\"https:\/\/ujofotodesign.ch\/de\/2022-07-forstpferde-bei-der-arbeit\/\" \/>\n<meta property=\"og:locale\" content=\"de_DE\" \/>\n<meta property=\"og:type\" content=\"article\" \/>\n<meta property=\"og:title\" content=\"2022 07 Forstpferde bei der Arbeit &bull; ujofotodesign\" \/>\n<meta property=\"og:description\" content=\"Diese Geschichte ist meine Vorbereitungsarbeit zum j\u00e4hrlichen Tessin Workshop. Leider hatte ich nur mein iPhone dabei&#8230; An Pfingsten f\u00fchren die Natur- und Vogelschutzvereine in meiner Region j\u00e4hrlich einen Sternmarsch durch. Dieses Jahr war das Ziel die Waldh\u00fctte in Remetschwil und wurde vom Natur- und Vogelschutzverein Rohrdorferberg veranstaltet. Der Verein Forstpferde aus dem nahen T\u00e4gerig hatte [&hellip;]\" \/>\n<meta property=\"og:url\" content=\"https:\/\/ujofotodesign.ch\/de\/2022-07-forstpferde-bei-der-arbeit\/\" \/>\n<meta property=\"og:site_name\" content=\"ujofotodesign\" \/>\n<meta property=\"article:published_time\" content=\"2022-07-16T12:05:08+00:00\" \/>\n<meta property=\"article:modified_time\" content=\"2022-07-16T12:05:14+00:00\" \/>\n<meta property=\"og:image\" content=\"https:\/\/ujofotodesign.ch\/wp-content\/uploads\/2022\/07\/ocr5img_3977.jpg\" \/>\n\t<meta property=\"og:image:width\" content=\"1500\" \/>\n\t<meta property=\"og:image:height\" content=\"1200\" \/>\n\t<meta property=\"og:image:type\" content=\"image\/jpeg\" \/>\n<meta name=\"author\" content=\"Ulrich Jousten\" \/>\n<meta name=\"twitter:card\" content=\"summary_large_image\" \/>\n<meta name=\"twitter:label1\" content=\"Verfasst von\" \/>\n\t<meta name=\"twitter:data1\" content=\"Ulrich Jousten\" \/>\n\t<meta name=\"twitter:label2\" content=\"Gesch\u00e4tzte Lesezeit\" \/>\n\t<meta name=\"twitter:data2\" content=\"4 Minuten\" \/>\n<script type=\"application\/ld+json\" class=\"yoast-schema-graph\">{\"@context\":\"https:\/\/schema.org\",\"@graph\":[{\"@type\":\"Article\",\"@id\":\"https:\/\/ujofotodesign.ch\/de\/2022-07-forstpferde-bei-der-arbeit\/#article\",\"isPartOf\":{\"@id\":\"https:\/\/ujofotodesign.ch\/de\/2022-07-forstpferde-bei-der-arbeit\/\"},\"author\":{\"name\":\"Ulrich Jousten\",\"@id\":\"https:\/\/ujofotodesign.ch\/de\/#\/schema\/person\/bece9dc9b9c82b781fbf996a923e4695\"},\"headline\":\"2022 07 Forstpferde bei der Arbeit\",\"datePublished\":\"2022-07-16T12:05:08+00:00\",\"dateModified\":\"2022-07-16T12:05:14+00:00\",\"mainEntityOfPage\":{\"@id\":\"https:\/\/ujofotodesign.ch\/de\/2022-07-forstpferde-bei-der-arbeit\/\"},\"wordCount\":373,\"commentCount\":0,\"publisher\":{\"@id\":\"https:\/\/ujofotodesign.ch\/de\/#\/schema\/person\/bece9dc9b9c82b781fbf996a923e4695\"},\"articleSection\":[\"News\"],\"inLanguage\":\"de-DE\",\"potentialAction\":[{\"@type\":\"CommentAction\",\"name\":\"Comment\",\"target\":[\"https:\/\/ujofotodesign.ch\/de\/2022-07-forstpferde-bei-der-arbeit\/#respond\"]}]},{\"@type\":\"WebPage\",\"@id\":\"https:\/\/ujofotodesign.ch\/de\/2022-07-forstpferde-bei-der-arbeit\/\",\"url\":\"https:\/\/ujofotodesign.ch\/de\/2022-07-forstpferde-bei-der-arbeit\/\",\"name\":\"2022 07 Forstpferde bei der Arbeit &bull; ujofotodesign\",\"isPartOf\":{\"@id\":\"https:\/\/ujofotodesign.ch\/de\/#website\"},\"datePublished\":\"2022-07-16T12:05:08+00:00\",\"dateModified\":\"2022-07-16T12:05:14+00:00\",\"breadcrumb\":{\"@id\":\"https:\/\/ujofotodesign.ch\/de\/2022-07-forstpferde-bei-der-arbeit\/#breadcrumb\"},\"inLanguage\":\"de-DE\",\"potentialAction\":[{\"@type\":\"ReadAction\",\"target\":[\"https:\/\/ujofotodesign.ch\/de\/2022-07-forstpferde-bei-der-arbeit\/\"]}]},{\"@type\":\"BreadcrumbList\",\"@id\":\"https:\/\/ujofotodesign.ch\/de\/2022-07-forstpferde-bei-der-arbeit\/#breadcrumb\",\"itemListElement\":[{\"@type\":\"ListItem\",\"position\":1,\"name\":\"Home\",\"item\":\"https:\/\/ujofotodesign.ch\/de\/\"},{\"@type\":\"ListItem\",\"position\":2,\"name\":\"2022 07 Forstpferde bei der Arbeit\"}]},{\"@type\":\"WebSite\",\"@id\":\"https:\/\/ujofotodesign.ch\/de\/#website\",\"url\":\"https:\/\/ujofotodesign.ch\/de\/\",\"name\":\"ujofotodesign\",\"description\":\"\",\"publisher\":{\"@id\":\"https:\/\/ujofotodesign.ch\/de\/#\/schema\/person\/bece9dc9b9c82b781fbf996a923e4695\"},\"potentialAction\":[{\"@type\":\"SearchAction\",\"target\":{\"@type\":\"EntryPoint\",\"urlTemplate\":\"https:\/\/ujofotodesign.ch\/de\/?s={search_term_string}\"},\"query-input\":\"required name=search_term_string\"}],\"inLanguage\":\"de-DE\"},{\"@type\":[\"Person\",\"Organization\"],\"@id\":\"https:\/\/ujofotodesign.ch\/de\/#\/schema\/person\/bece9dc9b9c82b781fbf996a923e4695\",\"name\":\"Ulrich Jousten\",\"image\":{\"@type\":\"ImageObject\",\"inLanguage\":\"de-DE\",\"@id\":\"https:\/\/ujofotodesign.ch\/de\/#\/schema\/person\/image\/\",\"url\":\"https:\/\/ujofotodesign.ch\/wp-content\/uploads\/2019\/10\/ujofotodesign-logo.jpg\",\"contentUrl\":\"https:\/\/ujofotodesign.ch\/wp-content\/uploads\/2019\/10\/ujofotodesign-logo.jpg\",\"width\":512,\"height\":512,\"caption\":\"Ulrich Jousten\"},\"logo\":{\"@id\":\"https:\/\/ujofotodesign.ch\/de\/#\/schema\/person\/image\/\"},\"sameAs\":[\"https:\/\/ujofotodesign.ch\"]}]}<\/script>\n<!-- \/ Yoast SEO plugin. -->","yoast_head_json":{"title":"2022 07 Forstpferde bei der Arbeit &bull; ujofotodesign","robots":{"index":"index","follow":"follow","max-snippet":"max-snippet:-1","max-image-preview":"max-image-preview:large","max-video-preview":"max-video-preview:-1"},"canonical":"https:\/\/ujofotodesign.ch\/de\/2022-07-forstpferde-bei-der-arbeit\/","og_locale":"de_DE","og_type":"article","og_title":"2022 07 Forstpferde bei der Arbeit &bull; ujofotodesign","og_description":"Diese Geschichte ist meine Vorbereitungsarbeit zum j\u00e4hrlichen Tessin Workshop. Leider hatte ich nur mein iPhone dabei&#8230; An Pfingsten f\u00fchren die Natur- und Vogelschutzvereine in meiner Region j\u00e4hrlich einen Sternmarsch durch. Dieses Jahr war das Ziel die Waldh\u00fctte in Remetschwil und wurde vom Natur- und Vogelschutzverein Rohrdorferberg veranstaltet. Der Verein Forstpferde aus dem nahen T\u00e4gerig hatte [&hellip;]","og_url":"https:\/\/ujofotodesign.ch\/de\/2022-07-forstpferde-bei-der-arbeit\/","og_site_name":"ujofotodesign","article_published_time":"2022-07-16T12:05:08+00:00","article_modified_time":"2022-07-16T12:05:14+00:00","og_image":[{"width":1500,"height":1200,"url":"https:\/\/ujofotodesign.ch\/wp-content\/uploads\/2022\/07\/ocr5img_3977.jpg","type":"image\/jpeg"}],"author":"Ulrich Jousten","twitter_card":"summary_large_image","twitter_misc":{"Verfasst von":"Ulrich Jousten","Gesch\u00e4tzte Lesezeit":"4 Minuten"},"schema":{"@context":"https:\/\/schema.org","@graph":[{"@type":"Article","@id":"https:\/\/ujofotodesign.ch\/de\/2022-07-forstpferde-bei-der-arbeit\/#article","isPartOf":{"@id":"https:\/\/ujofotodesign.ch\/de\/2022-07-forstpferde-bei-der-arbeit\/"},"author":{"name":"Ulrich Jousten","@id":"https:\/\/ujofotodesign.ch\/de\/#\/schema\/person\/bece9dc9b9c82b781fbf996a923e4695"},"headline":"2022 07 Forstpferde bei der Arbeit","datePublished":"2022-07-16T12:05:08+00:00","dateModified":"2022-07-16T12:05:14+00:00","mainEntityOfPage":{"@id":"https:\/\/ujofotodesign.ch\/de\/2022-07-forstpferde-bei-der-arbeit\/"},"wordCount":373,"commentCount":0,"publisher":{"@id":"https:\/\/ujofotodesign.ch\/de\/#\/schema\/person\/bece9dc9b9c82b781fbf996a923e4695"},"articleSection":["News"],"inLanguage":"de-DE","potentialAction":[{"@type":"CommentAction","name":"Comment","target":["https:\/\/ujofotodesign.ch\/de\/2022-07-forstpferde-bei-der-arbeit\/#respond"]}]},{"@type":"WebPage","@id":"https:\/\/ujofotodesign.ch\/de\/2022-07-forstpferde-bei-der-arbeit\/","url":"https:\/\/ujofotodesign.ch\/de\/2022-07-forstpferde-bei-der-arbeit\/","name":"2022 07 Forstpferde bei der Arbeit &bull; ujofotodesign","isPartOf":{"@id":"https:\/\/ujofotodesign.ch\/de\/#website"},"datePublished":"2022-07-16T12:05:08+00:00","dateModified":"2022-07-16T12:05:14+00:00","breadcrumb":{"@id":"https:\/\/ujofotodesign.ch\/de\/2022-07-forstpferde-bei-der-arbeit\/#breadcrumb"},"inLanguage":"de-DE","potentialAction":[{"@type":"ReadAction","target":["https:\/\/ujofotodesign.ch\/de\/2022-07-forstpferde-bei-der-arbeit\/"]}]},{"@type":"BreadcrumbList","@id":"https:\/\/ujofotodesign.ch\/de\/2022-07-forstpferde-bei-der-arbeit\/#breadcrumb","itemListElement":[{"@type":"ListItem","position":1,"name":"Home","item":"https:\/\/ujofotodesign.ch\/de\/"},{"@type":"ListItem","position":2,"name":"2022 07 Forstpferde bei der Arbeit"}]},{"@type":"WebSite","@id":"https:\/\/ujofotodesign.ch\/de\/#website","url":"https:\/\/ujofotodesign.ch\/de\/","name":"ujofotodesign","description":"","publisher":{"@id":"https:\/\/ujofotodesign.ch\/de\/#\/schema\/person\/bece9dc9b9c82b781fbf996a923e4695"},"potentialAction":[{"@type":"SearchAction","target":{"@type":"EntryPoint","urlTemplate":"https:\/\/ujofotodesign.ch\/de\/?s={search_term_string}"},"query-input":"required name=search_term_string"}],"inLanguage":"de-DE"},{"@type":["Person","Organization"],"@id":"https:\/\/ujofotodesign.ch\/de\/#\/schema\/person\/bece9dc9b9c82b781fbf996a923e4695","name":"Ulrich Jousten","image":{"@type":"ImageObject","inLanguage":"de-DE","@id":"https:\/\/ujofotodesign.ch\/de\/#\/schema\/person\/image\/","url":"https:\/\/ujofotodesign.ch\/wp-content\/uploads\/2019\/10\/ujofotodesign-logo.jpg","contentUrl":"https:\/\/ujofotodesign.ch\/wp-content\/uploads\/2019\/10\/ujofotodesign-logo.jpg","width":512,"height":512,"caption":"Ulrich Jousten"},"logo":{"@id":"https:\/\/ujofotodesign.ch\/de\/#\/schema\/person\/image\/"},"sameAs":["https:\/\/ujofotodesign.ch"]}]}},"_links":{"self":[{"href":"https:\/\/ujofotodesign.ch\/de\/wp-json\/wp\/v2\/posts\/31114"}],"collection":[{"href":"https:\/\/ujofotodesign.ch\/de\/wp-json\/wp\/v2\/posts"}],"about":[{"href":"https:\/\/ujofotodesign.ch\/de\/wp-json\/wp\/v2\/types\/post"}],"author":[{"embeddable":true,"href":"https:\/\/ujofotodesign.ch\/de\/wp-json\/wp\/v2\/users\/2"}],"replies":[{"embeddable":true,"href":"https:\/\/ujofotodesign.ch\/de\/wp-json\/wp\/v2\/comments?post=31114"}],"version-history":[{"count":4,"href":"https:\/\/ujofotodesign.ch\/de\/wp-json\/wp\/v2\/posts\/31114\/revisions"}],"predecessor-version":[{"id":31120,"href":"https:\/\/ujofotodesign.ch\/de\/wp-json\/wp\/v2\/posts\/31114\/revisions\/31120"}],"wp:featuredmedia":[{"embeddable":true,"href":"https:\/\/ujofotodesign.ch\/de\/wp-json\/wp\/v2\/media\/31101"}],"wp:attachment":[{"href":"https:\/\/ujofotodesign.ch\/de\/wp-json\/wp\/v2\/media?parent=31114"}],"wp:term":[{"taxonomy":"category","embeddable":true,"href":"https:\/\/ujofotodesign.ch\/de\/wp-json\/wp\/v2\/categories?post=31114"},{"taxonomy":"post_tag","embeddable":true,"href":"https:\/\/ujofotodesign.ch\/de\/wp-json\/wp\/v2\/tags?post=31114"}],"curies":[{"name":"wp","href":"https:\/\/api.w.org\/{rel}","templated":true}]}}