{"id":31081,"date":"2022-06-28T22:29:13","date_gmt":"2022-06-28T20:29:13","guid":{"rendered":"https:\/\/ujofotodesign.ch\/?p=31081"},"modified":"2022-06-28T22:30:18","modified_gmt":"2022-06-28T20:30:18","slug":"2022-06-sao-pride-2022","status":"publish","type":"post","link":"https:\/\/ujofotodesign.ch\/de\/2022-06-sao-pride-2022\/","title":{"rendered":"2022 06 S\u00e3o Pride 2022"},"content":{"rendered":"\n<p id=\"tw-target-text\">Wie es sich manchmal aus Zufall ergibt, ist die &#8222;Parada do Orgulho&#8220; im Jahr 2022 direkt vor unserem Hotel an der Avenida Paulista in S\u00e3o Paulo vorbeigezogen (siehe auch den Post &#8222;Radio Days&#8220;), wo ich f\u00fcr diese Gesch\u00e4ftsreise Unterkunft genommen hatte. <\/p>\n\n\n\n<p id=\"tw-target-text\">Diesmal war es auch ein Aufruf, bei den n\u00e4chsten Pr\u00e4sidentschaftswahlen, die sp\u00e4ter in diesem Jahr stattfinden, gegen Intoleranz und Homophobie zu stimmen. Es war eine riesige Party mit \u00fcber einer Million Menschen und weitere Bilder findet Ihr in einer <a href=\"http:\/\/ujofotodesign.ch\/webalbum\/?album=981f6be9d43f377c9be4d88be48538c4\">Web Galerie<\/a>.<\/p>\n\n\n\n<p id=\"tw-target-text\">Es ist beeindruckend zu sehen, wie viele aufgeschlossene junge und alte Menschen ihre Unterst\u00fctzung f\u00fcr das gemeinsame Anbliegen zeigen, manche normal gekleidet, mance fancy, einige kaum, manche hetero, manche schwul, manche lesbisch, manche &#8211; Gott wei\u00df was. Der immer l\u00e4nger werdenden Abrzung LGBTQXYZABC&#8230; kann ich l\u00e4ngst nicht mehr folgen, etwas, das nichts an meiner Aufgeschlossenheit gegen\u00fcber den berechtigten Forderung nach Gleichbehandlung und Gleichberechtigung durch die Gesellschaft und deren Institutionen \u00e4ndert.<\/p>\n\n\n\n<p>Hier ein paar Eindr\u00fccke &#8230; <\/p>\n\n\n\n<div class=\"wp-block-image\"><figure class=\"aligncenter size-large\"><img decoding=\"async\" loading=\"lazy\" width=\"768\" height=\"1024\" src=\"https:\/\/ujofotodesign.ch\/wp-content\/uploads\/2022\/06\/m_ocr5_i4a3494-768x1024.jpg\" alt=\"\" class=\"wp-image-31060\" srcset=\"https:\/\/ujofotodesign.ch\/wp-content\/uploads\/2022\/06\/m_ocr5_i4a3494-768x1024.jpg 768w, https:\/\/ujofotodesign.ch\/wp-content\/uploads\/2022\/06\/m_ocr5_i4a3494-225x300.jpg 225w, https:\/\/ujofotodesign.ch\/wp-content\/uploads\/2022\/06\/m_ocr5_i4a3494.jpg 1125w\" sizes=\"(max-width: 768px) 100vw, 768px\" \/><\/figure><\/div>\n\n\n\n<p><\/p>\n\n\n\n<div class=\"wp-block-image\"><figure class=\"aligncenter size-large\"><img decoding=\"async\" loading=\"lazy\" width=\"768\" height=\"1024\" src=\"https:\/\/ujofotodesign.ch\/wp-content\/uploads\/2022\/06\/m_ocr5_i4a4245-768x1024.jpg\" alt=\"\" class=\"wp-image-31071\" srcset=\"https:\/\/ujofotodesign.ch\/wp-content\/uploads\/2022\/06\/m_ocr5_i4a4245-768x1024.jpg 768w, https:\/\/ujofotodesign.ch\/wp-content\/uploads\/2022\/06\/m_ocr5_i4a4245-225x300.jpg 225w, https:\/\/ujofotodesign.ch\/wp-content\/uploads\/2022\/06\/m_ocr5_i4a4245.jpg 1125w\" sizes=\"(max-width: 768px) 100vw, 768px\" \/><\/figure><\/div>\n\n\n\n<p><\/p>\n\n\n\n<div class=\"wp-block-image\"><figure class=\"aligncenter size-large\"><img decoding=\"async\" loading=\"lazy\" width=\"683\" height=\"1024\" src=\"https:\/\/ujofotodesign.ch\/wp-content\/uploads\/2022\/06\/m_ocr5_i4a4071-683x1024.jpg\" alt=\"\" class=\"wp-image-31070\" srcset=\"https:\/\/ujofotodesign.ch\/wp-content\/uploads\/2022\/06\/m_ocr5_i4a4071-683x1024.jpg 683w, https:\/\/ujofotodesign.ch\/wp-content\/uploads\/2022\/06\/m_ocr5_i4a4071-200x300.jpg 200w, https:\/\/ujofotodesign.ch\/wp-content\/uploads\/2022\/06\/m_ocr5_i4a4071-768x1152.jpg 768w, https:\/\/ujofotodesign.ch\/wp-content\/uploads\/2022\/06\/m_ocr5_i4a4071.jpg 1000w\" sizes=\"(max-width: 683px) 100vw, 683px\" \/><\/figure><\/div>\n\n\n\n<p><\/p>\n\n\n\n<div class=\"wp-block-image\"><figure class=\"aligncenter size-large\"><img decoding=\"async\" loading=\"lazy\" width=\"768\" height=\"1024\" src=\"https:\/\/ujofotodesign.ch\/wp-content\/uploads\/2022\/06\/m_ocr5_i4a3819-768x1024.jpg\" alt=\"\" class=\"wp-image-31067\" srcset=\"https:\/\/ujofotodesign.ch\/wp-content\/uploads\/2022\/06\/m_ocr5_i4a3819-768x1024.jpg 768w, https:\/\/ujofotodesign.ch\/wp-content\/uploads\/2022\/06\/m_ocr5_i4a3819-225x300.jpg 225w, https:\/\/ujofotodesign.ch\/wp-content\/uploads\/2022\/06\/m_ocr5_i4a3819.jpg 1125w\" sizes=\"(max-width: 768px) 100vw, 768px\" \/><\/figure><\/div>\n\n\n\n<p><\/p>\n\n\n\n<div class=\"wp-block-image\"><figure class=\"aligncenter size-large\"><img decoding=\"async\" loading=\"lazy\" width=\"768\" height=\"1024\" src=\"https:\/\/ujofotodesign.ch\/wp-content\/uploads\/2022\/06\/m_ocr5_i4a3868-768x1024.jpg\" alt=\"\" class=\"wp-image-31068\" srcset=\"https:\/\/ujofotodesign.ch\/wp-content\/uploads\/2022\/06\/m_ocr5_i4a3868-768x1024.jpg 768w, https:\/\/ujofotodesign.ch\/wp-content\/uploads\/2022\/06\/m_ocr5_i4a3868-225x300.jpg 225w, https:\/\/ujofotodesign.ch\/wp-content\/uploads\/2022\/06\/m_ocr5_i4a3868.jpg 1125w\" sizes=\"(max-width: 768px) 100vw, 768px\" \/><\/figure><\/div>\n\n\n\n<p><\/p>\n\n\n\n<div class=\"wp-block-image\"><figure class=\"aligncenter size-large\"><img decoding=\"async\" loading=\"lazy\" width=\"1024\" height=\"768\" src=\"https:\/\/ujofotodesign.ch\/wp-content\/uploads\/2022\/06\/m_ocr5_i4a4335-1024x768.jpg\" alt=\"\" class=\"wp-image-31075\" srcset=\"https:\/\/ujofotodesign.ch\/wp-content\/uploads\/2022\/06\/m_ocr5_i4a4335-1024x768.jpg 1024w, https:\/\/ujofotodesign.ch\/wp-content\/uploads\/2022\/06\/m_ocr5_i4a4335-300x225.jpg 300w, https:\/\/ujofotodesign.ch\/wp-content\/uploads\/2022\/06\/m_ocr5_i4a4335-768x576.jpg 768w, https:\/\/ujofotodesign.ch\/wp-content\/uploads\/2022\/06\/m_ocr5_i4a4335.jpg 1500w\" sizes=\"(max-width: 1024px) 100vw, 1024px\" \/><\/figure><\/div>\n\n\n\n<p><\/p>\n\n\n\n<div class=\"wp-block-image\"><figure class=\"aligncenter size-large\"><img decoding=\"async\" loading=\"lazy\" width=\"861\" height=\"1024\" src=\"https:\/\/ujofotodesign.ch\/wp-content\/uploads\/2022\/06\/m_ocr5_i4a3569-861x1024.jpg\" alt=\"\" class=\"wp-image-31062\" srcset=\"https:\/\/ujofotodesign.ch\/wp-content\/uploads\/2022\/06\/m_ocr5_i4a3569-861x1024.jpg 861w, https:\/\/ujofotodesign.ch\/wp-content\/uploads\/2022\/06\/m_ocr5_i4a3569-252x300.jpg 252w, https:\/\/ujofotodesign.ch\/wp-content\/uploads\/2022\/06\/m_ocr5_i4a3569-768x914.jpg 768w, https:\/\/ujofotodesign.ch\/wp-content\/uploads\/2022\/06\/m_ocr5_i4a3569.jpg 1261w\" sizes=\"(max-width: 861px) 100vw, 861px\" \/><\/figure><\/div>\n\n\n\n<p><\/p>\n\n\n\n<div class=\"wp-block-image\"><figure class=\"aligncenter size-large\"><img decoding=\"async\" loading=\"lazy\" width=\"768\" height=\"1024\" src=\"https:\/\/ujofotodesign.ch\/wp-content\/uploads\/2022\/06\/m_ocr5_i4a3818-768x1024.jpg\" alt=\"\" class=\"wp-image-31066\" srcset=\"https:\/\/ujofotodesign.ch\/wp-content\/uploads\/2022\/06\/m_ocr5_i4a3818-768x1024.jpg 768w, https:\/\/ujofotodesign.ch\/wp-content\/uploads\/2022\/06\/m_ocr5_i4a3818-225x300.jpg 225w, https:\/\/ujofotodesign.ch\/wp-content\/uploads\/2022\/06\/m_ocr5_i4a3818.jpg 1125w\" sizes=\"(max-width: 768px) 100vw, 768px\" \/><\/figure><\/div>\n\n\n\n<p><\/p>\n\n\n\n<div class=\"wp-block-image\"><figure class=\"aligncenter size-large\"><img decoding=\"async\" loading=\"lazy\" width=\"1024\" height=\"768\" src=\"https:\/\/ujofotodesign.ch\/wp-content\/uploads\/2022\/06\/m_ocr5_i4a3878-1024x768.jpg\" alt=\"\" class=\"wp-image-31069\" srcset=\"https:\/\/ujofotodesign.ch\/wp-content\/uploads\/2022\/06\/m_ocr5_i4a3878-1024x768.jpg 1024w, https:\/\/ujofotodesign.ch\/wp-content\/uploads\/2022\/06\/m_ocr5_i4a3878-300x225.jpg 300w, https:\/\/ujofotodesign.ch\/wp-content\/uploads\/2022\/06\/m_ocr5_i4a3878-768x576.jpg 768w, https:\/\/ujofotodesign.ch\/wp-content\/uploads\/2022\/06\/m_ocr5_i4a3878.jpg 1500w\" sizes=\"(max-width: 1024px) 100vw, 1024px\" \/><\/figure><\/div>\n\n\n\n<p><\/p>\n\n\n\n<div class=\"wp-block-image\"><figure class=\"aligncenter size-large\"><img decoding=\"async\" loading=\"lazy\" width=\"768\" height=\"1024\" src=\"https:\/\/ujofotodesign.ch\/wp-content\/uploads\/2022\/06\/m_ocr5_i4a4375-1-768x1024.jpg\" alt=\"\" class=\"wp-image-31077\" srcset=\"https:\/\/ujofotodesign.ch\/wp-content\/uploads\/2022\/06\/m_ocr5_i4a4375-1-768x1024.jpg 768w, https:\/\/ujofotodesign.ch\/wp-content\/uploads\/2022\/06\/m_ocr5_i4a4375-1-225x300.jpg 225w, https:\/\/ujofotodesign.ch\/wp-content\/uploads\/2022\/06\/m_ocr5_i4a4375-1.jpg 1125w\" sizes=\"(max-width: 768px) 100vw, 768px\" \/><\/figure><\/div>\n\n\n\n<p><\/p>\n\n\n\n<div class=\"wp-block-image\"><figure class=\"aligncenter size-large\"><img decoding=\"async\" loading=\"lazy\" width=\"1024\" height=\"768\" src=\"https:\/\/ujofotodesign.ch\/wp-content\/uploads\/2022\/06\/m_ocr5_i4a3647-1024x768.jpg\" alt=\"\" class=\"wp-image-31078\" srcset=\"https:\/\/ujofotodesign.ch\/wp-content\/uploads\/2022\/06\/m_ocr5_i4a3647-1024x768.jpg 1024w, https:\/\/ujofotodesign.ch\/wp-content\/uploads\/2022\/06\/m_ocr5_i4a3647-300x225.jpg 300w, https:\/\/ujofotodesign.ch\/wp-content\/uploads\/2022\/06\/m_ocr5_i4a3647-768x576.jpg 768w, https:\/\/ujofotodesign.ch\/wp-content\/uploads\/2022\/06\/m_ocr5_i4a3647.jpg 1500w\" sizes=\"(max-width: 1024px) 100vw, 1024px\" \/><\/figure><\/div>\n\n\n\n<p><\/p>\n\n\n\n<div class=\"wp-block-image\"><figure class=\"aligncenter size-large\"><img decoding=\"async\" loading=\"lazy\" width=\"768\" height=\"1024\" src=\"https:\/\/ujofotodesign.ch\/wp-content\/uploads\/2022\/06\/m_ocr5_i4a3601-768x1024.jpg\" alt=\"\" class=\"wp-image-31073\" srcset=\"https:\/\/ujofotodesign.ch\/wp-content\/uploads\/2022\/06\/m_ocr5_i4a3601-768x1024.jpg 768w, https:\/\/ujofotodesign.ch\/wp-content\/uploads\/2022\/06\/m_ocr5_i4a3601-225x300.jpg 225w, https:\/\/ujofotodesign.ch\/wp-content\/uploads\/2022\/06\/m_ocr5_i4a3601.jpg 1125w\" sizes=\"(max-width: 768px) 100vw, 768px\" \/><\/figure><\/div>\n\n\n\n<p><\/p>\n\n\n\n<div class=\"wp-block-image\"><figure class=\"aligncenter size-large\"><img decoding=\"async\" loading=\"lazy\" width=\"768\" height=\"1024\" src=\"https:\/\/ujofotodesign.ch\/wp-content\/uploads\/2022\/06\/m_ocr5_i4a3695-768x1024.jpg\" alt=\"\" class=\"wp-image-31064\" srcset=\"https:\/\/ujofotodesign.ch\/wp-content\/uploads\/2022\/06\/m_ocr5_i4a3695-768x1024.jpg 768w, https:\/\/ujofotodesign.ch\/wp-content\/uploads\/2022\/06\/m_ocr5_i4a3695-225x300.jpg 225w, https:\/\/ujofotodesign.ch\/wp-content\/uploads\/2022\/06\/m_ocr5_i4a3695.jpg 1125w\" sizes=\"(max-width: 768px) 100vw, 768px\" \/><\/figure><\/div>\n\n\n\n<blockquote class=\"wp-block-quote has-text-align-center\"><p>Was ist straight* ? Eine Linie kann geradelinig sein, oder eine Strasse. Aber das menschliche Herz &#8211; oh Nein, es ist kurvig wie eine Passstrasse durch die Berge.<\/p><cite>Tennessee William, Amerikanischer Theater- und Drehbuchautor (1911-1983)<br>*Straight heisst eigentlich gereade, im \u00fcbertragenen Sinne heterosexuell<\/cite><\/blockquote>\n\n\n\n<div class=\"wp-block-image\"><figure class=\"aligncenter size-large is-resized\"><img decoding=\"async\" loading=\"lazy\" src=\"https:\/\/ujofotodesign.ch\/wp-content\/uploads\/2019\/10\/ujo-signature-e1571571873324.jpg\" alt=\"\" class=\"wp-image-657\" width=\"235\" height=\"117\"\/><\/figure><\/div>\n","protected":false},"excerpt":{"rendered":"<p>Wie es sich manchmal aus Zufall ergibt, ist die &#8222;Parada do Orgulho&#8220; im Jahr 2022 direkt vor unserem Hotel an der Avenida Paulista in S\u00e3o Paulo vorbeigezogen (siehe auch den Post &#8222;Radio Days&#8220;), wo ich f\u00fcr diese Gesch\u00e4ftsreise Unterkunft genommen hatte. Diesmal war es auch ein Aufruf, bei den n\u00e4chsten Pr\u00e4sidentschaftswahlen, die sp\u00e4ter in diesem [&hellip;]<\/p>\n","protected":false},"author":2,"featured_media":31072,"comment_status":"closed","ping_status":"open","sticky":false,"template":"","format":"standard","meta":[],"categories":[10],"tags":[],"acf":[],"yoast_head":"<!-- This site is optimized with the Yoast SEO plugin v20.12 - https:\/\/yoast.com\/wordpress\/plugins\/seo\/ -->\n<title>2022 06 S\u00e3o Pride 2022 &bull; ujofotodesign<\/title>\n<meta name=\"robots\" content=\"index, follow, max-snippet:-1, max-image-preview:large, max-video-preview:-1\" \/>\n<link rel=\"canonical\" href=\"https:\/\/ujofotodesign.ch\/de\/2022-06-sao-pride-2022\/\" \/>\n<meta property=\"og:locale\" content=\"de_DE\" \/>\n<meta property=\"og:type\" content=\"article\" \/>\n<meta property=\"og:title\" content=\"2022 06 S\u00e3o Pride 2022 &bull; ujofotodesign\" \/>\n<meta property=\"og:description\" content=\"Wie es sich manchmal aus Zufall ergibt, ist die &#8222;Parada do Orgulho&#8220; im Jahr 2022 direkt vor unserem Hotel an der Avenida Paulista in S\u00e3o Paulo vorbeigezogen (siehe auch den Post &#8222;Radio Days&#8220;), wo ich f\u00fcr diese Gesch\u00e4ftsreise Unterkunft genommen hatte. Diesmal war es auch ein Aufruf, bei den n\u00e4chsten Pr\u00e4sidentschaftswahlen, die sp\u00e4ter in diesem [&hellip;]\" \/>\n<meta property=\"og:url\" content=\"https:\/\/ujofotodesign.ch\/de\/2022-06-sao-pride-2022\/\" \/>\n<meta property=\"og:site_name\" content=\"ujofotodesign\" \/>\n<meta property=\"article:published_time\" content=\"2022-06-28T20:29:13+00:00\" \/>\n<meta property=\"article:modified_time\" content=\"2022-06-28T20:30:18+00:00\" \/>\n<meta property=\"og:image\" content=\"https:\/\/ujofotodesign.ch\/wp-content\/uploads\/2022\/06\/m_ocr5_i4a3752.jpg\" \/>\n\t<meta property=\"og:image:width\" content=\"1124\" \/>\n\t<meta property=\"og:image:height\" content=\"1500\" \/>\n\t<meta property=\"og:image:type\" content=\"image\/jpeg\" \/>\n<meta name=\"author\" content=\"Ulrich Jousten\" \/>\n<meta name=\"twitter:card\" content=\"summary_large_image\" \/>\n<meta name=\"twitter:label1\" content=\"Verfasst von\" \/>\n\t<meta name=\"twitter:data1\" content=\"Ulrich Jousten\" \/>\n\t<meta name=\"twitter:label2\" content=\"Gesch\u00e4tzte Lesezeit\" \/>\n\t<meta name=\"twitter:data2\" content=\"4 Minuten\" \/>\n<script type=\"application\/ld+json\" class=\"yoast-schema-graph\">{\"@context\":\"https:\/\/schema.org\",\"@graph\":[{\"@type\":\"Article\",\"@id\":\"https:\/\/ujofotodesign.ch\/de\/2022-06-sao-pride-2022\/#article\",\"isPartOf\":{\"@id\":\"https:\/\/ujofotodesign.ch\/de\/2022-06-sao-pride-2022\/\"},\"author\":{\"name\":\"Ulrich Jousten\",\"@id\":\"https:\/\/ujofotodesign.ch\/de\/#\/schema\/person\/bece9dc9b9c82b781fbf996a923e4695\"},\"headline\":\"2022 06 S\u00e3o Pride 2022\",\"datePublished\":\"2022-06-28T20:29:13+00:00\",\"dateModified\":\"2022-06-28T20:30:18+00:00\",\"mainEntityOfPage\":{\"@id\":\"https:\/\/ujofotodesign.ch\/de\/2022-06-sao-pride-2022\/\"},\"wordCount\":212,\"publisher\":{\"@id\":\"https:\/\/ujofotodesign.ch\/de\/#\/schema\/person\/bece9dc9b9c82b781fbf996a923e4695\"},\"articleSection\":[\"News\"],\"inLanguage\":\"de-DE\"},{\"@type\":\"WebPage\",\"@id\":\"https:\/\/ujofotodesign.ch\/de\/2022-06-sao-pride-2022\/\",\"url\":\"https:\/\/ujofotodesign.ch\/de\/2022-06-sao-pride-2022\/\",\"name\":\"2022 06 S\u00e3o Pride 2022 &bull; ujofotodesign\",\"isPartOf\":{\"@id\":\"https:\/\/ujofotodesign.ch\/de\/#website\"},\"datePublished\":\"2022-06-28T20:29:13+00:00\",\"dateModified\":\"2022-06-28T20:30:18+00:00\",\"breadcrumb\":{\"@id\":\"https:\/\/ujofotodesign.ch\/de\/2022-06-sao-pride-2022\/#breadcrumb\"},\"inLanguage\":\"de-DE\",\"potentialAction\":[{\"@type\":\"ReadAction\",\"target\":[\"https:\/\/ujofotodesign.ch\/de\/2022-06-sao-pride-2022\/\"]}]},{\"@type\":\"BreadcrumbList\",\"@id\":\"https:\/\/ujofotodesign.ch\/de\/2022-06-sao-pride-2022\/#breadcrumb\",\"itemListElement\":[{\"@type\":\"ListItem\",\"position\":1,\"name\":\"Home\",\"item\":\"https:\/\/ujofotodesign.ch\/de\/\"},{\"@type\":\"ListItem\",\"position\":2,\"name\":\"2022 06 S\u00e3o Pride 2022\"}]},{\"@type\":\"WebSite\",\"@id\":\"https:\/\/ujofotodesign.ch\/de\/#website\",\"url\":\"https:\/\/ujofotodesign.ch\/de\/\",\"name\":\"ujofotodesign\",\"description\":\"\",\"publisher\":{\"@id\":\"https:\/\/ujofotodesign.ch\/de\/#\/schema\/person\/bece9dc9b9c82b781fbf996a923e4695\"},\"potentialAction\":[{\"@type\":\"SearchAction\",\"target\":{\"@type\":\"EntryPoint\",\"urlTemplate\":\"https:\/\/ujofotodesign.ch\/de\/?s={search_term_string}\"},\"query-input\":\"required name=search_term_string\"}],\"inLanguage\":\"de-DE\"},{\"@type\":[\"Person\",\"Organization\"],\"@id\":\"https:\/\/ujofotodesign.ch\/de\/#\/schema\/person\/bece9dc9b9c82b781fbf996a923e4695\",\"name\":\"Ulrich Jousten\",\"image\":{\"@type\":\"ImageObject\",\"inLanguage\":\"de-DE\",\"@id\":\"https:\/\/ujofotodesign.ch\/de\/#\/schema\/person\/image\/\",\"url\":\"https:\/\/ujofotodesign.ch\/wp-content\/uploads\/2019\/10\/ujofotodesign-logo.jpg\",\"contentUrl\":\"https:\/\/ujofotodesign.ch\/wp-content\/uploads\/2019\/10\/ujofotodesign-logo.jpg\",\"width\":512,\"height\":512,\"caption\":\"Ulrich Jousten\"},\"logo\":{\"@id\":\"https:\/\/ujofotodesign.ch\/de\/#\/schema\/person\/image\/\"},\"sameAs\":[\"https:\/\/ujofotodesign.ch\"]}]}<\/script>\n<!-- \/ Yoast SEO plugin. -->","yoast_head_json":{"title":"2022 06 S\u00e3o Pride 2022 &bull; ujofotodesign","robots":{"index":"index","follow":"follow","max-snippet":"max-snippet:-1","max-image-preview":"max-image-preview:large","max-video-preview":"max-video-preview:-1"},"canonical":"https:\/\/ujofotodesign.ch\/de\/2022-06-sao-pride-2022\/","og_locale":"de_DE","og_type":"article","og_title":"2022 06 S\u00e3o Pride 2022 &bull; ujofotodesign","og_description":"Wie es sich manchmal aus Zufall ergibt, ist die &#8222;Parada do Orgulho&#8220; im Jahr 2022 direkt vor unserem Hotel an der Avenida Paulista in S\u00e3o Paulo vorbeigezogen (siehe auch den Post &#8222;Radio Days&#8220;), wo ich f\u00fcr diese Gesch\u00e4ftsreise Unterkunft genommen hatte. Diesmal war es auch ein Aufruf, bei den n\u00e4chsten Pr\u00e4sidentschaftswahlen, die sp\u00e4ter in diesem [&hellip;]","og_url":"https:\/\/ujofotodesign.ch\/de\/2022-06-sao-pride-2022\/","og_site_name":"ujofotodesign","article_published_time":"2022-06-28T20:29:13+00:00","article_modified_time":"2022-06-28T20:30:18+00:00","og_image":[{"width":1124,"height":1500,"url":"https:\/\/ujofotodesign.ch\/wp-content\/uploads\/2022\/06\/m_ocr5_i4a3752.jpg","type":"image\/jpeg"}],"author":"Ulrich Jousten","twitter_card":"summary_large_image","twitter_misc":{"Verfasst von":"Ulrich Jousten","Gesch\u00e4tzte Lesezeit":"4 Minuten"},"schema":{"@context":"https:\/\/schema.org","@graph":[{"@type":"Article","@id":"https:\/\/ujofotodesign.ch\/de\/2022-06-sao-pride-2022\/#article","isPartOf":{"@id":"https:\/\/ujofotodesign.ch\/de\/2022-06-sao-pride-2022\/"},"author":{"name":"Ulrich Jousten","@id":"https:\/\/ujofotodesign.ch\/de\/#\/schema\/person\/bece9dc9b9c82b781fbf996a923e4695"},"headline":"2022 06 S\u00e3o Pride 2022","datePublished":"2022-06-28T20:29:13+00:00","dateModified":"2022-06-28T20:30:18+00:00","mainEntityOfPage":{"@id":"https:\/\/ujofotodesign.ch\/de\/2022-06-sao-pride-2022\/"},"wordCount":212,"publisher":{"@id":"https:\/\/ujofotodesign.ch\/de\/#\/schema\/person\/bece9dc9b9c82b781fbf996a923e4695"},"articleSection":["News"],"inLanguage":"de-DE"},{"@type":"WebPage","@id":"https:\/\/ujofotodesign.ch\/de\/2022-06-sao-pride-2022\/","url":"https:\/\/ujofotodesign.ch\/de\/2022-06-sao-pride-2022\/","name":"2022 06 S\u00e3o Pride 2022 &bull; ujofotodesign","isPartOf":{"@id":"https:\/\/ujofotodesign.ch\/de\/#website"},"datePublished":"2022-06-28T20:29:13+00:00","dateModified":"2022-06-28T20:30:18+00:00","breadcrumb":{"@id":"https:\/\/ujofotodesign.ch\/de\/2022-06-sao-pride-2022\/#breadcrumb"},"inLanguage":"de-DE","potentialAction":[{"@type":"ReadAction","target":["https:\/\/ujofotodesign.ch\/de\/2022-06-sao-pride-2022\/"]}]},{"@type":"BreadcrumbList","@id":"https:\/\/ujofotodesign.ch\/de\/2022-06-sao-pride-2022\/#breadcrumb","itemListElement":[{"@type":"ListItem","position":1,"name":"Home","item":"https:\/\/ujofotodesign.ch\/de\/"},{"@type":"ListItem","position":2,"name":"2022 06 S\u00e3o Pride 2022"}]},{"@type":"WebSite","@id":"https:\/\/ujofotodesign.ch\/de\/#website","url":"https:\/\/ujofotodesign.ch\/de\/","name":"ujofotodesign","description":"","publisher":{"@id":"https:\/\/ujofotodesign.ch\/de\/#\/schema\/person\/bece9dc9b9c82b781fbf996a923e4695"},"potentialAction":[{"@type":"SearchAction","target":{"@type":"EntryPoint","urlTemplate":"https:\/\/ujofotodesign.ch\/de\/?s={search_term_string}"},"query-input":"required name=search_term_string"}],"inLanguage":"de-DE"},{"@type":["Person","Organization"],"@id":"https:\/\/ujofotodesign.ch\/de\/#\/schema\/person\/bece9dc9b9c82b781fbf996a923e4695","name":"Ulrich Jousten","image":{"@type":"ImageObject","inLanguage":"de-DE","@id":"https:\/\/ujofotodesign.ch\/de\/#\/schema\/person\/image\/","url":"https:\/\/ujofotodesign.ch\/wp-content\/uploads\/2019\/10\/ujofotodesign-logo.jpg","contentUrl":"https:\/\/ujofotodesign.ch\/wp-content\/uploads\/2019\/10\/ujofotodesign-logo.jpg","width":512,"height":512,"caption":"Ulrich Jousten"},"logo":{"@id":"https:\/\/ujofotodesign.ch\/de\/#\/schema\/person\/image\/"},"sameAs":["https:\/\/ujofotodesign.ch"]}]}},"_links":{"self":[{"href":"https:\/\/ujofotodesign.ch\/de\/wp-json\/wp\/v2\/posts\/31081"}],"collection":[{"href":"https:\/\/ujofotodesign.ch\/de\/wp-json\/wp\/v2\/posts"}],"about":[{"href":"https:\/\/ujofotodesign.ch\/de\/wp-json\/wp\/v2\/types\/post"}],"author":[{"embeddable":true,"href":"https:\/\/ujofotodesign.ch\/de\/wp-json\/wp\/v2\/users\/2"}],"replies":[{"embeddable":true,"href":"https:\/\/ujofotodesign.ch\/de\/wp-json\/wp\/v2\/comments?post=31081"}],"version-history":[{"count":4,"href":"https:\/\/ujofotodesign.ch\/de\/wp-json\/wp\/v2\/posts\/31081\/revisions"}],"predecessor-version":[{"id":31087,"href":"https:\/\/ujofotodesign.ch\/de\/wp-json\/wp\/v2\/posts\/31081\/revisions\/31087"}],"wp:featuredmedia":[{"embeddable":true,"href":"https:\/\/ujofotodesign.ch\/de\/wp-json\/wp\/v2\/media\/31072"}],"wp:attachment":[{"href":"https:\/\/ujofotodesign.ch\/de\/wp-json\/wp\/v2\/media?parent=31081"}],"wp:term":[{"taxonomy":"category","embeddable":true,"href":"https:\/\/ujofotodesign.ch\/de\/wp-json\/wp\/v2\/categories?post=31081"},{"taxonomy":"post_tag","embeddable":true,"href":"https:\/\/ujofotodesign.ch\/de\/wp-json\/wp\/v2\/tags?post=31081"}],"curies":[{"name":"wp","href":"https:\/\/api.w.org\/{rel}","templated":true}]}}