{"id":30933,"date":"2022-02-19T12:30:00","date_gmt":"2022-02-19T11:30:00","guid":{"rendered":"https:\/\/ujofotodesign.ch\/?p=30933"},"modified":"2022-02-19T13:30:45","modified_gmt":"2022-02-19T12:30:45","slug":"2022-02-brigelser-wanderung","status":"publish","type":"post","link":"https:\/\/ujofotodesign.ch\/de\/2022-02-brigelser-wanderung\/","title":{"rendered":"2022 02 Brigelser Wanderung"},"content":{"rendered":"\n<p>Wenn das Wetter zum Skifahren nicht taugt, taugt es immer noch zum Fotografieren. Unten im Dorf schneit es und die Sicht ist, naja, eingeschr\u00e4nkt. Daher ziehe ich mich warm an, nehme die Wanderschuhe und schnalle mir den Fotorucksack um. Auf den Winterwanderwegen um Brigels f\u00fchrt mich der Pfad an diesem nebligen Februartag zun\u00e4chst zum Sessellift. Von der Bergstation Crest Falla folge ich dem Wanderweg durch den Nebel. In den sonnigen Tagen zuvor hatte ich zahlreiche interessant aussehende Geb\u00e4ude, Heustadel und Spycher aufgefallen. Nun, in der mystischen Nebelsuppe, erscheinen sie mir so, wie ich es mir vorher vorgestellt hatte. So beginne ich meine Serie, inspiriert durch die Serielle Fotografie von Bernd und Hilla Becher (den Gr\u00fcndern der D\u00fcsseldorfer Fotoschule), in die neblig-verschneite Winterlandschaft zu \u00fcbertragen. <\/p>\n\n\n\n<p>Die unglaubliche Dichte der Holzst\u00e4lle, Holzschuppen, Heustadel ist sehr ergiebig. Der Nebel tr\u00e4gt dazu bei, die Geb\u00e4ude in der Landschaft zu isolieren. Ich geniesse die Ruhe und Einsamkeit in dieser verschneiten Nebellandschaft. Kein Mensch scheint unterwegs, im fallenden Schnee erstirbt jedes Ger\u00e4usch.<\/p>\n\n\n\n<p>Obwohl die einzelnen Geb\u00e4ude zum Teil identisch scheinen, finden sich \u00fcberall sonderbare Eigenheiten, Anbauten, Farben, Formen und Materialien. So offenbart jedes Geb\u00e4ude eine eigene Identit\u00e4t, die gemeinsam den Charakter bilden, der die Landschaft auszeichnet, einmalig macht.<\/p>\n\n\n\n<p><\/p>\n\n\n\n<div class=\"wp-block-image\"><figure class=\"aligncenter size-large\"><img decoding=\"async\" loading=\"lazy\" width=\"1024\" height=\"768\" src=\"https:\/\/ujofotodesign.ch\/wp-content\/uploads\/2022\/02\/collection-brigels-1-1024x768.jpg\" alt=\"\" class=\"wp-image-30927\" srcset=\"https:\/\/ujofotodesign.ch\/wp-content\/uploads\/2022\/02\/collection-brigels-1-1024x768.jpg 1024w, https:\/\/ujofotodesign.ch\/wp-content\/uploads\/2022\/02\/collection-brigels-1-300x225.jpg 300w, https:\/\/ujofotodesign.ch\/wp-content\/uploads\/2022\/02\/collection-brigels-1-768x576.jpg 768w, https:\/\/ujofotodesign.ch\/wp-content\/uploads\/2022\/02\/collection-brigels-1-1536x1152.jpg 1536w, https:\/\/ujofotodesign.ch\/wp-content\/uploads\/2022\/02\/collection-brigels-1-scaled.jpg 2048w\" sizes=\"(max-width: 1024px) 100vw, 1024px\" \/><\/figure><\/div>\n\n\n\n<p><\/p>\n\n\n\n<div class=\"wp-block-image\"><figure class=\"aligncenter size-large\"><img decoding=\"async\" loading=\"lazy\" width=\"1024\" height=\"768\" src=\"https:\/\/ujofotodesign.ch\/wp-content\/uploads\/2022\/02\/collection-brigels-2-1024x768.jpg\" alt=\"\" class=\"wp-image-30928\" srcset=\"https:\/\/ujofotodesign.ch\/wp-content\/uploads\/2022\/02\/collection-brigels-2-1024x768.jpg 1024w, https:\/\/ujofotodesign.ch\/wp-content\/uploads\/2022\/02\/collection-brigels-2-300x225.jpg 300w, https:\/\/ujofotodesign.ch\/wp-content\/uploads\/2022\/02\/collection-brigels-2-768x576.jpg 768w, https:\/\/ujofotodesign.ch\/wp-content\/uploads\/2022\/02\/collection-brigels-2-1536x1152.jpg 1536w, https:\/\/ujofotodesign.ch\/wp-content\/uploads\/2022\/02\/collection-brigels-2-scaled.jpg 2048w\" sizes=\"(max-width: 1024px) 100vw, 1024px\" \/><\/figure><\/div>\n\n\n\n<blockquote class=\"wp-block-quote has-text-align-center\"><p>Wir haben uns diese anonyme Architektur richtig erarbeitet. <br>Objekt f\u00fcr Objekt, <br>bis wir begriffen haben, <br>welche unglaubliche Vielfalt in diesem Sujet steckt.<\/p><cite>Hilla Becher<\/cite><\/blockquote>\n","protected":false},"excerpt":{"rendered":"<p>Wenn das Wetter zum Skifahren nicht taugt, taugt es immer noch zum Fotografieren. Unten im Dorf schneit es und die Sicht ist, naja, eingeschr\u00e4nkt. Daher ziehe ich mich warm an, nehme die Wanderschuhe und schnalle mir den Fotorucksack um. Auf den Winterwanderwegen um Brigels f\u00fchrt mich der Pfad an diesem nebligen Februartag zun\u00e4chst zum Sessellift. [&hellip;]<\/p>\n","protected":false},"author":2,"featured_media":30931,"comment_status":"closed","ping_status":"open","sticky":false,"template":"","format":"standard","meta":[],"categories":[10],"tags":[],"acf":[],"yoast_head":"<!-- This site is optimized with the Yoast SEO plugin v20.12 - https:\/\/yoast.com\/wordpress\/plugins\/seo\/ -->\n<title>2022 02 Brigelser Wanderung &bull; ujofotodesign<\/title>\n<meta name=\"robots\" content=\"index, follow, max-snippet:-1, max-image-preview:large, max-video-preview:-1\" \/>\n<link rel=\"canonical\" href=\"https:\/\/ujofotodesign.ch\/de\/2022-02-brigelser-wanderung\/\" \/>\n<meta property=\"og:locale\" content=\"de_DE\" \/>\n<meta property=\"og:type\" content=\"article\" \/>\n<meta property=\"og:title\" content=\"2022 02 Brigelser Wanderung &bull; ujofotodesign\" \/>\n<meta property=\"og:description\" content=\"Wenn das Wetter zum Skifahren nicht taugt, taugt es immer noch zum Fotografieren. Unten im Dorf schneit es und die Sicht ist, naja, eingeschr\u00e4nkt. Daher ziehe ich mich warm an, nehme die Wanderschuhe und schnalle mir den Fotorucksack um. Auf den Winterwanderwegen um Brigels f\u00fchrt mich der Pfad an diesem nebligen Februartag zun\u00e4chst zum Sessellift. [&hellip;]\" \/>\n<meta property=\"og:url\" content=\"https:\/\/ujofotodesign.ch\/de\/2022-02-brigelser-wanderung\/\" \/>\n<meta property=\"og:site_name\" content=\"ujofotodesign\" \/>\n<meta property=\"article:published_time\" content=\"2022-02-19T11:30:00+00:00\" \/>\n<meta property=\"article:modified_time\" content=\"2022-02-19T12:30:45+00:00\" \/>\n<meta property=\"og:image\" content=\"https:\/\/ujofotodesign.ch\/wp-content\/uploads\/2022\/02\/1_25_mr5_i4a2816.jpg\" \/>\n\t<meta property=\"og:image:width\" content=\"2000\" \/>\n\t<meta property=\"og:image:height\" content=\"1500\" \/>\n\t<meta property=\"og:image:type\" content=\"image\/jpeg\" \/>\n<meta name=\"author\" content=\"Ulrich Jousten\" \/>\n<meta name=\"twitter:card\" content=\"summary_large_image\" \/>\n<meta name=\"twitter:label1\" content=\"Verfasst von\" \/>\n\t<meta name=\"twitter:data1\" content=\"Ulrich Jousten\" \/>\n\t<meta name=\"twitter:label2\" content=\"Gesch\u00e4tzte Lesezeit\" \/>\n\t<meta name=\"twitter:data2\" content=\"2 Minuten\" \/>\n<script type=\"application\/ld+json\" class=\"yoast-schema-graph\">{\"@context\":\"https:\/\/schema.org\",\"@graph\":[{\"@type\":\"Article\",\"@id\":\"https:\/\/ujofotodesign.ch\/de\/2022-02-brigelser-wanderung\/#article\",\"isPartOf\":{\"@id\":\"https:\/\/ujofotodesign.ch\/de\/2022-02-brigelser-wanderung\/\"},\"author\":{\"name\":\"Ulrich Jousten\",\"@id\":\"https:\/\/ujofotodesign.ch\/de\/#\/schema\/person\/bece9dc9b9c82b781fbf996a923e4695\"},\"headline\":\"2022 02 Brigelser Wanderung\",\"datePublished\":\"2022-02-19T11:30:00+00:00\",\"dateModified\":\"2022-02-19T12:30:45+00:00\",\"mainEntityOfPage\":{\"@id\":\"https:\/\/ujofotodesign.ch\/de\/2022-02-brigelser-wanderung\/\"},\"wordCount\":242,\"publisher\":{\"@id\":\"https:\/\/ujofotodesign.ch\/de\/#\/schema\/person\/bece9dc9b9c82b781fbf996a923e4695\"},\"articleSection\":[\"News\"],\"inLanguage\":\"de-DE\"},{\"@type\":\"WebPage\",\"@id\":\"https:\/\/ujofotodesign.ch\/de\/2022-02-brigelser-wanderung\/\",\"url\":\"https:\/\/ujofotodesign.ch\/de\/2022-02-brigelser-wanderung\/\",\"name\":\"2022 02 Brigelser Wanderung &bull; ujofotodesign\",\"isPartOf\":{\"@id\":\"https:\/\/ujofotodesign.ch\/de\/#website\"},\"datePublished\":\"2022-02-19T11:30:00+00:00\",\"dateModified\":\"2022-02-19T12:30:45+00:00\",\"breadcrumb\":{\"@id\":\"https:\/\/ujofotodesign.ch\/de\/2022-02-brigelser-wanderung\/#breadcrumb\"},\"inLanguage\":\"de-DE\",\"potentialAction\":[{\"@type\":\"ReadAction\",\"target\":[\"https:\/\/ujofotodesign.ch\/de\/2022-02-brigelser-wanderung\/\"]}]},{\"@type\":\"BreadcrumbList\",\"@id\":\"https:\/\/ujofotodesign.ch\/de\/2022-02-brigelser-wanderung\/#breadcrumb\",\"itemListElement\":[{\"@type\":\"ListItem\",\"position\":1,\"name\":\"Home\",\"item\":\"https:\/\/ujofotodesign.ch\/de\/\"},{\"@type\":\"ListItem\",\"position\":2,\"name\":\"2022 02 Brigelser Wanderung\"}]},{\"@type\":\"WebSite\",\"@id\":\"https:\/\/ujofotodesign.ch\/de\/#website\",\"url\":\"https:\/\/ujofotodesign.ch\/de\/\",\"name\":\"ujofotodesign\",\"description\":\"\",\"publisher\":{\"@id\":\"https:\/\/ujofotodesign.ch\/de\/#\/schema\/person\/bece9dc9b9c82b781fbf996a923e4695\"},\"potentialAction\":[{\"@type\":\"SearchAction\",\"target\":{\"@type\":\"EntryPoint\",\"urlTemplate\":\"https:\/\/ujofotodesign.ch\/de\/?s={search_term_string}\"},\"query-input\":\"required name=search_term_string\"}],\"inLanguage\":\"de-DE\"},{\"@type\":[\"Person\",\"Organization\"],\"@id\":\"https:\/\/ujofotodesign.ch\/de\/#\/schema\/person\/bece9dc9b9c82b781fbf996a923e4695\",\"name\":\"Ulrich Jousten\",\"image\":{\"@type\":\"ImageObject\",\"inLanguage\":\"de-DE\",\"@id\":\"https:\/\/ujofotodesign.ch\/de\/#\/schema\/person\/image\/\",\"url\":\"https:\/\/ujofotodesign.ch\/wp-content\/uploads\/2019\/10\/ujofotodesign-logo.jpg\",\"contentUrl\":\"https:\/\/ujofotodesign.ch\/wp-content\/uploads\/2019\/10\/ujofotodesign-logo.jpg\",\"width\":512,\"height\":512,\"caption\":\"Ulrich Jousten\"},\"logo\":{\"@id\":\"https:\/\/ujofotodesign.ch\/de\/#\/schema\/person\/image\/\"},\"sameAs\":[\"https:\/\/ujofotodesign.ch\"]}]}<\/script>\n<!-- \/ Yoast SEO plugin. -->","yoast_head_json":{"title":"2022 02 Brigelser Wanderung &bull; ujofotodesign","robots":{"index":"index","follow":"follow","max-snippet":"max-snippet:-1","max-image-preview":"max-image-preview:large","max-video-preview":"max-video-preview:-1"},"canonical":"https:\/\/ujofotodesign.ch\/de\/2022-02-brigelser-wanderung\/","og_locale":"de_DE","og_type":"article","og_title":"2022 02 Brigelser Wanderung &bull; ujofotodesign","og_description":"Wenn das Wetter zum Skifahren nicht taugt, taugt es immer noch zum Fotografieren. Unten im Dorf schneit es und die Sicht ist, naja, eingeschr\u00e4nkt. Daher ziehe ich mich warm an, nehme die Wanderschuhe und schnalle mir den Fotorucksack um. Auf den Winterwanderwegen um Brigels f\u00fchrt mich der Pfad an diesem nebligen Februartag zun\u00e4chst zum Sessellift. [&hellip;]","og_url":"https:\/\/ujofotodesign.ch\/de\/2022-02-brigelser-wanderung\/","og_site_name":"ujofotodesign","article_published_time":"2022-02-19T11:30:00+00:00","article_modified_time":"2022-02-19T12:30:45+00:00","og_image":[{"width":2000,"height":1500,"url":"https:\/\/ujofotodesign.ch\/wp-content\/uploads\/2022\/02\/1_25_mr5_i4a2816.jpg","type":"image\/jpeg"}],"author":"Ulrich Jousten","twitter_card":"summary_large_image","twitter_misc":{"Verfasst von":"Ulrich Jousten","Gesch\u00e4tzte Lesezeit":"2 Minuten"},"schema":{"@context":"https:\/\/schema.org","@graph":[{"@type":"Article","@id":"https:\/\/ujofotodesign.ch\/de\/2022-02-brigelser-wanderung\/#article","isPartOf":{"@id":"https:\/\/ujofotodesign.ch\/de\/2022-02-brigelser-wanderung\/"},"author":{"name":"Ulrich Jousten","@id":"https:\/\/ujofotodesign.ch\/de\/#\/schema\/person\/bece9dc9b9c82b781fbf996a923e4695"},"headline":"2022 02 Brigelser Wanderung","datePublished":"2022-02-19T11:30:00+00:00","dateModified":"2022-02-19T12:30:45+00:00","mainEntityOfPage":{"@id":"https:\/\/ujofotodesign.ch\/de\/2022-02-brigelser-wanderung\/"},"wordCount":242,"publisher":{"@id":"https:\/\/ujofotodesign.ch\/de\/#\/schema\/person\/bece9dc9b9c82b781fbf996a923e4695"},"articleSection":["News"],"inLanguage":"de-DE"},{"@type":"WebPage","@id":"https:\/\/ujofotodesign.ch\/de\/2022-02-brigelser-wanderung\/","url":"https:\/\/ujofotodesign.ch\/de\/2022-02-brigelser-wanderung\/","name":"2022 02 Brigelser Wanderung &bull; ujofotodesign","isPartOf":{"@id":"https:\/\/ujofotodesign.ch\/de\/#website"},"datePublished":"2022-02-19T11:30:00+00:00","dateModified":"2022-02-19T12:30:45+00:00","breadcrumb":{"@id":"https:\/\/ujofotodesign.ch\/de\/2022-02-brigelser-wanderung\/#breadcrumb"},"inLanguage":"de-DE","potentialAction":[{"@type":"ReadAction","target":["https:\/\/ujofotodesign.ch\/de\/2022-02-brigelser-wanderung\/"]}]},{"@type":"BreadcrumbList","@id":"https:\/\/ujofotodesign.ch\/de\/2022-02-brigelser-wanderung\/#breadcrumb","itemListElement":[{"@type":"ListItem","position":1,"name":"Home","item":"https:\/\/ujofotodesign.ch\/de\/"},{"@type":"ListItem","position":2,"name":"2022 02 Brigelser Wanderung"}]},{"@type":"WebSite","@id":"https:\/\/ujofotodesign.ch\/de\/#website","url":"https:\/\/ujofotodesign.ch\/de\/","name":"ujofotodesign","description":"","publisher":{"@id":"https:\/\/ujofotodesign.ch\/de\/#\/schema\/person\/bece9dc9b9c82b781fbf996a923e4695"},"potentialAction":[{"@type":"SearchAction","target":{"@type":"EntryPoint","urlTemplate":"https:\/\/ujofotodesign.ch\/de\/?s={search_term_string}"},"query-input":"required name=search_term_string"}],"inLanguage":"de-DE"},{"@type":["Person","Organization"],"@id":"https:\/\/ujofotodesign.ch\/de\/#\/schema\/person\/bece9dc9b9c82b781fbf996a923e4695","name":"Ulrich Jousten","image":{"@type":"ImageObject","inLanguage":"de-DE","@id":"https:\/\/ujofotodesign.ch\/de\/#\/schema\/person\/image\/","url":"https:\/\/ujofotodesign.ch\/wp-content\/uploads\/2019\/10\/ujofotodesign-logo.jpg","contentUrl":"https:\/\/ujofotodesign.ch\/wp-content\/uploads\/2019\/10\/ujofotodesign-logo.jpg","width":512,"height":512,"caption":"Ulrich Jousten"},"logo":{"@id":"https:\/\/ujofotodesign.ch\/de\/#\/schema\/person\/image\/"},"sameAs":["https:\/\/ujofotodesign.ch"]}]}},"_links":{"self":[{"href":"https:\/\/ujofotodesign.ch\/de\/wp-json\/wp\/v2\/posts\/30933"}],"collection":[{"href":"https:\/\/ujofotodesign.ch\/de\/wp-json\/wp\/v2\/posts"}],"about":[{"href":"https:\/\/ujofotodesign.ch\/de\/wp-json\/wp\/v2\/types\/post"}],"author":[{"embeddable":true,"href":"https:\/\/ujofotodesign.ch\/de\/wp-json\/wp\/v2\/users\/2"}],"replies":[{"embeddable":true,"href":"https:\/\/ujofotodesign.ch\/de\/wp-json\/wp\/v2\/comments?post=30933"}],"version-history":[{"count":2,"href":"https:\/\/ujofotodesign.ch\/de\/wp-json\/wp\/v2\/posts\/30933\/revisions"}],"predecessor-version":[{"id":30936,"href":"https:\/\/ujofotodesign.ch\/de\/wp-json\/wp\/v2\/posts\/30933\/revisions\/30936"}],"wp:featuredmedia":[{"embeddable":true,"href":"https:\/\/ujofotodesign.ch\/de\/wp-json\/wp\/v2\/media\/30931"}],"wp:attachment":[{"href":"https:\/\/ujofotodesign.ch\/de\/wp-json\/wp\/v2\/media?parent=30933"}],"wp:term":[{"taxonomy":"category","embeddable":true,"href":"https:\/\/ujofotodesign.ch\/de\/wp-json\/wp\/v2\/categories?post=30933"},{"taxonomy":"post_tag","embeddable":true,"href":"https:\/\/ujofotodesign.ch\/de\/wp-json\/wp\/v2\/tags?post=30933"}],"curies":[{"name":"wp","href":"https:\/\/api.w.org\/{rel}","templated":true}]}}