{"id":30891,"date":"2021-12-23T09:00:00","date_gmt":"2021-12-23T08:00:00","guid":{"rendered":"https:\/\/ujofotodesign.ch\/?p=30891"},"modified":"2021-12-23T09:51:00","modified_gmt":"2021-12-23T08:51:00","slug":"2021-12-auf-ein-neues-buntes","status":"publish","type":"post","link":"https:\/\/ujofotodesign.ch\/de\/2021-12-auf-ein-neues-buntes\/","title":{"rendered":"2021 12 Auf ein neues, buntes &#8230;"},"content":{"rendered":"\n<p>Auch dieses Jahr war gepr\u00e4gt von Corona. Die wissenschaftlichen Fakten wurden von der Urangst vor einer unbekannten, unsichtbaren Gefahr \u00fcberrollt. Viele Menschen vergleichen diese Ausnahmesituation mit einer Diktatur. Rechte Lautsprecher machen sich dies zu nutze und verkehren die Welt in dem sie die Bedrohung der individuellen Freiheit beschw\u00f6ren und die Ankunft des totalen \u00dcberwachungsstaats verk\u00fcnden. Waren das nicht fr\u00fcher die Positionen liberal denkender Intellektueller? Diese driften derweil in die Ecken der Cancel Culture ab und verlieren vor lauter identit\u00e4tsbelastetem Denken die Werte der Aufkl\u00e4rung. Extreme Kontraste und einfarbige &#8211; monochrome &#8211; Positionen herrschen vor.<\/p>\n\n\n\n<p>Und doch, dem Jahr kann auch Positives abgewonnen werden. Nie wurden so schnell Mittel gegen eine lebensbedrohende bedrohende Infektion gefunden. Viele gute Dinge wurden getan und viele neue Erkenntnisse gewonnen. Die Kreativit\u00e4t wird von den problematischen gesellschaftlichen Entwicklungen kaum behindert. Die Zukunft unseres Planeten treibt mehr und mehr Menschen um, bringt uns zum Handeln, treibt die Wirtschaft zu Innovationen in vorher kaum denkbaren Geschwindigkeiten, auch wenn immer noch mehr gemacht werden kann, und immer noch mehr zu tun ist.<\/p>\n\n\n\n<p>In diesem Sinne freue ich mich auf ein neues, buntes, vielf\u00e4ltiges Neues Jahr und w\u00fcnsche uns allen ein geruhsames Weihnachetsfest und ein fr\u00f6hliches, friedvolles, spannendes und gesundes Jahr 2022<\/p>\n\n\n\n<p><\/p>\n\n\n\n<div class=\"wp-block-image\"><figure class=\"aligncenter size-large\"><img decoding=\"async\" loading=\"lazy\" width=\"1024\" height=\"638\" src=\"https:\/\/ujofotodesign.ch\/wp-content\/uploads\/2021\/12\/mr5_i4a2562-panorama_vfinal_merged-1024x638.jpg\" alt=\"\" class=\"wp-image-30884\" srcset=\"https:\/\/ujofotodesign.ch\/wp-content\/uploads\/2021\/12\/mr5_i4a2562-panorama_vfinal_merged-1024x638.jpg 1024w, https:\/\/ujofotodesign.ch\/wp-content\/uploads\/2021\/12\/mr5_i4a2562-panorama_vfinal_merged-300x187.jpg 300w, https:\/\/ujofotodesign.ch\/wp-content\/uploads\/2021\/12\/mr5_i4a2562-panorama_vfinal_merged-768x478.jpg 768w, https:\/\/ujofotodesign.ch\/wp-content\/uploads\/2021\/12\/mr5_i4a2562-panorama_vfinal_merged-1536x957.jpg 1536w, https:\/\/ujofotodesign.ch\/wp-content\/uploads\/2021\/12\/mr5_i4a2562-panorama_vfinal_merged-scaled.jpg 2048w\" sizes=\"(max-width: 1024px) 100vw, 1024px\" \/><\/figure><\/div>\n\n\n\n<p><\/p>\n\n\n\n<blockquote class=\"wp-block-quote has-text-align-center\"><p>Wenn&#8217;s alte Jahr erfolgreich war, dann freue dich aufs neue. <br>Und war es schlecht, ja dann erst recht.<\/p><cite>Albert Einstein, Physiker, 1879 &#8211; 1955<\/cite><\/blockquote>\n\n\n\n<div class=\"wp-block-image\"><figure class=\"aligncenter size-large is-resized\"><img decoding=\"async\" loading=\"lazy\" src=\"https:\/\/ujofotodesign.ch\/wp-content\/uploads\/2019\/10\/ujo-signature-e1571571873324.jpg\" alt=\"\" class=\"wp-image-657\" width=\"235\" height=\"118\"\/><\/figure><\/div>\n","protected":false},"excerpt":{"rendered":"<p>Auch dieses Jahr war gepr\u00e4gt von Corona. Die wissenschaftlichen Fakten wurden von der Urangst vor einer unbekannten, unsichtbaren Gefahr \u00fcberrollt. Viele Menschen vergleichen diese Ausnahmesituation mit einer Diktatur. Rechte Lautsprecher machen sich dies zu nutze und verkehren die Welt in dem sie die Bedrohung der individuellen Freiheit beschw\u00f6ren und die Ankunft des totalen \u00dcberwachungsstaats verk\u00fcnden. [&hellip;]<\/p>\n","protected":false},"author":2,"featured_media":30884,"comment_status":"closed","ping_status":"open","sticky":false,"template":"","format":"standard","meta":[],"categories":[10],"tags":[],"acf":[],"yoast_head":"<!-- This site is optimized with the Yoast SEO plugin v20.12 - https:\/\/yoast.com\/wordpress\/plugins\/seo\/ -->\n<title>2021 12 Auf ein neues, buntes ... &bull; ujofotodesign<\/title>\n<meta name=\"robots\" content=\"index, follow, max-snippet:-1, max-image-preview:large, max-video-preview:-1\" \/>\n<link rel=\"canonical\" href=\"https:\/\/ujofotodesign.ch\/de\/2021-12-auf-ein-neues-buntes\/\" \/>\n<meta property=\"og:locale\" content=\"de_DE\" \/>\n<meta property=\"og:type\" content=\"article\" \/>\n<meta property=\"og:title\" content=\"2021 12 Auf ein neues, buntes ... &bull; ujofotodesign\" \/>\n<meta property=\"og:description\" content=\"Auch dieses Jahr war gepr\u00e4gt von Corona. Die wissenschaftlichen Fakten wurden von der Urangst vor einer unbekannten, unsichtbaren Gefahr \u00fcberrollt. Viele Menschen vergleichen diese Ausnahmesituation mit einer Diktatur. Rechte Lautsprecher machen sich dies zu nutze und verkehren die Welt in dem sie die Bedrohung der individuellen Freiheit beschw\u00f6ren und die Ankunft des totalen \u00dcberwachungsstaats verk\u00fcnden. [&hellip;]\" \/>\n<meta property=\"og:url\" content=\"https:\/\/ujofotodesign.ch\/de\/2021-12-auf-ein-neues-buntes\/\" \/>\n<meta property=\"og:site_name\" content=\"ujofotodesign\" \/>\n<meta property=\"article:published_time\" content=\"2021-12-23T08:00:00+00:00\" \/>\n<meta property=\"article:modified_time\" content=\"2021-12-23T08:51:00+00:00\" \/>\n<meta property=\"og:image\" content=\"https:\/\/ujofotodesign.ch\/wp-content\/uploads\/2021\/12\/mr5_i4a2562-panorama_vfinal_merged-scaled.jpg\" \/>\n\t<meta property=\"og:image:width\" content=\"2048\" \/>\n\t<meta property=\"og:image:height\" content=\"1276\" \/>\n\t<meta property=\"og:image:type\" content=\"image\/jpeg\" \/>\n<meta name=\"author\" content=\"Ulrich Jousten\" \/>\n<meta name=\"twitter:card\" content=\"summary_large_image\" \/>\n<meta name=\"twitter:label1\" content=\"Verfasst von\" \/>\n\t<meta name=\"twitter:data1\" content=\"Ulrich Jousten\" \/>\n\t<meta name=\"twitter:label2\" content=\"Gesch\u00e4tzte Lesezeit\" \/>\n\t<meta name=\"twitter:data2\" content=\"2 Minuten\" \/>\n<script type=\"application\/ld+json\" class=\"yoast-schema-graph\">{\"@context\":\"https:\/\/schema.org\",\"@graph\":[{\"@type\":\"Article\",\"@id\":\"https:\/\/ujofotodesign.ch\/de\/2021-12-auf-ein-neues-buntes\/#article\",\"isPartOf\":{\"@id\":\"https:\/\/ujofotodesign.ch\/de\/2021-12-auf-ein-neues-buntes\/\"},\"author\":{\"name\":\"Ulrich Jousten\",\"@id\":\"https:\/\/ujofotodesign.ch\/de\/#\/schema\/person\/bece9dc9b9c82b781fbf996a923e4695\"},\"headline\":\"2021 12 Auf ein neues, buntes &#8230;\",\"datePublished\":\"2021-12-23T08:00:00+00:00\",\"dateModified\":\"2021-12-23T08:51:00+00:00\",\"mainEntityOfPage\":{\"@id\":\"https:\/\/ujofotodesign.ch\/de\/2021-12-auf-ein-neues-buntes\/\"},\"wordCount\":238,\"publisher\":{\"@id\":\"https:\/\/ujofotodesign.ch\/de\/#\/schema\/person\/bece9dc9b9c82b781fbf996a923e4695\"},\"articleSection\":[\"News\"],\"inLanguage\":\"de-DE\"},{\"@type\":\"WebPage\",\"@id\":\"https:\/\/ujofotodesign.ch\/de\/2021-12-auf-ein-neues-buntes\/\",\"url\":\"https:\/\/ujofotodesign.ch\/de\/2021-12-auf-ein-neues-buntes\/\",\"name\":\"2021 12 Auf ein neues, buntes ... &bull; ujofotodesign\",\"isPartOf\":{\"@id\":\"https:\/\/ujofotodesign.ch\/de\/#website\"},\"datePublished\":\"2021-12-23T08:00:00+00:00\",\"dateModified\":\"2021-12-23T08:51:00+00:00\",\"breadcrumb\":{\"@id\":\"https:\/\/ujofotodesign.ch\/de\/2021-12-auf-ein-neues-buntes\/#breadcrumb\"},\"inLanguage\":\"de-DE\",\"potentialAction\":[{\"@type\":\"ReadAction\",\"target\":[\"https:\/\/ujofotodesign.ch\/de\/2021-12-auf-ein-neues-buntes\/\"]}]},{\"@type\":\"BreadcrumbList\",\"@id\":\"https:\/\/ujofotodesign.ch\/de\/2021-12-auf-ein-neues-buntes\/#breadcrumb\",\"itemListElement\":[{\"@type\":\"ListItem\",\"position\":1,\"name\":\"Home\",\"item\":\"https:\/\/ujofotodesign.ch\/de\/\"},{\"@type\":\"ListItem\",\"position\":2,\"name\":\"2021 12 Auf ein neues, buntes &#8230;\"}]},{\"@type\":\"WebSite\",\"@id\":\"https:\/\/ujofotodesign.ch\/de\/#website\",\"url\":\"https:\/\/ujofotodesign.ch\/de\/\",\"name\":\"ujofotodesign\",\"description\":\"\",\"publisher\":{\"@id\":\"https:\/\/ujofotodesign.ch\/de\/#\/schema\/person\/bece9dc9b9c82b781fbf996a923e4695\"},\"potentialAction\":[{\"@type\":\"SearchAction\",\"target\":{\"@type\":\"EntryPoint\",\"urlTemplate\":\"https:\/\/ujofotodesign.ch\/de\/?s={search_term_string}\"},\"query-input\":\"required name=search_term_string\"}],\"inLanguage\":\"de-DE\"},{\"@type\":[\"Person\",\"Organization\"],\"@id\":\"https:\/\/ujofotodesign.ch\/de\/#\/schema\/person\/bece9dc9b9c82b781fbf996a923e4695\",\"name\":\"Ulrich Jousten\",\"image\":{\"@type\":\"ImageObject\",\"inLanguage\":\"de-DE\",\"@id\":\"https:\/\/ujofotodesign.ch\/de\/#\/schema\/person\/image\/\",\"url\":\"https:\/\/ujofotodesign.ch\/wp-content\/uploads\/2019\/10\/ujofotodesign-logo.jpg\",\"contentUrl\":\"https:\/\/ujofotodesign.ch\/wp-content\/uploads\/2019\/10\/ujofotodesign-logo.jpg\",\"width\":512,\"height\":512,\"caption\":\"Ulrich Jousten\"},\"logo\":{\"@id\":\"https:\/\/ujofotodesign.ch\/de\/#\/schema\/person\/image\/\"},\"sameAs\":[\"https:\/\/ujofotodesign.ch\"]}]}<\/script>\n<!-- \/ Yoast SEO plugin. -->","yoast_head_json":{"title":"2021 12 Auf ein neues, buntes ... &bull; ujofotodesign","robots":{"index":"index","follow":"follow","max-snippet":"max-snippet:-1","max-image-preview":"max-image-preview:large","max-video-preview":"max-video-preview:-1"},"canonical":"https:\/\/ujofotodesign.ch\/de\/2021-12-auf-ein-neues-buntes\/","og_locale":"de_DE","og_type":"article","og_title":"2021 12 Auf ein neues, buntes ... &bull; ujofotodesign","og_description":"Auch dieses Jahr war gepr\u00e4gt von Corona. Die wissenschaftlichen Fakten wurden von der Urangst vor einer unbekannten, unsichtbaren Gefahr \u00fcberrollt. Viele Menschen vergleichen diese Ausnahmesituation mit einer Diktatur. Rechte Lautsprecher machen sich dies zu nutze und verkehren die Welt in dem sie die Bedrohung der individuellen Freiheit beschw\u00f6ren und die Ankunft des totalen \u00dcberwachungsstaats verk\u00fcnden. [&hellip;]","og_url":"https:\/\/ujofotodesign.ch\/de\/2021-12-auf-ein-neues-buntes\/","og_site_name":"ujofotodesign","article_published_time":"2021-12-23T08:00:00+00:00","article_modified_time":"2021-12-23T08:51:00+00:00","og_image":[{"width":2048,"height":1276,"url":"https:\/\/ujofotodesign.ch\/wp-content\/uploads\/2021\/12\/mr5_i4a2562-panorama_vfinal_merged-scaled.jpg","type":"image\/jpeg"}],"author":"Ulrich Jousten","twitter_card":"summary_large_image","twitter_misc":{"Verfasst von":"Ulrich Jousten","Gesch\u00e4tzte Lesezeit":"2 Minuten"},"schema":{"@context":"https:\/\/schema.org","@graph":[{"@type":"Article","@id":"https:\/\/ujofotodesign.ch\/de\/2021-12-auf-ein-neues-buntes\/#article","isPartOf":{"@id":"https:\/\/ujofotodesign.ch\/de\/2021-12-auf-ein-neues-buntes\/"},"author":{"name":"Ulrich Jousten","@id":"https:\/\/ujofotodesign.ch\/de\/#\/schema\/person\/bece9dc9b9c82b781fbf996a923e4695"},"headline":"2021 12 Auf ein neues, buntes &#8230;","datePublished":"2021-12-23T08:00:00+00:00","dateModified":"2021-12-23T08:51:00+00:00","mainEntityOfPage":{"@id":"https:\/\/ujofotodesign.ch\/de\/2021-12-auf-ein-neues-buntes\/"},"wordCount":238,"publisher":{"@id":"https:\/\/ujofotodesign.ch\/de\/#\/schema\/person\/bece9dc9b9c82b781fbf996a923e4695"},"articleSection":["News"],"inLanguage":"de-DE"},{"@type":"WebPage","@id":"https:\/\/ujofotodesign.ch\/de\/2021-12-auf-ein-neues-buntes\/","url":"https:\/\/ujofotodesign.ch\/de\/2021-12-auf-ein-neues-buntes\/","name":"2021 12 Auf ein neues, buntes ... &bull; ujofotodesign","isPartOf":{"@id":"https:\/\/ujofotodesign.ch\/de\/#website"},"datePublished":"2021-12-23T08:00:00+00:00","dateModified":"2021-12-23T08:51:00+00:00","breadcrumb":{"@id":"https:\/\/ujofotodesign.ch\/de\/2021-12-auf-ein-neues-buntes\/#breadcrumb"},"inLanguage":"de-DE","potentialAction":[{"@type":"ReadAction","target":["https:\/\/ujofotodesign.ch\/de\/2021-12-auf-ein-neues-buntes\/"]}]},{"@type":"BreadcrumbList","@id":"https:\/\/ujofotodesign.ch\/de\/2021-12-auf-ein-neues-buntes\/#breadcrumb","itemListElement":[{"@type":"ListItem","position":1,"name":"Home","item":"https:\/\/ujofotodesign.ch\/de\/"},{"@type":"ListItem","position":2,"name":"2021 12 Auf ein neues, buntes &#8230;"}]},{"@type":"WebSite","@id":"https:\/\/ujofotodesign.ch\/de\/#website","url":"https:\/\/ujofotodesign.ch\/de\/","name":"ujofotodesign","description":"","publisher":{"@id":"https:\/\/ujofotodesign.ch\/de\/#\/schema\/person\/bece9dc9b9c82b781fbf996a923e4695"},"potentialAction":[{"@type":"SearchAction","target":{"@type":"EntryPoint","urlTemplate":"https:\/\/ujofotodesign.ch\/de\/?s={search_term_string}"},"query-input":"required name=search_term_string"}],"inLanguage":"de-DE"},{"@type":["Person","Organization"],"@id":"https:\/\/ujofotodesign.ch\/de\/#\/schema\/person\/bece9dc9b9c82b781fbf996a923e4695","name":"Ulrich Jousten","image":{"@type":"ImageObject","inLanguage":"de-DE","@id":"https:\/\/ujofotodesign.ch\/de\/#\/schema\/person\/image\/","url":"https:\/\/ujofotodesign.ch\/wp-content\/uploads\/2019\/10\/ujofotodesign-logo.jpg","contentUrl":"https:\/\/ujofotodesign.ch\/wp-content\/uploads\/2019\/10\/ujofotodesign-logo.jpg","width":512,"height":512,"caption":"Ulrich Jousten"},"logo":{"@id":"https:\/\/ujofotodesign.ch\/de\/#\/schema\/person\/image\/"},"sameAs":["https:\/\/ujofotodesign.ch"]}]}},"_links":{"self":[{"href":"https:\/\/ujofotodesign.ch\/de\/wp-json\/wp\/v2\/posts\/30891"}],"collection":[{"href":"https:\/\/ujofotodesign.ch\/de\/wp-json\/wp\/v2\/posts"}],"about":[{"href":"https:\/\/ujofotodesign.ch\/de\/wp-json\/wp\/v2\/types\/post"}],"author":[{"embeddable":true,"href":"https:\/\/ujofotodesign.ch\/de\/wp-json\/wp\/v2\/users\/2"}],"replies":[{"embeddable":true,"href":"https:\/\/ujofotodesign.ch\/de\/wp-json\/wp\/v2\/comments?post=30891"}],"version-history":[{"count":2,"href":"https:\/\/ujofotodesign.ch\/de\/wp-json\/wp\/v2\/posts\/30891\/revisions"}],"predecessor-version":[{"id":30893,"href":"https:\/\/ujofotodesign.ch\/de\/wp-json\/wp\/v2\/posts\/30891\/revisions\/30893"}],"wp:featuredmedia":[{"embeddable":true,"href":"https:\/\/ujofotodesign.ch\/de\/wp-json\/wp\/v2\/media\/30884"}],"wp:attachment":[{"href":"https:\/\/ujofotodesign.ch\/de\/wp-json\/wp\/v2\/media?parent=30891"}],"wp:term":[{"taxonomy":"category","embeddable":true,"href":"https:\/\/ujofotodesign.ch\/de\/wp-json\/wp\/v2\/categories?post=30891"},{"taxonomy":"post_tag","embeddable":true,"href":"https:\/\/ujofotodesign.ch\/de\/wp-json\/wp\/v2\/tags?post=30891"}],"curies":[{"name":"wp","href":"https:\/\/api.w.org\/{rel}","templated":true}]}}