{"id":30850,"date":"2021-10-26T22:21:02","date_gmt":"2021-10-26T20:21:02","guid":{"rendered":"https:\/\/ujofotodesign.ch\/?p=30850"},"modified":"2022-01-30T18:02:57","modified_gmt":"2022-01-30T17:02:57","slug":"2021-10-herbst-in-den-bergen","status":"publish","type":"post","link":"https:\/\/ujofotodesign.ch\/de\/2021-10-herbst-in-den-bergen\/","title":{"rendered":"2021 10 Herbst in den Bergen"},"content":{"rendered":"\n<p>Derzeit bin ich nochmehr als \u00fcblich eingespannt im wirklichen Leben, da zwei  Grossprojekte meher und mehr Aufmerksamkeit beanspruchen. So war der Oktober zwar reich an Ereignissen, wie einem Go Live unserer Business Software in Neuseeland und einem lange ersehnten echten, physischem Workshop in Milano, aber arm an Fotografie. Daher habe ich dieses mal im Archiv gest\u00f6bert und die folgenden Herbstbilder gefunden.<\/p>\n\n\n\n<p>Obwohl das Wetter im Moment ausgesprochen erfreulich ist, mit farbigen Sonnenunterg\u00e4ngen und klaren Ausssichten in die Berge, entschied ich mich aus irgendeinem Grund, die Stereotypen des Herbstes anzusprechen: eine Periode mystischer Nebel, st\u00f6rende Illusionen in der Einsamkeit, vage Erscheinungen in der Stille.<\/p>\n\n\n\n<p class=\"has-text-align-center\">Ein Pfad, der ins nirgendwo f\u00fchrt<\/p>\n\n\n\n<div class=\"wp-block-image\"><figure class=\"aligncenter size-large\"><img decoding=\"async\" loading=\"lazy\" width=\"1024\" height=\"768\" src=\"https:\/\/ujofotodesign.ch\/wp-content\/uploads\/2021\/10\/m_mg_2672-1024x768.jpg\" alt=\"\" class=\"wp-image-30844\" srcset=\"https:\/\/ujofotodesign.ch\/wp-content\/uploads\/2021\/10\/m_mg_2672-1024x768.jpg 1024w, https:\/\/ujofotodesign.ch\/wp-content\/uploads\/2021\/10\/m_mg_2672-300x225.jpg 300w, https:\/\/ujofotodesign.ch\/wp-content\/uploads\/2021\/10\/m_mg_2672-768x576.jpg 768w, https:\/\/ujofotodesign.ch\/wp-content\/uploads\/2021\/10\/m_mg_2672.jpg 1200w\" sizes=\"(max-width: 1024px) 100vw, 1024px\" \/><\/figure><\/div>\n\n\n\n<p class=\"has-text-align-center\">Ein einsamer Fels, bedeckt mit Moosen, Flechten und Gr\u00e4sern<\/p>\n\n\n\n<div class=\"wp-block-image\"><figure class=\"aligncenter size-large\"><img decoding=\"async\" loading=\"lazy\" width=\"1024\" height=\"768\" src=\"https:\/\/ujofotodesign.ch\/wp-content\/uploads\/2021\/10\/m_mg_2666-1024x768.jpg\" alt=\"\" class=\"wp-image-30843\" srcset=\"https:\/\/ujofotodesign.ch\/wp-content\/uploads\/2021\/10\/m_mg_2666-1024x768.jpg 1024w, https:\/\/ujofotodesign.ch\/wp-content\/uploads\/2021\/10\/m_mg_2666-300x225.jpg 300w, https:\/\/ujofotodesign.ch\/wp-content\/uploads\/2021\/10\/m_mg_2666-768x576.jpg 768w, https:\/\/ujofotodesign.ch\/wp-content\/uploads\/2021\/10\/m_mg_2666.jpg 1200w\" sizes=\"(max-width: 1024px) 100vw, 1024px\" \/><\/figure><\/div>\n\n\n\n<p class=\"has-text-align-center\">Junge B\u00e4ume, die aus dem Nebel hervorkriechen<\/p>\n\n\n\n<div class=\"wp-block-image\"><figure class=\"aligncenter size-large\"><img decoding=\"async\" loading=\"lazy\" width=\"1024\" height=\"768\" src=\"https:\/\/ujofotodesign.ch\/wp-content\/uploads\/2021\/10\/m_mg_2729-1024x768.jpg\" alt=\"\" class=\"wp-image-30845\" srcset=\"https:\/\/ujofotodesign.ch\/wp-content\/uploads\/2021\/10\/m_mg_2729-1024x768.jpg 1024w, https:\/\/ujofotodesign.ch\/wp-content\/uploads\/2021\/10\/m_mg_2729-300x225.jpg 300w, https:\/\/ujofotodesign.ch\/wp-content\/uploads\/2021\/10\/m_mg_2729-768x576.jpg 768w, https:\/\/ujofotodesign.ch\/wp-content\/uploads\/2021\/10\/m_mg_2729.jpg 1200w\" sizes=\"(max-width: 1024px) 100vw, 1024px\" \/><\/figure><\/div>\n\n\n\n<p class=\"has-text-align-center\">Eine merkw\u00fcrdige Komposition von Baumstr\u00fcnken, Felsen und B\u00fcschen<\/p>\n\n\n\n<div class=\"wp-block-image\"><figure class=\"aligncenter size-large\"><img decoding=\"async\" loading=\"lazy\" width=\"1024\" height=\"768\" src=\"https:\/\/ujofotodesign.ch\/wp-content\/uploads\/2021\/10\/m_mg_2657-1024x768.jpg\" alt=\"\" class=\"wp-image-30842\" srcset=\"https:\/\/ujofotodesign.ch\/wp-content\/uploads\/2021\/10\/m_mg_2657-1024x768.jpg 1024w, https:\/\/ujofotodesign.ch\/wp-content\/uploads\/2021\/10\/m_mg_2657-300x225.jpg 300w, https:\/\/ujofotodesign.ch\/wp-content\/uploads\/2021\/10\/m_mg_2657-768x576.jpg 768w, https:\/\/ujofotodesign.ch\/wp-content\/uploads\/2021\/10\/m_mg_2657.jpg 1200w\" sizes=\"(max-width: 1024px) 100vw, 1024px\" \/><\/figure><\/div>\n\n\n\n<blockquote class=\"wp-block-quote has-text-align-center\"><p><em>Seltsam, im Nebel zu wandern!<\/em><br><em>Einsam ist jeder Busch und Stein,<\/em><br><em>Kein Baum sieht den anderen,<\/em><br><em>Jeder ist allein.<\/em><br><br><em>Voll von Freunden war mir die Welt,<\/em><br><em>Als noch mein Leben Licht war,<\/em><br><em>Nun, da der Nebel f\u00e4llt,<\/em><br><em>Ist keiner mehr sichtbar.<\/em><br><br><em>Wahrlich, keiner ist weise,<\/em><br><em>Der nicht das Dunkle kennt,<\/em><br><em>Das unentrinnbar und leise<\/em><br><em>Von allen ihn trennt.<\/em><br><br><em>Seltsam, im Nebel zu wandern!<\/em><br><em>Leben ist einsam sein.<\/em><br><em>Kein Mensch kennt den anderen,<\/em><br><em>Jeder ist allein.<\/em><\/p><cite>Herrmann Hesse, Im Nebel, November 1905<\/cite><\/blockquote>\n\n\n\n<div class=\"wp-block-image\"><figure class=\"aligncenter size-large is-resized\"><img decoding=\"async\" loading=\"lazy\" src=\"https:\/\/ujofotodesign.ch\/wp-content\/uploads\/2019\/10\/ujo-signature-e1571571873324.jpg\" alt=\"\" class=\"wp-image-657\" width=\"179\" height=\"89\"\/><\/figure><\/div>\n","protected":false},"excerpt":{"rendered":"<p>Derzeit bin ich nochmehr als \u00fcblich eingespannt im wirklichen Leben, da zwei Grossprojekte meher und mehr Aufmerksamkeit beanspruchen. So war der Oktober zwar reich an Ereignissen, wie einem Go Live unserer Business Software in Neuseeland und einem lange ersehnten echten, physischem Workshop in Milano, aber arm an Fotografie. Daher habe ich dieses mal im Archiv [&hellip;]<\/p>\n","protected":false},"author":2,"featured_media":30844,"comment_status":"closed","ping_status":"open","sticky":false,"template":"","format":"standard","meta":[],"categories":[10],"tags":[],"acf":[],"yoast_head":"<!-- This site is optimized with the Yoast SEO plugin v20.12 - https:\/\/yoast.com\/wordpress\/plugins\/seo\/ -->\n<title>2021 10 Herbst in den Bergen &bull; ujofotodesign<\/title>\n<meta name=\"robots\" content=\"index, follow, max-snippet:-1, max-image-preview:large, max-video-preview:-1\" \/>\n<link rel=\"canonical\" href=\"https:\/\/ujofotodesign.ch\/de\/2021-10-herbst-in-den-bergen\/\" \/>\n<meta property=\"og:locale\" content=\"de_DE\" \/>\n<meta property=\"og:type\" content=\"article\" \/>\n<meta property=\"og:title\" content=\"2021 10 Herbst in den Bergen &bull; ujofotodesign\" \/>\n<meta property=\"og:description\" content=\"Derzeit bin ich nochmehr als \u00fcblich eingespannt im wirklichen Leben, da zwei Grossprojekte meher und mehr Aufmerksamkeit beanspruchen. So war der Oktober zwar reich an Ereignissen, wie einem Go Live unserer Business Software in Neuseeland und einem lange ersehnten echten, physischem Workshop in Milano, aber arm an Fotografie. Daher habe ich dieses mal im Archiv [&hellip;]\" \/>\n<meta property=\"og:url\" content=\"https:\/\/ujofotodesign.ch\/de\/2021-10-herbst-in-den-bergen\/\" \/>\n<meta property=\"og:site_name\" content=\"ujofotodesign\" \/>\n<meta property=\"article:published_time\" content=\"2021-10-26T20:21:02+00:00\" \/>\n<meta property=\"article:modified_time\" content=\"2022-01-30T17:02:57+00:00\" \/>\n<meta property=\"og:image\" content=\"https:\/\/ujofotodesign.ch\/wp-content\/uploads\/2021\/10\/m_mg_2672.jpg\" \/>\n\t<meta property=\"og:image:width\" content=\"1200\" \/>\n\t<meta property=\"og:image:height\" content=\"900\" \/>\n\t<meta property=\"og:image:type\" content=\"image\/jpeg\" \/>\n<meta name=\"author\" content=\"Ulrich Jousten\" \/>\n<meta name=\"twitter:card\" content=\"summary_large_image\" \/>\n<meta name=\"twitter:label1\" content=\"Verfasst von\" \/>\n\t<meta name=\"twitter:data1\" content=\"Ulrich Jousten\" \/>\n\t<meta name=\"twitter:label2\" content=\"Gesch\u00e4tzte Lesezeit\" \/>\n\t<meta name=\"twitter:data2\" content=\"2 Minuten\" \/>\n<script type=\"application\/ld+json\" class=\"yoast-schema-graph\">{\"@context\":\"https:\/\/schema.org\",\"@graph\":[{\"@type\":\"Article\",\"@id\":\"https:\/\/ujofotodesign.ch\/de\/2021-10-herbst-in-den-bergen\/#article\",\"isPartOf\":{\"@id\":\"https:\/\/ujofotodesign.ch\/de\/2021-10-herbst-in-den-bergen\/\"},\"author\":{\"name\":\"Ulrich Jousten\",\"@id\":\"https:\/\/ujofotodesign.ch\/de\/#\/schema\/person\/bece9dc9b9c82b781fbf996a923e4695\"},\"headline\":\"2021 10 Herbst in den Bergen\",\"datePublished\":\"2021-10-26T20:21:02+00:00\",\"dateModified\":\"2022-01-30T17:02:57+00:00\",\"mainEntityOfPage\":{\"@id\":\"https:\/\/ujofotodesign.ch\/de\/2021-10-herbst-in-den-bergen\/\"},\"wordCount\":227,\"publisher\":{\"@id\":\"https:\/\/ujofotodesign.ch\/de\/#\/schema\/person\/bece9dc9b9c82b781fbf996a923e4695\"},\"articleSection\":[\"News\"],\"inLanguage\":\"de-DE\"},{\"@type\":\"WebPage\",\"@id\":\"https:\/\/ujofotodesign.ch\/de\/2021-10-herbst-in-den-bergen\/\",\"url\":\"https:\/\/ujofotodesign.ch\/de\/2021-10-herbst-in-den-bergen\/\",\"name\":\"2021 10 Herbst in den Bergen &bull; ujofotodesign\",\"isPartOf\":{\"@id\":\"https:\/\/ujofotodesign.ch\/de\/#website\"},\"datePublished\":\"2021-10-26T20:21:02+00:00\",\"dateModified\":\"2022-01-30T17:02:57+00:00\",\"breadcrumb\":{\"@id\":\"https:\/\/ujofotodesign.ch\/de\/2021-10-herbst-in-den-bergen\/#breadcrumb\"},\"inLanguage\":\"de-DE\",\"potentialAction\":[{\"@type\":\"ReadAction\",\"target\":[\"https:\/\/ujofotodesign.ch\/de\/2021-10-herbst-in-den-bergen\/\"]}]},{\"@type\":\"BreadcrumbList\",\"@id\":\"https:\/\/ujofotodesign.ch\/de\/2021-10-herbst-in-den-bergen\/#breadcrumb\",\"itemListElement\":[{\"@type\":\"ListItem\",\"position\":1,\"name\":\"Home\",\"item\":\"https:\/\/ujofotodesign.ch\/de\/\"},{\"@type\":\"ListItem\",\"position\":2,\"name\":\"2021 10 Herbst in den Bergen\"}]},{\"@type\":\"WebSite\",\"@id\":\"https:\/\/ujofotodesign.ch\/de\/#website\",\"url\":\"https:\/\/ujofotodesign.ch\/de\/\",\"name\":\"ujofotodesign\",\"description\":\"\",\"publisher\":{\"@id\":\"https:\/\/ujofotodesign.ch\/de\/#\/schema\/person\/bece9dc9b9c82b781fbf996a923e4695\"},\"potentialAction\":[{\"@type\":\"SearchAction\",\"target\":{\"@type\":\"EntryPoint\",\"urlTemplate\":\"https:\/\/ujofotodesign.ch\/de\/?s={search_term_string}\"},\"query-input\":\"required name=search_term_string\"}],\"inLanguage\":\"de-DE\"},{\"@type\":[\"Person\",\"Organization\"],\"@id\":\"https:\/\/ujofotodesign.ch\/de\/#\/schema\/person\/bece9dc9b9c82b781fbf996a923e4695\",\"name\":\"Ulrich Jousten\",\"image\":{\"@type\":\"ImageObject\",\"inLanguage\":\"de-DE\",\"@id\":\"https:\/\/ujofotodesign.ch\/de\/#\/schema\/person\/image\/\",\"url\":\"https:\/\/ujofotodesign.ch\/wp-content\/uploads\/2019\/10\/ujofotodesign-logo.jpg\",\"contentUrl\":\"https:\/\/ujofotodesign.ch\/wp-content\/uploads\/2019\/10\/ujofotodesign-logo.jpg\",\"width\":512,\"height\":512,\"caption\":\"Ulrich Jousten\"},\"logo\":{\"@id\":\"https:\/\/ujofotodesign.ch\/de\/#\/schema\/person\/image\/\"},\"sameAs\":[\"https:\/\/ujofotodesign.ch\"]}]}<\/script>\n<!-- \/ Yoast SEO plugin. -->","yoast_head_json":{"title":"2021 10 Herbst in den Bergen &bull; ujofotodesign","robots":{"index":"index","follow":"follow","max-snippet":"max-snippet:-1","max-image-preview":"max-image-preview:large","max-video-preview":"max-video-preview:-1"},"canonical":"https:\/\/ujofotodesign.ch\/de\/2021-10-herbst-in-den-bergen\/","og_locale":"de_DE","og_type":"article","og_title":"2021 10 Herbst in den Bergen &bull; ujofotodesign","og_description":"Derzeit bin ich nochmehr als \u00fcblich eingespannt im wirklichen Leben, da zwei Grossprojekte meher und mehr Aufmerksamkeit beanspruchen. So war der Oktober zwar reich an Ereignissen, wie einem Go Live unserer Business Software in Neuseeland und einem lange ersehnten echten, physischem Workshop in Milano, aber arm an Fotografie. Daher habe ich dieses mal im Archiv [&hellip;]","og_url":"https:\/\/ujofotodesign.ch\/de\/2021-10-herbst-in-den-bergen\/","og_site_name":"ujofotodesign","article_published_time":"2021-10-26T20:21:02+00:00","article_modified_time":"2022-01-30T17:02:57+00:00","og_image":[{"width":1200,"height":900,"url":"https:\/\/ujofotodesign.ch\/wp-content\/uploads\/2021\/10\/m_mg_2672.jpg","type":"image\/jpeg"}],"author":"Ulrich Jousten","twitter_card":"summary_large_image","twitter_misc":{"Verfasst von":"Ulrich Jousten","Gesch\u00e4tzte Lesezeit":"2 Minuten"},"schema":{"@context":"https:\/\/schema.org","@graph":[{"@type":"Article","@id":"https:\/\/ujofotodesign.ch\/de\/2021-10-herbst-in-den-bergen\/#article","isPartOf":{"@id":"https:\/\/ujofotodesign.ch\/de\/2021-10-herbst-in-den-bergen\/"},"author":{"name":"Ulrich Jousten","@id":"https:\/\/ujofotodesign.ch\/de\/#\/schema\/person\/bece9dc9b9c82b781fbf996a923e4695"},"headline":"2021 10 Herbst in den Bergen","datePublished":"2021-10-26T20:21:02+00:00","dateModified":"2022-01-30T17:02:57+00:00","mainEntityOfPage":{"@id":"https:\/\/ujofotodesign.ch\/de\/2021-10-herbst-in-den-bergen\/"},"wordCount":227,"publisher":{"@id":"https:\/\/ujofotodesign.ch\/de\/#\/schema\/person\/bece9dc9b9c82b781fbf996a923e4695"},"articleSection":["News"],"inLanguage":"de-DE"},{"@type":"WebPage","@id":"https:\/\/ujofotodesign.ch\/de\/2021-10-herbst-in-den-bergen\/","url":"https:\/\/ujofotodesign.ch\/de\/2021-10-herbst-in-den-bergen\/","name":"2021 10 Herbst in den Bergen &bull; ujofotodesign","isPartOf":{"@id":"https:\/\/ujofotodesign.ch\/de\/#website"},"datePublished":"2021-10-26T20:21:02+00:00","dateModified":"2022-01-30T17:02:57+00:00","breadcrumb":{"@id":"https:\/\/ujofotodesign.ch\/de\/2021-10-herbst-in-den-bergen\/#breadcrumb"},"inLanguage":"de-DE","potentialAction":[{"@type":"ReadAction","target":["https:\/\/ujofotodesign.ch\/de\/2021-10-herbst-in-den-bergen\/"]}]},{"@type":"BreadcrumbList","@id":"https:\/\/ujofotodesign.ch\/de\/2021-10-herbst-in-den-bergen\/#breadcrumb","itemListElement":[{"@type":"ListItem","position":1,"name":"Home","item":"https:\/\/ujofotodesign.ch\/de\/"},{"@type":"ListItem","position":2,"name":"2021 10 Herbst in den Bergen"}]},{"@type":"WebSite","@id":"https:\/\/ujofotodesign.ch\/de\/#website","url":"https:\/\/ujofotodesign.ch\/de\/","name":"ujofotodesign","description":"","publisher":{"@id":"https:\/\/ujofotodesign.ch\/de\/#\/schema\/person\/bece9dc9b9c82b781fbf996a923e4695"},"potentialAction":[{"@type":"SearchAction","target":{"@type":"EntryPoint","urlTemplate":"https:\/\/ujofotodesign.ch\/de\/?s={search_term_string}"},"query-input":"required name=search_term_string"}],"inLanguage":"de-DE"},{"@type":["Person","Organization"],"@id":"https:\/\/ujofotodesign.ch\/de\/#\/schema\/person\/bece9dc9b9c82b781fbf996a923e4695","name":"Ulrich Jousten","image":{"@type":"ImageObject","inLanguage":"de-DE","@id":"https:\/\/ujofotodesign.ch\/de\/#\/schema\/person\/image\/","url":"https:\/\/ujofotodesign.ch\/wp-content\/uploads\/2019\/10\/ujofotodesign-logo.jpg","contentUrl":"https:\/\/ujofotodesign.ch\/wp-content\/uploads\/2019\/10\/ujofotodesign-logo.jpg","width":512,"height":512,"caption":"Ulrich Jousten"},"logo":{"@id":"https:\/\/ujofotodesign.ch\/de\/#\/schema\/person\/image\/"},"sameAs":["https:\/\/ujofotodesign.ch"]}]}},"_links":{"self":[{"href":"https:\/\/ujofotodesign.ch\/de\/wp-json\/wp\/v2\/posts\/30850"}],"collection":[{"href":"https:\/\/ujofotodesign.ch\/de\/wp-json\/wp\/v2\/posts"}],"about":[{"href":"https:\/\/ujofotodesign.ch\/de\/wp-json\/wp\/v2\/types\/post"}],"author":[{"embeddable":true,"href":"https:\/\/ujofotodesign.ch\/de\/wp-json\/wp\/v2\/users\/2"}],"replies":[{"embeddable":true,"href":"https:\/\/ujofotodesign.ch\/de\/wp-json\/wp\/v2\/comments?post=30850"}],"version-history":[{"count":3,"href":"https:\/\/ujofotodesign.ch\/de\/wp-json\/wp\/v2\/posts\/30850\/revisions"}],"predecessor-version":[{"id":30856,"href":"https:\/\/ujofotodesign.ch\/de\/wp-json\/wp\/v2\/posts\/30850\/revisions\/30856"}],"wp:featuredmedia":[{"embeddable":true,"href":"https:\/\/ujofotodesign.ch\/de\/wp-json\/wp\/v2\/media\/30844"}],"wp:attachment":[{"href":"https:\/\/ujofotodesign.ch\/de\/wp-json\/wp\/v2\/media?parent=30850"}],"wp:term":[{"taxonomy":"category","embeddable":true,"href":"https:\/\/ujofotodesign.ch\/de\/wp-json\/wp\/v2\/categories?post=30850"},{"taxonomy":"post_tag","embeddable":true,"href":"https:\/\/ujofotodesign.ch\/de\/wp-json\/wp\/v2\/tags?post=30850"}],"curies":[{"name":"wp","href":"https:\/\/api.w.org\/{rel}","templated":true}]}}