{"id":30764,"date":"2021-08-27T20:10:58","date_gmt":"2021-08-27T18:10:58","guid":{"rendered":"https:\/\/ujofotodesign.ch\/?p=30764"},"modified":"2021-08-28T14:25:09","modified_gmt":"2021-08-28T12:25:09","slug":"2021-08-monochrom-ii","status":"publish","type":"post","link":"https:\/\/ujofotodesign.ch\/de\/2021-08-monochrom-ii\/","title":{"rendered":"2021 08 Monochrom &#8211; Fortsetzung"},"content":{"rendered":"\n<p>In meinem <a href=\"https:\/\/ujofotodesign.ch\/2021-06-monochrome-multiplied\/\" target=\"_blank\" rel=\"noreferrer noopener\">Juni blog<\/a> habe ich an dieser Stelle einen Teil der Vorarbeiten f\u00fcr den diesj\u00e4hringen <a href=\"https:\/\/www.fineartpix.ch\/\" target=\"_blank\" rel=\"noreferrer noopener\">FineArtPix<\/a> Workshop pr\u00e4sentiert, an dem ich seit ein paar Jahren mit anderen Bildverr\u00fcckten teilnehme und der immer im wundersch\u00f6nen italiensich-sprachigen Kanton Tessin stattfindet. Der Fotografie-Teil des Workshops fand dieses Mal in Lugano statt, fantastisch gelegen am gleichnamigen gr\u00fcnen See und im milden Klima der S\u00fcdalpen. <\/p>\n\n\n\n<p>Hier teile ich nun einige der in Lugano fotografierten und im Workshop bearbeiteten Bilder. Die Definition von &#8222;Monochrom&#8220; ist, wie bereits im Juni Beitrag dargestellt, nicht auf das &#8222;klassische&#8220; Schwarz\/Weiss beschr\u00e4nkt. Ich habe bei der Arbeit auch entdeckt, dass ja ganz unterschiedliche Mittel der Reduktion und Ver\u00e4nderung von Farbigkeit, Tonalit\u00e4t und S\u00e4ttigung in Fotos eingesetzt werden k\u00f6nnen. So ist die Abgrenzung zwischen &#8222;rein&#8220; monochromen  Bildern in klassischem oder auch getontem Schwarz\/Weiss und einer nur angehauchten Farbigkeit kaum sp\u00fcrbar. Aus diesem Grunde stelle ich in diesem Beitrag drei ganz unterschiedliche Interpretationen des Themas &#8222;Monochrom&#8220; aus.<\/p>\n\n\n\n<p><strong>Spionage Roman<\/strong><\/p>\n\n\n\n<p>Der Streifzug rund um den Monte Br\u00e9 in Lugano abseits der ausgetretenen Pfade bietet einige besondere Funde wie diese, die auch &#8222;Sichere H\u00e4user&#8220; und &#8222;Tote Briefk\u00e4sten&#8220; aus den Spionageromanen von John Le Carr\u00e9 sein k\u00f6nnten. Diese Atmosph\u00e4re wird durch das geheimnisvolle Leuchten der B\u00e4ume und die dunkle, gespenstische Tonalit\u00e4t unterstrichen.<\/p>\n\n\n\n<figure class=\"wp-block-gallery aligncenter columns-3 is-cropped wp-block-gallery-1 is-layout-flex\"><ul class=\"blocks-gallery-grid\"><li class=\"blocks-gallery-item\"><figure><img decoding=\"async\" loading=\"lazy\" width=\"1024\" height=\"768\" src=\"https:\/\/ujofotodesign.ch\/wp-content\/uploads\/2019\/10\/printfinal_c5_i4a2295_original-ratio_2000x1500_u_100-1024x768.jpg\" alt=\"\" data-id=\"30747\" data-full-url=\"https:\/\/ujofotodesign.ch\/wp-content\/uploads\/2019\/10\/printfinal_c5_i4a2295_original-ratio_2000x1500_u_100.jpg\" data-link=\"https:\/\/ujofotodesign.ch\/de\/portfolio\/achitecture-and-environment\/printfinal_c5_i4a2295_original-ratio_2000x1500_u_100\/\" class=\"wp-image-30747\" srcset=\"https:\/\/ujofotodesign.ch\/wp-content\/uploads\/2019\/10\/printfinal_c5_i4a2295_original-ratio_2000x1500_u_100-1024x768.jpg 1024w, https:\/\/ujofotodesign.ch\/wp-content\/uploads\/2019\/10\/printfinal_c5_i4a2295_original-ratio_2000x1500_u_100-300x225.jpg 300w, https:\/\/ujofotodesign.ch\/wp-content\/uploads\/2019\/10\/printfinal_c5_i4a2295_original-ratio_2000x1500_u_100-768x576.jpg 768w, https:\/\/ujofotodesign.ch\/wp-content\/uploads\/2019\/10\/printfinal_c5_i4a2295_original-ratio_2000x1500_u_100-1536x1152.jpg 1536w, https:\/\/ujofotodesign.ch\/wp-content\/uploads\/2019\/10\/printfinal_c5_i4a2295_original-ratio_2000x1500_u_100.jpg 2000w\" sizes=\"(max-width: 1024px) 100vw, 1024px\" \/><\/figure><\/li><li class=\"blocks-gallery-item\"><figure><img decoding=\"async\" loading=\"lazy\" width=\"1024\" height=\"768\" src=\"https:\/\/ujofotodesign.ch\/wp-content\/uploads\/2019\/10\/printfinal_c5_i4a2320_original-ratio_2000x1500_u_100-1024x768.jpg\" alt=\"\" data-id=\"30748\" data-full-url=\"https:\/\/ujofotodesign.ch\/wp-content\/uploads\/2019\/10\/printfinal_c5_i4a2320_original-ratio_2000x1500_u_100.jpg\" data-link=\"https:\/\/ujofotodesign.ch\/de\/portfolio\/achitecture-and-environment\/printfinal_c5_i4a2320_original-ratio_2000x1500_u_100\/\" class=\"wp-image-30748\" srcset=\"https:\/\/ujofotodesign.ch\/wp-content\/uploads\/2019\/10\/printfinal_c5_i4a2320_original-ratio_2000x1500_u_100-1024x768.jpg 1024w, https:\/\/ujofotodesign.ch\/wp-content\/uploads\/2019\/10\/printfinal_c5_i4a2320_original-ratio_2000x1500_u_100-300x225.jpg 300w, https:\/\/ujofotodesign.ch\/wp-content\/uploads\/2019\/10\/printfinal_c5_i4a2320_original-ratio_2000x1500_u_100-768x576.jpg 768w, https:\/\/ujofotodesign.ch\/wp-content\/uploads\/2019\/10\/printfinal_c5_i4a2320_original-ratio_2000x1500_u_100-1536x1152.jpg 1536w, https:\/\/ujofotodesign.ch\/wp-content\/uploads\/2019\/10\/printfinal_c5_i4a2320_original-ratio_2000x1500_u_100.jpg 2000w\" sizes=\"(max-width: 1024px) 100vw, 1024px\" \/><\/figure><\/li><li class=\"blocks-gallery-item\"><figure><img decoding=\"async\" loading=\"lazy\" width=\"1024\" height=\"768\" src=\"https:\/\/ujofotodesign.ch\/wp-content\/uploads\/2019\/10\/printfinal_c5_i4a2359_original-ratio_2000x1500_u_100-1024x768.jpg\" alt=\"\" data-id=\"30749\" data-full-url=\"https:\/\/ujofotodesign.ch\/wp-content\/uploads\/2019\/10\/printfinal_c5_i4a2359_original-ratio_2000x1500_u_100.jpg\" data-link=\"https:\/\/ujofotodesign.ch\/de\/portfolio\/achitecture-and-environment\/printfinal_c5_i4a2359_original-ratio_2000x1500_u_100\/\" class=\"wp-image-30749\" srcset=\"https:\/\/ujofotodesign.ch\/wp-content\/uploads\/2019\/10\/printfinal_c5_i4a2359_original-ratio_2000x1500_u_100-1024x768.jpg 1024w, https:\/\/ujofotodesign.ch\/wp-content\/uploads\/2019\/10\/printfinal_c5_i4a2359_original-ratio_2000x1500_u_100-300x225.jpg 300w, https:\/\/ujofotodesign.ch\/wp-content\/uploads\/2019\/10\/printfinal_c5_i4a2359_original-ratio_2000x1500_u_100-768x576.jpg 768w, https:\/\/ujofotodesign.ch\/wp-content\/uploads\/2019\/10\/printfinal_c5_i4a2359_original-ratio_2000x1500_u_100-1536x1152.jpg 1536w, https:\/\/ujofotodesign.ch\/wp-content\/uploads\/2019\/10\/printfinal_c5_i4a2359_original-ratio_2000x1500_u_100.jpg 2000w\" sizes=\"(max-width: 1024px) 100vw, 1024px\" \/><\/figure><\/li><\/ul><\/figure>\n\n\n\n<p><strong>Parking blues<\/strong> <\/p>\n\n\n\n<p>In der N\u00e4he des Ciani-Parks befindet sich eine 2007 von den Architekten <a href=\"https:\/\/www.gr-architetti.ch\/\">Giraurdi Wettstein<\/a> errichtete Parkhaus Ein- und Ausfahrt. Die moderne Architektur bildet einen sch\u00f6nen Kontrast zu den umliegenden Geb\u00e4uden. Die helle bl\u00e4uliche Tonalit\u00e4t spiegelt passend die k\u00fchle Beton- und Metallarchitektur wider, obwohl die echten Farben viel kr\u00e4ftiger sind.<\/p>\n\n\n\n<figure class=\"wp-block-gallery aligncenter columns-3 is-cropped wp-block-gallery-3 is-layout-flex\"><ul class=\"blocks-gallery-grid\"><li class=\"blocks-gallery-item\"><figure><img decoding=\"async\" loading=\"lazy\" width=\"1024\" height=\"768\" src=\"https:\/\/ujofotodesign.ch\/wp-content\/uploads\/2021\/08\/printfinal_c5_i4a2069_2_original-ratio_2000x1500_u_100-1024x768.jpg\" alt=\"\" data-id=\"30755\" data-full-url=\"https:\/\/ujofotodesign.ch\/wp-content\/uploads\/2021\/08\/printfinal_c5_i4a2069_2_original-ratio_2000x1500_u_100.jpg\" data-link=\"https:\/\/ujofotodesign.ch\/printfinal_c5_i4a2069_2_original-ratio_2000x1500_u_100\/\" class=\"wp-image-30755\" srcset=\"https:\/\/ujofotodesign.ch\/wp-content\/uploads\/2021\/08\/printfinal_c5_i4a2069_2_original-ratio_2000x1500_u_100-1024x768.jpg 1024w, https:\/\/ujofotodesign.ch\/wp-content\/uploads\/2021\/08\/printfinal_c5_i4a2069_2_original-ratio_2000x1500_u_100-300x225.jpg 300w, https:\/\/ujofotodesign.ch\/wp-content\/uploads\/2021\/08\/printfinal_c5_i4a2069_2_original-ratio_2000x1500_u_100-768x576.jpg 768w, https:\/\/ujofotodesign.ch\/wp-content\/uploads\/2021\/08\/printfinal_c5_i4a2069_2_original-ratio_2000x1500_u_100-1536x1152.jpg 1536w, https:\/\/ujofotodesign.ch\/wp-content\/uploads\/2021\/08\/printfinal_c5_i4a2069_2_original-ratio_2000x1500_u_100.jpg 2000w\" sizes=\"(max-width: 1024px) 100vw, 1024px\" \/><\/figure><\/li><li class=\"blocks-gallery-item\"><figure><img decoding=\"async\" loading=\"lazy\" width=\"1024\" height=\"768\" src=\"https:\/\/ujofotodesign.ch\/wp-content\/uploads\/2021\/08\/printfinal_c5_i4a2078_2_original-ratio_2000x1500_u_100-1024x768.jpg\" alt=\"\" data-id=\"30757\" data-full-url=\"https:\/\/ujofotodesign.ch\/wp-content\/uploads\/2021\/08\/printfinal_c5_i4a2078_2_original-ratio_2000x1500_u_100.jpg\" data-link=\"https:\/\/ujofotodesign.ch\/printfinal_c5_i4a2078_2_original-ratio_2000x1500_u_100\/\" class=\"wp-image-30757\" srcset=\"https:\/\/ujofotodesign.ch\/wp-content\/uploads\/2021\/08\/printfinal_c5_i4a2078_2_original-ratio_2000x1500_u_100-1024x768.jpg 1024w, https:\/\/ujofotodesign.ch\/wp-content\/uploads\/2021\/08\/printfinal_c5_i4a2078_2_original-ratio_2000x1500_u_100-300x225.jpg 300w, https:\/\/ujofotodesign.ch\/wp-content\/uploads\/2021\/08\/printfinal_c5_i4a2078_2_original-ratio_2000x1500_u_100-768x576.jpg 768w, https:\/\/ujofotodesign.ch\/wp-content\/uploads\/2021\/08\/printfinal_c5_i4a2078_2_original-ratio_2000x1500_u_100-1536x1152.jpg 1536w, https:\/\/ujofotodesign.ch\/wp-content\/uploads\/2021\/08\/printfinal_c5_i4a2078_2_original-ratio_2000x1500_u_100.jpg 2000w\" sizes=\"(max-width: 1024px) 100vw, 1024px\" \/><\/figure><\/li><li class=\"blocks-gallery-item\"><figure><img decoding=\"async\" loading=\"lazy\" width=\"1024\" height=\"768\" src=\"https:\/\/ujofotodesign.ch\/wp-content\/uploads\/2021\/08\/printfinal_c5_i4a2072_2_original-ratio_2000x1500_u_100-1024x768.jpg\" alt=\"\" data-id=\"30756\" data-full-url=\"https:\/\/ujofotodesign.ch\/wp-content\/uploads\/2021\/08\/printfinal_c5_i4a2072_2_original-ratio_2000x1500_u_100.jpg\" data-link=\"https:\/\/ujofotodesign.ch\/printfinal_c5_i4a2072_2_original-ratio_2000x1500_u_100\/\" class=\"wp-image-30756\" srcset=\"https:\/\/ujofotodesign.ch\/wp-content\/uploads\/2021\/08\/printfinal_c5_i4a2072_2_original-ratio_2000x1500_u_100-1024x768.jpg 1024w, https:\/\/ujofotodesign.ch\/wp-content\/uploads\/2021\/08\/printfinal_c5_i4a2072_2_original-ratio_2000x1500_u_100-300x225.jpg 300w, https:\/\/ujofotodesign.ch\/wp-content\/uploads\/2021\/08\/printfinal_c5_i4a2072_2_original-ratio_2000x1500_u_100-768x576.jpg 768w, https:\/\/ujofotodesign.ch\/wp-content\/uploads\/2021\/08\/printfinal_c5_i4a2072_2_original-ratio_2000x1500_u_100-1536x1152.jpg 1536w, https:\/\/ujofotodesign.ch\/wp-content\/uploads\/2021\/08\/printfinal_c5_i4a2072_2_original-ratio_2000x1500_u_100.jpg 2000w\" sizes=\"(max-width: 1024px) 100vw, 1024px\" \/><\/figure><\/li><\/ul><\/figure>\n\n\n\n<p><strong>Nicht von dieser Welt<\/strong><\/p>\n\n\n\n<p>Ein weiterer interessanter Ort ist dieser Skaterpark zwischen dem Luganer Friedhof und dem &#8222;Stadio comunale di Cornaredo&#8220;, dem Heimstadion der Fu\u00dfballmannschaft von Lugano. Die seltsame Tonalit\u00e4t der Betonstrukturen und des Himmels l\u00e4sst es wie eine Szene von einem anderen Planeten erscheinen.<\/p>\n\n\n\n<figure class=\"wp-block-gallery aligncenter columns-3 is-cropped wp-block-gallery-5 is-layout-flex\"><ul class=\"blocks-gallery-grid\"><li class=\"blocks-gallery-item\"><figure><img decoding=\"async\" loading=\"lazy\" width=\"1024\" height=\"768\" src=\"https:\/\/ujofotodesign.ch\/wp-content\/uploads\/2021\/08\/printfinal_c5_i4a2392_original-ratio_2000x1500_u_100-1024x768.jpg\" alt=\"\" data-id=\"30759\" data-full-url=\"https:\/\/ujofotodesign.ch\/wp-content\/uploads\/2021\/08\/printfinal_c5_i4a2392_original-ratio_2000x1500_u_100.jpg\" data-link=\"https:\/\/ujofotodesign.ch\/printfinal_c5_i4a2392_original-ratio_2000x1500_u_100\/\" class=\"wp-image-30759\" srcset=\"https:\/\/ujofotodesign.ch\/wp-content\/uploads\/2021\/08\/printfinal_c5_i4a2392_original-ratio_2000x1500_u_100-1024x768.jpg 1024w, https:\/\/ujofotodesign.ch\/wp-content\/uploads\/2021\/08\/printfinal_c5_i4a2392_original-ratio_2000x1500_u_100-300x225.jpg 300w, https:\/\/ujofotodesign.ch\/wp-content\/uploads\/2021\/08\/printfinal_c5_i4a2392_original-ratio_2000x1500_u_100-768x576.jpg 768w, https:\/\/ujofotodesign.ch\/wp-content\/uploads\/2021\/08\/printfinal_c5_i4a2392_original-ratio_2000x1500_u_100-1536x1152.jpg 1536w, https:\/\/ujofotodesign.ch\/wp-content\/uploads\/2021\/08\/printfinal_c5_i4a2392_original-ratio_2000x1500_u_100.jpg 2000w\" sizes=\"(max-width: 1024px) 100vw, 1024px\" \/><\/figure><\/li><li class=\"blocks-gallery-item\"><figure><img decoding=\"async\" loading=\"lazy\" width=\"1024\" height=\"768\" src=\"https:\/\/ujofotodesign.ch\/wp-content\/uploads\/2021\/08\/printfinal_c5_i4a2394_original-ratio_2000x1500_u_100-1024x768.jpg\" alt=\"\" data-id=\"30760\" data-full-url=\"https:\/\/ujofotodesign.ch\/wp-content\/uploads\/2021\/08\/printfinal_c5_i4a2394_original-ratio_2000x1500_u_100.jpg\" data-link=\"https:\/\/ujofotodesign.ch\/printfinal_c5_i4a2394_original-ratio_2000x1500_u_100\/\" class=\"wp-image-30760\" srcset=\"https:\/\/ujofotodesign.ch\/wp-content\/uploads\/2021\/08\/printfinal_c5_i4a2394_original-ratio_2000x1500_u_100-1024x768.jpg 1024w, https:\/\/ujofotodesign.ch\/wp-content\/uploads\/2021\/08\/printfinal_c5_i4a2394_original-ratio_2000x1500_u_100-300x225.jpg 300w, https:\/\/ujofotodesign.ch\/wp-content\/uploads\/2021\/08\/printfinal_c5_i4a2394_original-ratio_2000x1500_u_100-768x576.jpg 768w, https:\/\/ujofotodesign.ch\/wp-content\/uploads\/2021\/08\/printfinal_c5_i4a2394_original-ratio_2000x1500_u_100-1536x1152.jpg 1536w, https:\/\/ujofotodesign.ch\/wp-content\/uploads\/2021\/08\/printfinal_c5_i4a2394_original-ratio_2000x1500_u_100.jpg 2000w\" sizes=\"(max-width: 1024px) 100vw, 1024px\" \/><\/figure><\/li><li class=\"blocks-gallery-item\"><figure><img decoding=\"async\" loading=\"lazy\" width=\"1024\" height=\"768\" src=\"https:\/\/ujofotodesign.ch\/wp-content\/uploads\/2021\/08\/printfinal_c5_i4a2391_original-ratio_2000x1500_u_100-1024x768.jpg\" alt=\"\" data-id=\"30758\" data-full-url=\"https:\/\/ujofotodesign.ch\/wp-content\/uploads\/2021\/08\/printfinal_c5_i4a2391_original-ratio_2000x1500_u_100.jpg\" data-link=\"https:\/\/ujofotodesign.ch\/printfinal_c5_i4a2391_original-ratio_2000x1500_u_100\/\" class=\"wp-image-30758\" srcset=\"https:\/\/ujofotodesign.ch\/wp-content\/uploads\/2021\/08\/printfinal_c5_i4a2391_original-ratio_2000x1500_u_100-1024x768.jpg 1024w, https:\/\/ujofotodesign.ch\/wp-content\/uploads\/2021\/08\/printfinal_c5_i4a2391_original-ratio_2000x1500_u_100-300x225.jpg 300w, https:\/\/ujofotodesign.ch\/wp-content\/uploads\/2021\/08\/printfinal_c5_i4a2391_original-ratio_2000x1500_u_100-768x576.jpg 768w, https:\/\/ujofotodesign.ch\/wp-content\/uploads\/2021\/08\/printfinal_c5_i4a2391_original-ratio_2000x1500_u_100-1536x1152.jpg 1536w, https:\/\/ujofotodesign.ch\/wp-content\/uploads\/2021\/08\/printfinal_c5_i4a2391_original-ratio_2000x1500_u_100.jpg 2000w\" sizes=\"(max-width: 1024px) 100vw, 1024px\" \/><\/figure><\/li><\/ul><\/figure>\n\n\n\n<blockquote class=\"wp-block-quote has-text-align-center\"><p>Architektur schafft f\u00fcr mich nicht nur einen Raum, der Menschen besch\u00fctzt, sondern sie auch zum Tr\u00e4umen bringt.<\/p><cite>Mario Botta, Schweizer Architekt *1943<\/cite><\/blockquote>\n\n\n\n<div class=\"wp-block-image\"><figure class=\"aligncenter size-large is-resized\"><img decoding=\"async\" loading=\"lazy\" src=\"https:\/\/ujofotodesign.ch\/wp-content\/uploads\/2019\/10\/ujo-signature-e1571571873324.jpg\" alt=\"\" class=\"wp-image-657\" width=\"235\" height=\"118\"\/><\/figure><\/div>\n","protected":false},"excerpt":{"rendered":"<p>In meinem Juni blog habe ich an dieser Stelle einen Teil der Vorarbeiten f\u00fcr den diesj\u00e4hringen FineArtPix Workshop pr\u00e4sentiert, an dem ich seit ein paar Jahren mit anderen Bildverr\u00fcckten teilnehme und der immer im wundersch\u00f6nen italiensich-sprachigen Kanton Tessin stattfindet. Der Fotografie-Teil des Workshops fand dieses Mal in Lugano statt, fantastisch gelegen am gleichnamigen gr\u00fcnen See [&hellip;]<\/p>\n","protected":false},"author":2,"featured_media":0,"comment_status":"closed","ping_status":"open","sticky":false,"template":"","format":"standard","meta":[],"categories":[10],"tags":[],"acf":[],"yoast_head":"<!-- This site is optimized with the Yoast SEO plugin v20.12 - https:\/\/yoast.com\/wordpress\/plugins\/seo\/ -->\n<title>2021 08 Monochrom - Fortsetzung &bull; ujofotodesign<\/title>\n<meta name=\"robots\" content=\"index, follow, max-snippet:-1, max-image-preview:large, max-video-preview:-1\" \/>\n<link rel=\"canonical\" href=\"https:\/\/ujofotodesign.ch\/de\/2021-08-monochrom-ii\/\" \/>\n<meta property=\"og:locale\" content=\"de_DE\" \/>\n<meta property=\"og:type\" content=\"article\" \/>\n<meta property=\"og:title\" content=\"2021 08 Monochrom - Fortsetzung &bull; ujofotodesign\" \/>\n<meta property=\"og:description\" content=\"In meinem Juni blog habe ich an dieser Stelle einen Teil der Vorarbeiten f\u00fcr den diesj\u00e4hringen FineArtPix Workshop pr\u00e4sentiert, an dem ich seit ein paar Jahren mit anderen Bildverr\u00fcckten teilnehme und der immer im wundersch\u00f6nen italiensich-sprachigen Kanton Tessin stattfindet. Der Fotografie-Teil des Workshops fand dieses Mal in Lugano statt, fantastisch gelegen am gleichnamigen gr\u00fcnen See [&hellip;]\" \/>\n<meta property=\"og:url\" content=\"https:\/\/ujofotodesign.ch\/de\/2021-08-monochrom-ii\/\" \/>\n<meta property=\"og:site_name\" content=\"ujofotodesign\" \/>\n<meta property=\"article:published_time\" content=\"2021-08-27T18:10:58+00:00\" \/>\n<meta property=\"article:modified_time\" content=\"2021-08-28T12:25:09+00:00\" \/>\n<meta property=\"og:image\" content=\"https:\/\/ujofotodesign.ch\/wp-content\/uploads\/2019\/10\/printfinal_c5_i4a2295_original-ratio_2000x1500_u_100-1024x768.jpg\" \/>\n<meta name=\"author\" content=\"Ulrich Jousten\" \/>\n<meta name=\"twitter:card\" content=\"summary_large_image\" \/>\n<meta name=\"twitter:label1\" content=\"Verfasst von\" \/>\n\t<meta name=\"twitter:data1\" content=\"Ulrich Jousten\" \/>\n\t<meta name=\"twitter:label2\" content=\"Gesch\u00e4tzte Lesezeit\" \/>\n\t<meta name=\"twitter:data2\" content=\"4 Minuten\" \/>\n<script type=\"application\/ld+json\" class=\"yoast-schema-graph\">{\"@context\":\"https:\/\/schema.org\",\"@graph\":[{\"@type\":\"Article\",\"@id\":\"https:\/\/ujofotodesign.ch\/de\/2021-08-monochrom-ii\/#article\",\"isPartOf\":{\"@id\":\"https:\/\/ujofotodesign.ch\/de\/2021-08-monochrom-ii\/\"},\"author\":{\"name\":\"Ulrich Jousten\",\"@id\":\"https:\/\/ujofotodesign.ch\/de\/#\/schema\/person\/bece9dc9b9c82b781fbf996a923e4695\"},\"headline\":\"2021 08 Monochrom &#8211; Fortsetzung\",\"datePublished\":\"2021-08-27T18:10:58+00:00\",\"dateModified\":\"2021-08-28T12:25:09+00:00\",\"mainEntityOfPage\":{\"@id\":\"https:\/\/ujofotodesign.ch\/de\/2021-08-monochrom-ii\/\"},\"wordCount\":360,\"publisher\":{\"@id\":\"https:\/\/ujofotodesign.ch\/de\/#\/schema\/person\/bece9dc9b9c82b781fbf996a923e4695\"},\"articleSection\":[\"News\"],\"inLanguage\":\"de-DE\"},{\"@type\":\"WebPage\",\"@id\":\"https:\/\/ujofotodesign.ch\/de\/2021-08-monochrom-ii\/\",\"url\":\"https:\/\/ujofotodesign.ch\/de\/2021-08-monochrom-ii\/\",\"name\":\"2021 08 Monochrom - Fortsetzung &bull; ujofotodesign\",\"isPartOf\":{\"@id\":\"https:\/\/ujofotodesign.ch\/de\/#website\"},\"datePublished\":\"2021-08-27T18:10:58+00:00\",\"dateModified\":\"2021-08-28T12:25:09+00:00\",\"breadcrumb\":{\"@id\":\"https:\/\/ujofotodesign.ch\/de\/2021-08-monochrom-ii\/#breadcrumb\"},\"inLanguage\":\"de-DE\",\"potentialAction\":[{\"@type\":\"ReadAction\",\"target\":[\"https:\/\/ujofotodesign.ch\/de\/2021-08-monochrom-ii\/\"]}]},{\"@type\":\"BreadcrumbList\",\"@id\":\"https:\/\/ujofotodesign.ch\/de\/2021-08-monochrom-ii\/#breadcrumb\",\"itemListElement\":[{\"@type\":\"ListItem\",\"position\":1,\"name\":\"Home\",\"item\":\"https:\/\/ujofotodesign.ch\/de\/\"},{\"@type\":\"ListItem\",\"position\":2,\"name\":\"2021 08 Monochrom &#8211; Fortsetzung\"}]},{\"@type\":\"WebSite\",\"@id\":\"https:\/\/ujofotodesign.ch\/de\/#website\",\"url\":\"https:\/\/ujofotodesign.ch\/de\/\",\"name\":\"ujofotodesign\",\"description\":\"\",\"publisher\":{\"@id\":\"https:\/\/ujofotodesign.ch\/de\/#\/schema\/person\/bece9dc9b9c82b781fbf996a923e4695\"},\"potentialAction\":[{\"@type\":\"SearchAction\",\"target\":{\"@type\":\"EntryPoint\",\"urlTemplate\":\"https:\/\/ujofotodesign.ch\/de\/?s={search_term_string}\"},\"query-input\":\"required name=search_term_string\"}],\"inLanguage\":\"de-DE\"},{\"@type\":[\"Person\",\"Organization\"],\"@id\":\"https:\/\/ujofotodesign.ch\/de\/#\/schema\/person\/bece9dc9b9c82b781fbf996a923e4695\",\"name\":\"Ulrich Jousten\",\"image\":{\"@type\":\"ImageObject\",\"inLanguage\":\"de-DE\",\"@id\":\"https:\/\/ujofotodesign.ch\/de\/#\/schema\/person\/image\/\",\"url\":\"https:\/\/ujofotodesign.ch\/wp-content\/uploads\/2019\/10\/ujofotodesign-logo.jpg\",\"contentUrl\":\"https:\/\/ujofotodesign.ch\/wp-content\/uploads\/2019\/10\/ujofotodesign-logo.jpg\",\"width\":512,\"height\":512,\"caption\":\"Ulrich Jousten\"},\"logo\":{\"@id\":\"https:\/\/ujofotodesign.ch\/de\/#\/schema\/person\/image\/\"},\"sameAs\":[\"https:\/\/ujofotodesign.ch\"]}]}<\/script>\n<!-- \/ Yoast SEO plugin. -->","yoast_head_json":{"title":"2021 08 Monochrom - Fortsetzung &bull; ujofotodesign","robots":{"index":"index","follow":"follow","max-snippet":"max-snippet:-1","max-image-preview":"max-image-preview:large","max-video-preview":"max-video-preview:-1"},"canonical":"https:\/\/ujofotodesign.ch\/de\/2021-08-monochrom-ii\/","og_locale":"de_DE","og_type":"article","og_title":"2021 08 Monochrom - Fortsetzung &bull; ujofotodesign","og_description":"In meinem Juni blog habe ich an dieser Stelle einen Teil der Vorarbeiten f\u00fcr den diesj\u00e4hringen FineArtPix Workshop pr\u00e4sentiert, an dem ich seit ein paar Jahren mit anderen Bildverr\u00fcckten teilnehme und der immer im wundersch\u00f6nen italiensich-sprachigen Kanton Tessin stattfindet. Der Fotografie-Teil des Workshops fand dieses Mal in Lugano statt, fantastisch gelegen am gleichnamigen gr\u00fcnen See [&hellip;]","og_url":"https:\/\/ujofotodesign.ch\/de\/2021-08-monochrom-ii\/","og_site_name":"ujofotodesign","article_published_time":"2021-08-27T18:10:58+00:00","article_modified_time":"2021-08-28T12:25:09+00:00","og_image":[{"url":"https:\/\/ujofotodesign.ch\/wp-content\/uploads\/2019\/10\/printfinal_c5_i4a2295_original-ratio_2000x1500_u_100-1024x768.jpg"}],"author":"Ulrich Jousten","twitter_card":"summary_large_image","twitter_misc":{"Verfasst von":"Ulrich Jousten","Gesch\u00e4tzte Lesezeit":"4 Minuten"},"schema":{"@context":"https:\/\/schema.org","@graph":[{"@type":"Article","@id":"https:\/\/ujofotodesign.ch\/de\/2021-08-monochrom-ii\/#article","isPartOf":{"@id":"https:\/\/ujofotodesign.ch\/de\/2021-08-monochrom-ii\/"},"author":{"name":"Ulrich Jousten","@id":"https:\/\/ujofotodesign.ch\/de\/#\/schema\/person\/bece9dc9b9c82b781fbf996a923e4695"},"headline":"2021 08 Monochrom &#8211; Fortsetzung","datePublished":"2021-08-27T18:10:58+00:00","dateModified":"2021-08-28T12:25:09+00:00","mainEntityOfPage":{"@id":"https:\/\/ujofotodesign.ch\/de\/2021-08-monochrom-ii\/"},"wordCount":360,"publisher":{"@id":"https:\/\/ujofotodesign.ch\/de\/#\/schema\/person\/bece9dc9b9c82b781fbf996a923e4695"},"articleSection":["News"],"inLanguage":"de-DE"},{"@type":"WebPage","@id":"https:\/\/ujofotodesign.ch\/de\/2021-08-monochrom-ii\/","url":"https:\/\/ujofotodesign.ch\/de\/2021-08-monochrom-ii\/","name":"2021 08 Monochrom - Fortsetzung &bull; ujofotodesign","isPartOf":{"@id":"https:\/\/ujofotodesign.ch\/de\/#website"},"datePublished":"2021-08-27T18:10:58+00:00","dateModified":"2021-08-28T12:25:09+00:00","breadcrumb":{"@id":"https:\/\/ujofotodesign.ch\/de\/2021-08-monochrom-ii\/#breadcrumb"},"inLanguage":"de-DE","potentialAction":[{"@type":"ReadAction","target":["https:\/\/ujofotodesign.ch\/de\/2021-08-monochrom-ii\/"]}]},{"@type":"BreadcrumbList","@id":"https:\/\/ujofotodesign.ch\/de\/2021-08-monochrom-ii\/#breadcrumb","itemListElement":[{"@type":"ListItem","position":1,"name":"Home","item":"https:\/\/ujofotodesign.ch\/de\/"},{"@type":"ListItem","position":2,"name":"2021 08 Monochrom &#8211; Fortsetzung"}]},{"@type":"WebSite","@id":"https:\/\/ujofotodesign.ch\/de\/#website","url":"https:\/\/ujofotodesign.ch\/de\/","name":"ujofotodesign","description":"","publisher":{"@id":"https:\/\/ujofotodesign.ch\/de\/#\/schema\/person\/bece9dc9b9c82b781fbf996a923e4695"},"potentialAction":[{"@type":"SearchAction","target":{"@type":"EntryPoint","urlTemplate":"https:\/\/ujofotodesign.ch\/de\/?s={search_term_string}"},"query-input":"required name=search_term_string"}],"inLanguage":"de-DE"},{"@type":["Person","Organization"],"@id":"https:\/\/ujofotodesign.ch\/de\/#\/schema\/person\/bece9dc9b9c82b781fbf996a923e4695","name":"Ulrich Jousten","image":{"@type":"ImageObject","inLanguage":"de-DE","@id":"https:\/\/ujofotodesign.ch\/de\/#\/schema\/person\/image\/","url":"https:\/\/ujofotodesign.ch\/wp-content\/uploads\/2019\/10\/ujofotodesign-logo.jpg","contentUrl":"https:\/\/ujofotodesign.ch\/wp-content\/uploads\/2019\/10\/ujofotodesign-logo.jpg","width":512,"height":512,"caption":"Ulrich Jousten"},"logo":{"@id":"https:\/\/ujofotodesign.ch\/de\/#\/schema\/person\/image\/"},"sameAs":["https:\/\/ujofotodesign.ch"]}]}},"_links":{"self":[{"href":"https:\/\/ujofotodesign.ch\/de\/wp-json\/wp\/v2\/posts\/30764"}],"collection":[{"href":"https:\/\/ujofotodesign.ch\/de\/wp-json\/wp\/v2\/posts"}],"about":[{"href":"https:\/\/ujofotodesign.ch\/de\/wp-json\/wp\/v2\/types\/post"}],"author":[{"embeddable":true,"href":"https:\/\/ujofotodesign.ch\/de\/wp-json\/wp\/v2\/users\/2"}],"replies":[{"embeddable":true,"href":"https:\/\/ujofotodesign.ch\/de\/wp-json\/wp\/v2\/comments?post=30764"}],"version-history":[{"count":6,"href":"https:\/\/ujofotodesign.ch\/de\/wp-json\/wp\/v2\/posts\/30764\/revisions"}],"predecessor-version":[{"id":30773,"href":"https:\/\/ujofotodesign.ch\/de\/wp-json\/wp\/v2\/posts\/30764\/revisions\/30773"}],"wp:attachment":[{"href":"https:\/\/ujofotodesign.ch\/de\/wp-json\/wp\/v2\/media?parent=30764"}],"wp:term":[{"taxonomy":"category","embeddable":true,"href":"https:\/\/ujofotodesign.ch\/de\/wp-json\/wp\/v2\/categories?post=30764"},{"taxonomy":"post_tag","embeddable":true,"href":"https:\/\/ujofotodesign.ch\/de\/wp-json\/wp\/v2\/tags?post=30764"}],"curies":[{"name":"wp","href":"https:\/\/api.w.org\/{rel}","templated":true}]}}