{"id":30738,"date":"2021-07-26T00:00:00","date_gmt":"2021-07-25T22:00:00","guid":{"rendered":"https:\/\/ujofotodesign.ch\/?p=30738"},"modified":"2021-07-25T16:49:16","modified_gmt":"2021-07-25T14:49:16","slug":"2021-07-was-vom-winter-uebrig-bleibt","status":"publish","type":"post","link":"https:\/\/ujofotodesign.ch\/de\/2021-07-was-vom-winter-uebrig-bleibt\/","title":{"rendered":"2021 07 Was vom Winter \u00fcbrig bleibt"},"content":{"rendered":"\n<p id=\"tw-target-text\">Dieser Sommer ist ein seltsamer. Auch Anfang Juli ist der Schnee auf 2000 m noch nicht ganz verschwunden. So hinterl\u00e4sst er immer noch weisse Flecken in den noch nicht ganz gr\u00fcnen Nordseiten der H\u00fcgel und Berge, zwischen den Steinen und Klippen. <\/p>\n\n\n\n<p id=\"tw-target-text\">Diese inh\u00e4rente Abstraktion von Wei\u00df auf noch jungem, fleckigen Gr\u00fcn gleicht einer Spaltung des Bildes. Sind es ein oder zwei Bilder, geteilt von der wei\u00dfen Fl\u00e4che. Und was passiert mit Dir, wenn Du versuchst, diese Fl\u00e4che zu \u00fcberqueren? Ist es ein wei\u00dfer Teppich oder Laken, das getrocknet und gebleicht werden muss? Ist es eine viskose Fl\u00fcssigkeit, die langsam die Klippen hinunterflie\u00dft? <\/p>\n\n\n\n<p id=\"tw-target-text\">Lasst Euch von dem inspirieren, was Ihr mit diesen wei\u00dfen unregelm\u00e4\u00dfigen Strukturen verbinden.<\/p>\n\n\n\n<p><\/p>\n\n\n\n<div class=\"wp-block-image\"><figure class=\"aligncenter size-large\"><img decoding=\"async\" loading=\"lazy\" width=\"1024\" height=\"819\" src=\"https:\/\/ujofotodesign.ch\/wp-content\/uploads\/2021\/07\/mr5_i4a1302-1024x819.jpg\" alt=\"\" class=\"wp-image-30733\" srcset=\"https:\/\/ujofotodesign.ch\/wp-content\/uploads\/2021\/07\/mr5_i4a1302-1024x819.jpg 1024w, https:\/\/ujofotodesign.ch\/wp-content\/uploads\/2021\/07\/mr5_i4a1302-300x240.jpg 300w, https:\/\/ujofotodesign.ch\/wp-content\/uploads\/2021\/07\/mr5_i4a1302-768x614.jpg 768w, https:\/\/ujofotodesign.ch\/wp-content\/uploads\/2021\/07\/mr5_i4a1302-1536x1229.jpg 1536w, https:\/\/ujofotodesign.ch\/wp-content\/uploads\/2021\/07\/mr5_i4a1302.jpg 2000w\" sizes=\"(max-width: 1024px) 100vw, 1024px\" \/><\/figure><\/div>\n\n\n\n<p><\/p>\n\n\n\n<div class=\"wp-block-image\"><figure class=\"aligncenter size-large\"><img decoding=\"async\" loading=\"lazy\" width=\"819\" height=\"1024\" src=\"https:\/\/ujofotodesign.ch\/wp-content\/uploads\/2021\/07\/mr5_i4a1299-819x1024.jpg\" alt=\"\" class=\"wp-image-30732\" srcset=\"https:\/\/ujofotodesign.ch\/wp-content\/uploads\/2021\/07\/mr5_i4a1299-819x1024.jpg 819w, https:\/\/ujofotodesign.ch\/wp-content\/uploads\/2021\/07\/mr5_i4a1299-240x300.jpg 240w, https:\/\/ujofotodesign.ch\/wp-content\/uploads\/2021\/07\/mr5_i4a1299-768x960.jpg 768w, https:\/\/ujofotodesign.ch\/wp-content\/uploads\/2021\/07\/mr5_i4a1299-1229x1536.jpg 1229w, https:\/\/ujofotodesign.ch\/wp-content\/uploads\/2021\/07\/mr5_i4a1299.jpg 1600w\" sizes=\"(max-width: 819px) 100vw, 819px\" \/><\/figure><\/div>\n\n\n\n<p><\/p>\n\n\n\n<p><a href=\"https:\/\/ujofotodesign.ch\/de\/?p=30738&amp;preview_id=30738&amp;preview_nonce=f8db5c8963&amp;preview=true\">Preview in new tab<\/a><\/p>\n\n\n\n<div class=\"wp-block-image\"><figure class=\"aligncenter size-large\"><img decoding=\"async\" loading=\"lazy\" width=\"1024\" height=\"819\" src=\"https:\/\/ujofotodesign.ch\/wp-content\/uploads\/2021\/07\/mr5_i4a1293-1024x819.jpg\" alt=\"\" class=\"wp-image-30734\" srcset=\"https:\/\/ujofotodesign.ch\/wp-content\/uploads\/2021\/07\/mr5_i4a1293-1024x819.jpg 1024w, https:\/\/ujofotodesign.ch\/wp-content\/uploads\/2021\/07\/mr5_i4a1293-300x240.jpg 300w, https:\/\/ujofotodesign.ch\/wp-content\/uploads\/2021\/07\/mr5_i4a1293-768x614.jpg 768w, https:\/\/ujofotodesign.ch\/wp-content\/uploads\/2021\/07\/mr5_i4a1293-1536x1229.jpg 1536w, https:\/\/ujofotodesign.ch\/wp-content\/uploads\/2021\/07\/mr5_i4a1293.jpg 2000w\" sizes=\"(max-width: 1024px) 100vw, 1024px\" \/><\/figure><\/div>\n\n\n\n<p><\/p>\n\n\n\n<blockquote class=\"wp-block-quote has-text-align-center\"><p>Traue dieser leisen Stimme in deinem Kopf, die da sagt, &#8222;W\u00e4re es nicht interessant wenn&#8230;&#8220;; und dann tue es&#8230;<\/p><cite>Duane Michals, Amerikanischer Fotograf;  *1932<\/cite><\/blockquote>\n\n\n\n<div class=\"wp-block-image\"><figure class=\"aligncenter size-large is-resized\"><img decoding=\"async\" loading=\"lazy\" src=\"https:\/\/ujofotodesign.ch\/wp-content\/uploads\/2019\/10\/ujo-signature-e1571571873324.jpg\" alt=\"\" class=\"wp-image-657\" width=\"251\" height=\"125\"\/><\/figure><\/div>\n","protected":false},"excerpt":{"rendered":"<p>Dieser Sommer ist ein seltsamer. Auch Anfang Juli ist der Schnee auf 2000 m noch nicht ganz verschwunden. So hinterl\u00e4sst er immer noch weisse Flecken in den noch nicht ganz gr\u00fcnen Nordseiten der H\u00fcgel und Berge, zwischen den Steinen und Klippen. Diese inh\u00e4rente Abstraktion von Wei\u00df auf noch jungem, fleckigen Gr\u00fcn gleicht einer Spaltung des [&hellip;]<\/p>\n","protected":false},"author":2,"featured_media":0,"comment_status":"closed","ping_status":"open","sticky":false,"template":"","format":"standard","meta":[],"categories":[10],"tags":[],"acf":[],"yoast_head":"<!-- This site is optimized with the Yoast SEO plugin v20.12 - https:\/\/yoast.com\/wordpress\/plugins\/seo\/ -->\n<title>2021 07 Was vom Winter \u00fcbrig bleibt &bull; ujofotodesign<\/title>\n<meta name=\"robots\" content=\"index, follow, max-snippet:-1, max-image-preview:large, max-video-preview:-1\" \/>\n<link rel=\"canonical\" href=\"https:\/\/ujofotodesign.ch\/de\/2021-07-was-vom-winter-uebrig-bleibt\/\" \/>\n<meta property=\"og:locale\" content=\"de_DE\" \/>\n<meta property=\"og:type\" content=\"article\" \/>\n<meta property=\"og:title\" content=\"2021 07 Was vom Winter \u00fcbrig bleibt &bull; ujofotodesign\" \/>\n<meta property=\"og:description\" content=\"Dieser Sommer ist ein seltsamer. Auch Anfang Juli ist der Schnee auf 2000 m noch nicht ganz verschwunden. So hinterl\u00e4sst er immer noch weisse Flecken in den noch nicht ganz gr\u00fcnen Nordseiten der H\u00fcgel und Berge, zwischen den Steinen und Klippen. Diese inh\u00e4rente Abstraktion von Wei\u00df auf noch jungem, fleckigen Gr\u00fcn gleicht einer Spaltung des [&hellip;]\" \/>\n<meta property=\"og:url\" content=\"https:\/\/ujofotodesign.ch\/de\/2021-07-was-vom-winter-uebrig-bleibt\/\" \/>\n<meta property=\"og:site_name\" content=\"ujofotodesign\" \/>\n<meta property=\"article:published_time\" content=\"2021-07-25T22:00:00+00:00\" \/>\n<meta property=\"article:modified_time\" content=\"2021-07-25T14:49:16+00:00\" \/>\n<meta property=\"og:image\" content=\"https:\/\/ujofotodesign.ch\/wp-content\/uploads\/2021\/07\/mr5_i4a1302-1024x819.jpg\" \/>\n<meta name=\"author\" content=\"Ulrich Jousten\" \/>\n<meta name=\"twitter:card\" content=\"summary_large_image\" \/>\n<meta name=\"twitter:label1\" content=\"Verfasst von\" \/>\n\t<meta name=\"twitter:data1\" content=\"Ulrich Jousten\" \/>\n\t<meta name=\"twitter:label2\" content=\"Gesch\u00e4tzte Lesezeit\" \/>\n\t<meta name=\"twitter:data2\" content=\"2 Minuten\" \/>\n<script type=\"application\/ld+json\" class=\"yoast-schema-graph\">{\"@context\":\"https:\/\/schema.org\",\"@graph\":[{\"@type\":\"Article\",\"@id\":\"https:\/\/ujofotodesign.ch\/de\/2021-07-was-vom-winter-uebrig-bleibt\/#article\",\"isPartOf\":{\"@id\":\"https:\/\/ujofotodesign.ch\/de\/2021-07-was-vom-winter-uebrig-bleibt\/\"},\"author\":{\"name\":\"Ulrich Jousten\",\"@id\":\"https:\/\/ujofotodesign.ch\/de\/#\/schema\/person\/bece9dc9b9c82b781fbf996a923e4695\"},\"headline\":\"2021 07 Was vom Winter \u00fcbrig bleibt\",\"datePublished\":\"2021-07-25T22:00:00+00:00\",\"dateModified\":\"2021-07-25T14:49:16+00:00\",\"mainEntityOfPage\":{\"@id\":\"https:\/\/ujofotodesign.ch\/de\/2021-07-was-vom-winter-uebrig-bleibt\/\"},\"wordCount\":160,\"publisher\":{\"@id\":\"https:\/\/ujofotodesign.ch\/de\/#\/schema\/person\/bece9dc9b9c82b781fbf996a923e4695\"},\"articleSection\":[\"News\"],\"inLanguage\":\"de-DE\"},{\"@type\":\"WebPage\",\"@id\":\"https:\/\/ujofotodesign.ch\/de\/2021-07-was-vom-winter-uebrig-bleibt\/\",\"url\":\"https:\/\/ujofotodesign.ch\/de\/2021-07-was-vom-winter-uebrig-bleibt\/\",\"name\":\"2021 07 Was vom Winter \u00fcbrig bleibt &bull; ujofotodesign\",\"isPartOf\":{\"@id\":\"https:\/\/ujofotodesign.ch\/de\/#website\"},\"datePublished\":\"2021-07-25T22:00:00+00:00\",\"dateModified\":\"2021-07-25T14:49:16+00:00\",\"breadcrumb\":{\"@id\":\"https:\/\/ujofotodesign.ch\/de\/2021-07-was-vom-winter-uebrig-bleibt\/#breadcrumb\"},\"inLanguage\":\"de-DE\",\"potentialAction\":[{\"@type\":\"ReadAction\",\"target\":[\"https:\/\/ujofotodesign.ch\/de\/2021-07-was-vom-winter-uebrig-bleibt\/\"]}]},{\"@type\":\"BreadcrumbList\",\"@id\":\"https:\/\/ujofotodesign.ch\/de\/2021-07-was-vom-winter-uebrig-bleibt\/#breadcrumb\",\"itemListElement\":[{\"@type\":\"ListItem\",\"position\":1,\"name\":\"Home\",\"item\":\"https:\/\/ujofotodesign.ch\/de\/\"},{\"@type\":\"ListItem\",\"position\":2,\"name\":\"2021 07 Was vom Winter \u00fcbrig bleibt\"}]},{\"@type\":\"WebSite\",\"@id\":\"https:\/\/ujofotodesign.ch\/de\/#website\",\"url\":\"https:\/\/ujofotodesign.ch\/de\/\",\"name\":\"ujofotodesign\",\"description\":\"\",\"publisher\":{\"@id\":\"https:\/\/ujofotodesign.ch\/de\/#\/schema\/person\/bece9dc9b9c82b781fbf996a923e4695\"},\"potentialAction\":[{\"@type\":\"SearchAction\",\"target\":{\"@type\":\"EntryPoint\",\"urlTemplate\":\"https:\/\/ujofotodesign.ch\/de\/?s={search_term_string}\"},\"query-input\":\"required name=search_term_string\"}],\"inLanguage\":\"de-DE\"},{\"@type\":[\"Person\",\"Organization\"],\"@id\":\"https:\/\/ujofotodesign.ch\/de\/#\/schema\/person\/bece9dc9b9c82b781fbf996a923e4695\",\"name\":\"Ulrich Jousten\",\"image\":{\"@type\":\"ImageObject\",\"inLanguage\":\"de-DE\",\"@id\":\"https:\/\/ujofotodesign.ch\/de\/#\/schema\/person\/image\/\",\"url\":\"https:\/\/ujofotodesign.ch\/wp-content\/uploads\/2019\/10\/ujofotodesign-logo.jpg\",\"contentUrl\":\"https:\/\/ujofotodesign.ch\/wp-content\/uploads\/2019\/10\/ujofotodesign-logo.jpg\",\"width\":512,\"height\":512,\"caption\":\"Ulrich Jousten\"},\"logo\":{\"@id\":\"https:\/\/ujofotodesign.ch\/de\/#\/schema\/person\/image\/\"},\"sameAs\":[\"https:\/\/ujofotodesign.ch\"]}]}<\/script>\n<!-- \/ Yoast SEO plugin. -->","yoast_head_json":{"title":"2021 07 Was vom Winter \u00fcbrig bleibt &bull; ujofotodesign","robots":{"index":"index","follow":"follow","max-snippet":"max-snippet:-1","max-image-preview":"max-image-preview:large","max-video-preview":"max-video-preview:-1"},"canonical":"https:\/\/ujofotodesign.ch\/de\/2021-07-was-vom-winter-uebrig-bleibt\/","og_locale":"de_DE","og_type":"article","og_title":"2021 07 Was vom Winter \u00fcbrig bleibt &bull; ujofotodesign","og_description":"Dieser Sommer ist ein seltsamer. Auch Anfang Juli ist der Schnee auf 2000 m noch nicht ganz verschwunden. So hinterl\u00e4sst er immer noch weisse Flecken in den noch nicht ganz gr\u00fcnen Nordseiten der H\u00fcgel und Berge, zwischen den Steinen und Klippen. Diese inh\u00e4rente Abstraktion von Wei\u00df auf noch jungem, fleckigen Gr\u00fcn gleicht einer Spaltung des [&hellip;]","og_url":"https:\/\/ujofotodesign.ch\/de\/2021-07-was-vom-winter-uebrig-bleibt\/","og_site_name":"ujofotodesign","article_published_time":"2021-07-25T22:00:00+00:00","article_modified_time":"2021-07-25T14:49:16+00:00","og_image":[{"url":"https:\/\/ujofotodesign.ch\/wp-content\/uploads\/2021\/07\/mr5_i4a1302-1024x819.jpg"}],"author":"Ulrich Jousten","twitter_card":"summary_large_image","twitter_misc":{"Verfasst von":"Ulrich Jousten","Gesch\u00e4tzte Lesezeit":"2 Minuten"},"schema":{"@context":"https:\/\/schema.org","@graph":[{"@type":"Article","@id":"https:\/\/ujofotodesign.ch\/de\/2021-07-was-vom-winter-uebrig-bleibt\/#article","isPartOf":{"@id":"https:\/\/ujofotodesign.ch\/de\/2021-07-was-vom-winter-uebrig-bleibt\/"},"author":{"name":"Ulrich Jousten","@id":"https:\/\/ujofotodesign.ch\/de\/#\/schema\/person\/bece9dc9b9c82b781fbf996a923e4695"},"headline":"2021 07 Was vom Winter \u00fcbrig bleibt","datePublished":"2021-07-25T22:00:00+00:00","dateModified":"2021-07-25T14:49:16+00:00","mainEntityOfPage":{"@id":"https:\/\/ujofotodesign.ch\/de\/2021-07-was-vom-winter-uebrig-bleibt\/"},"wordCount":160,"publisher":{"@id":"https:\/\/ujofotodesign.ch\/de\/#\/schema\/person\/bece9dc9b9c82b781fbf996a923e4695"},"articleSection":["News"],"inLanguage":"de-DE"},{"@type":"WebPage","@id":"https:\/\/ujofotodesign.ch\/de\/2021-07-was-vom-winter-uebrig-bleibt\/","url":"https:\/\/ujofotodesign.ch\/de\/2021-07-was-vom-winter-uebrig-bleibt\/","name":"2021 07 Was vom Winter \u00fcbrig bleibt &bull; ujofotodesign","isPartOf":{"@id":"https:\/\/ujofotodesign.ch\/de\/#website"},"datePublished":"2021-07-25T22:00:00+00:00","dateModified":"2021-07-25T14:49:16+00:00","breadcrumb":{"@id":"https:\/\/ujofotodesign.ch\/de\/2021-07-was-vom-winter-uebrig-bleibt\/#breadcrumb"},"inLanguage":"de-DE","potentialAction":[{"@type":"ReadAction","target":["https:\/\/ujofotodesign.ch\/de\/2021-07-was-vom-winter-uebrig-bleibt\/"]}]},{"@type":"BreadcrumbList","@id":"https:\/\/ujofotodesign.ch\/de\/2021-07-was-vom-winter-uebrig-bleibt\/#breadcrumb","itemListElement":[{"@type":"ListItem","position":1,"name":"Home","item":"https:\/\/ujofotodesign.ch\/de\/"},{"@type":"ListItem","position":2,"name":"2021 07 Was vom Winter \u00fcbrig bleibt"}]},{"@type":"WebSite","@id":"https:\/\/ujofotodesign.ch\/de\/#website","url":"https:\/\/ujofotodesign.ch\/de\/","name":"ujofotodesign","description":"","publisher":{"@id":"https:\/\/ujofotodesign.ch\/de\/#\/schema\/person\/bece9dc9b9c82b781fbf996a923e4695"},"potentialAction":[{"@type":"SearchAction","target":{"@type":"EntryPoint","urlTemplate":"https:\/\/ujofotodesign.ch\/de\/?s={search_term_string}"},"query-input":"required name=search_term_string"}],"inLanguage":"de-DE"},{"@type":["Person","Organization"],"@id":"https:\/\/ujofotodesign.ch\/de\/#\/schema\/person\/bece9dc9b9c82b781fbf996a923e4695","name":"Ulrich Jousten","image":{"@type":"ImageObject","inLanguage":"de-DE","@id":"https:\/\/ujofotodesign.ch\/de\/#\/schema\/person\/image\/","url":"https:\/\/ujofotodesign.ch\/wp-content\/uploads\/2019\/10\/ujofotodesign-logo.jpg","contentUrl":"https:\/\/ujofotodesign.ch\/wp-content\/uploads\/2019\/10\/ujofotodesign-logo.jpg","width":512,"height":512,"caption":"Ulrich Jousten"},"logo":{"@id":"https:\/\/ujofotodesign.ch\/de\/#\/schema\/person\/image\/"},"sameAs":["https:\/\/ujofotodesign.ch"]}]}},"_links":{"self":[{"href":"https:\/\/ujofotodesign.ch\/de\/wp-json\/wp\/v2\/posts\/30738"}],"collection":[{"href":"https:\/\/ujofotodesign.ch\/de\/wp-json\/wp\/v2\/posts"}],"about":[{"href":"https:\/\/ujofotodesign.ch\/de\/wp-json\/wp\/v2\/types\/post"}],"author":[{"embeddable":true,"href":"https:\/\/ujofotodesign.ch\/de\/wp-json\/wp\/v2\/users\/2"}],"replies":[{"embeddable":true,"href":"https:\/\/ujofotodesign.ch\/de\/wp-json\/wp\/v2\/comments?post=30738"}],"version-history":[{"count":4,"href":"https:\/\/ujofotodesign.ch\/de\/wp-json\/wp\/v2\/posts\/30738\/revisions"}],"predecessor-version":[{"id":30745,"href":"https:\/\/ujofotodesign.ch\/de\/wp-json\/wp\/v2\/posts\/30738\/revisions\/30745"}],"wp:attachment":[{"href":"https:\/\/ujofotodesign.ch\/de\/wp-json\/wp\/v2\/media?parent=30738"}],"wp:term":[{"taxonomy":"category","embeddable":true,"href":"https:\/\/ujofotodesign.ch\/de\/wp-json\/wp\/v2\/categories?post=30738"},{"taxonomy":"post_tag","embeddable":true,"href":"https:\/\/ujofotodesign.ch\/de\/wp-json\/wp\/v2\/tags?post=30738"}],"curies":[{"name":"wp","href":"https:\/\/api.w.org\/{rel}","templated":true}]}}