{"id":30702,"date":"2021-06-30T21:38:34","date_gmt":"2021-06-30T19:38:34","guid":{"rendered":"https:\/\/ujofotodesign.ch\/?p=30702"},"modified":"2021-06-30T21:38:40","modified_gmt":"2021-06-30T19:38:40","slug":"2021-06-monochrom-vielfach","status":"publish","type":"post","link":"https:\/\/ujofotodesign.ch\/de\/2021-06-monochrom-vielfach\/","title":{"rendered":"2021 06 Monochrom &#8211; Vielfach"},"content":{"rendered":"\n<p id=\"tw-target-text\">Als Thema f\u00fcr den diesj\u00e4hrigen Tessiner Workshop von FineArtPix wurde \u201emonochrom\u201c genannt. Anstatt in das klassische S\/W-Muster zu fallen, beschloss ich, den Begriff bei seiner Bedeutung \u201eeinfarbig\u201c zu nehmen und probierte verschiedene Ideen aus. In dieser Serie werden die gleichen 4 Bl\u00e4tter jeweils in bl\u00e4ulicher, gr\u00fcnlicher und r\u00f6tlicher T\u00f6nung pr\u00e4sentiert. Das Brechen der exakten Symmetrie durch abgerundete, horizontale, vertikale, horizontale, diagonale und zellartige Muster verleihen der Zusammenstellung ein zus\u00e4tzliches abstraktes Erscheinungsbild.<\/p>\n\n\n\n<div class=\"wp-block-image\"><figure class=\"aligncenter size-large\"><img decoding=\"async\" loading=\"lazy\" width=\"904\" height=\"1024\" src=\"https:\/\/ujofotodesign.ch\/wp-content\/uploads\/2021\/06\/multiple-1-904x1024.jpg\" alt=\"\" class=\"wp-image-30699\" srcset=\"https:\/\/ujofotodesign.ch\/wp-content\/uploads\/2021\/06\/multiple-1-904x1024.jpg 904w, https:\/\/ujofotodesign.ch\/wp-content\/uploads\/2021\/06\/multiple-1-265x300.jpg 265w, https:\/\/ujofotodesign.ch\/wp-content\/uploads\/2021\/06\/multiple-1-768x870.jpg 768w, https:\/\/ujofotodesign.ch\/wp-content\/uploads\/2021\/06\/multiple-1-1356x1536.jpg 1356w, https:\/\/ujofotodesign.ch\/wp-content\/uploads\/2021\/06\/multiple-1-scaled.jpg 1808w\" sizes=\"(max-width: 904px) 100vw, 904px\" \/><\/figure><\/div>\n\n\n\n<blockquote class=\"wp-block-quote has-text-align-center\"><p>Ich fand heraus,  dass ich mit Farben Dinge sagen konnte, die ich anders nicht sagen konnte &#8211; Dinge, f\u00fcr die ich keine Worte hatte.<\/p><cite>Georgia O&#8217;Keeffe (1887 \u2013 1986), Amerikanische K\u00fcnstlerin\/Malerin<\/cite><\/blockquote>\n\n\n\n<div class=\"wp-block-image\"><figure class=\"aligncenter size-large is-resized\"><img decoding=\"async\" loading=\"lazy\" src=\"https:\/\/ujofotodesign.ch\/wp-content\/uploads\/2019\/10\/ujo-signature-e1571571873324.jpg\" alt=\"\" class=\"wp-image-657\" width=\"249\" height=\"124\"\/><\/figure><\/div>\n","protected":false},"excerpt":{"rendered":"<p>Als Thema f\u00fcr den diesj\u00e4hrigen Tessiner Workshop von FineArtPix wurde \u201emonochrom\u201c genannt. Anstatt in das klassische S\/W-Muster zu fallen, beschloss ich, den Begriff bei seiner Bedeutung \u201eeinfarbig\u201c zu nehmen und probierte verschiedene Ideen aus. In dieser Serie werden die gleichen 4 Bl\u00e4tter jeweils in bl\u00e4ulicher, gr\u00fcnlicher und r\u00f6tlicher T\u00f6nung pr\u00e4sentiert. Das Brechen der exakten Symmetrie [&hellip;]<\/p>\n","protected":false},"author":2,"featured_media":0,"comment_status":"closed","ping_status":"open","sticky":false,"template":"","format":"standard","meta":[],"categories":[10],"tags":[],"acf":[],"yoast_head":"<!-- This site is optimized with the Yoast SEO plugin v20.12 - https:\/\/yoast.com\/wordpress\/plugins\/seo\/ -->\n<title>2021 06 Monochrom - Vielfach &bull; ujofotodesign<\/title>\n<meta name=\"robots\" content=\"index, follow, max-snippet:-1, max-image-preview:large, max-video-preview:-1\" \/>\n<link rel=\"canonical\" href=\"https:\/\/ujofotodesign.ch\/de\/2021-06-monochrom-vielfach\/\" \/>\n<meta property=\"og:locale\" content=\"de_DE\" \/>\n<meta property=\"og:type\" content=\"article\" \/>\n<meta property=\"og:title\" content=\"2021 06 Monochrom - Vielfach &bull; ujofotodesign\" \/>\n<meta property=\"og:description\" content=\"Als Thema f\u00fcr den diesj\u00e4hrigen Tessiner Workshop von FineArtPix wurde \u201emonochrom\u201c genannt. Anstatt in das klassische S\/W-Muster zu fallen, beschloss ich, den Begriff bei seiner Bedeutung \u201eeinfarbig\u201c zu nehmen und probierte verschiedene Ideen aus. In dieser Serie werden die gleichen 4 Bl\u00e4tter jeweils in bl\u00e4ulicher, gr\u00fcnlicher und r\u00f6tlicher T\u00f6nung pr\u00e4sentiert. Das Brechen der exakten Symmetrie [&hellip;]\" \/>\n<meta property=\"og:url\" content=\"https:\/\/ujofotodesign.ch\/de\/2021-06-monochrom-vielfach\/\" \/>\n<meta property=\"og:site_name\" content=\"ujofotodesign\" \/>\n<meta property=\"article:published_time\" content=\"2021-06-30T19:38:34+00:00\" \/>\n<meta property=\"article:modified_time\" content=\"2021-06-30T19:38:40+00:00\" \/>\n<meta property=\"og:image\" content=\"https:\/\/ujofotodesign.ch\/wp-content\/uploads\/2021\/06\/multiple-1-904x1024.jpg\" \/>\n<meta name=\"author\" content=\"Ulrich Jousten\" \/>\n<meta name=\"twitter:card\" content=\"summary_large_image\" \/>\n<meta name=\"twitter:label1\" content=\"Verfasst von\" \/>\n\t<meta name=\"twitter:data1\" content=\"Ulrich Jousten\" \/>\n\t<meta name=\"twitter:label2\" content=\"Gesch\u00e4tzte Lesezeit\" \/>\n\t<meta name=\"twitter:data2\" content=\"1 Minute\" \/>\n<script type=\"application\/ld+json\" class=\"yoast-schema-graph\">{\"@context\":\"https:\/\/schema.org\",\"@graph\":[{\"@type\":\"Article\",\"@id\":\"https:\/\/ujofotodesign.ch\/de\/2021-06-monochrom-vielfach\/#article\",\"isPartOf\":{\"@id\":\"https:\/\/ujofotodesign.ch\/de\/2021-06-monochrom-vielfach\/\"},\"author\":{\"name\":\"Ulrich Jousten\",\"@id\":\"https:\/\/ujofotodesign.ch\/de\/#\/schema\/person\/bece9dc9b9c82b781fbf996a923e4695\"},\"headline\":\"2021 06 Monochrom &#8211; Vielfach\",\"datePublished\":\"2021-06-30T19:38:34+00:00\",\"dateModified\":\"2021-06-30T19:38:40+00:00\",\"mainEntityOfPage\":{\"@id\":\"https:\/\/ujofotodesign.ch\/de\/2021-06-monochrom-vielfach\/\"},\"wordCount\":115,\"publisher\":{\"@id\":\"https:\/\/ujofotodesign.ch\/de\/#\/schema\/person\/bece9dc9b9c82b781fbf996a923e4695\"},\"articleSection\":[\"News\"],\"inLanguage\":\"de-DE\"},{\"@type\":\"WebPage\",\"@id\":\"https:\/\/ujofotodesign.ch\/de\/2021-06-monochrom-vielfach\/\",\"url\":\"https:\/\/ujofotodesign.ch\/de\/2021-06-monochrom-vielfach\/\",\"name\":\"2021 06 Monochrom - Vielfach &bull; ujofotodesign\",\"isPartOf\":{\"@id\":\"https:\/\/ujofotodesign.ch\/de\/#website\"},\"datePublished\":\"2021-06-30T19:38:34+00:00\",\"dateModified\":\"2021-06-30T19:38:40+00:00\",\"breadcrumb\":{\"@id\":\"https:\/\/ujofotodesign.ch\/de\/2021-06-monochrom-vielfach\/#breadcrumb\"},\"inLanguage\":\"de-DE\",\"potentialAction\":[{\"@type\":\"ReadAction\",\"target\":[\"https:\/\/ujofotodesign.ch\/de\/2021-06-monochrom-vielfach\/\"]}]},{\"@type\":\"BreadcrumbList\",\"@id\":\"https:\/\/ujofotodesign.ch\/de\/2021-06-monochrom-vielfach\/#breadcrumb\",\"itemListElement\":[{\"@type\":\"ListItem\",\"position\":1,\"name\":\"Home\",\"item\":\"https:\/\/ujofotodesign.ch\/de\/\"},{\"@type\":\"ListItem\",\"position\":2,\"name\":\"2021 06 Monochrom &#8211; Vielfach\"}]},{\"@type\":\"WebSite\",\"@id\":\"https:\/\/ujofotodesign.ch\/de\/#website\",\"url\":\"https:\/\/ujofotodesign.ch\/de\/\",\"name\":\"ujofotodesign\",\"description\":\"\",\"publisher\":{\"@id\":\"https:\/\/ujofotodesign.ch\/de\/#\/schema\/person\/bece9dc9b9c82b781fbf996a923e4695\"},\"potentialAction\":[{\"@type\":\"SearchAction\",\"target\":{\"@type\":\"EntryPoint\",\"urlTemplate\":\"https:\/\/ujofotodesign.ch\/de\/?s={search_term_string}\"},\"query-input\":\"required name=search_term_string\"}],\"inLanguage\":\"de-DE\"},{\"@type\":[\"Person\",\"Organization\"],\"@id\":\"https:\/\/ujofotodesign.ch\/de\/#\/schema\/person\/bece9dc9b9c82b781fbf996a923e4695\",\"name\":\"Ulrich Jousten\",\"image\":{\"@type\":\"ImageObject\",\"inLanguage\":\"de-DE\",\"@id\":\"https:\/\/ujofotodesign.ch\/de\/#\/schema\/person\/image\/\",\"url\":\"https:\/\/ujofotodesign.ch\/wp-content\/uploads\/2019\/10\/ujofotodesign-logo.jpg\",\"contentUrl\":\"https:\/\/ujofotodesign.ch\/wp-content\/uploads\/2019\/10\/ujofotodesign-logo.jpg\",\"width\":512,\"height\":512,\"caption\":\"Ulrich Jousten\"},\"logo\":{\"@id\":\"https:\/\/ujofotodesign.ch\/de\/#\/schema\/person\/image\/\"},\"sameAs\":[\"https:\/\/ujofotodesign.ch\"]}]}<\/script>\n<!-- \/ Yoast SEO plugin. -->","yoast_head_json":{"title":"2021 06 Monochrom - Vielfach &bull; ujofotodesign","robots":{"index":"index","follow":"follow","max-snippet":"max-snippet:-1","max-image-preview":"max-image-preview:large","max-video-preview":"max-video-preview:-1"},"canonical":"https:\/\/ujofotodesign.ch\/de\/2021-06-monochrom-vielfach\/","og_locale":"de_DE","og_type":"article","og_title":"2021 06 Monochrom - Vielfach &bull; ujofotodesign","og_description":"Als Thema f\u00fcr den diesj\u00e4hrigen Tessiner Workshop von FineArtPix wurde \u201emonochrom\u201c genannt. Anstatt in das klassische S\/W-Muster zu fallen, beschloss ich, den Begriff bei seiner Bedeutung \u201eeinfarbig\u201c zu nehmen und probierte verschiedene Ideen aus. In dieser Serie werden die gleichen 4 Bl\u00e4tter jeweils in bl\u00e4ulicher, gr\u00fcnlicher und r\u00f6tlicher T\u00f6nung pr\u00e4sentiert. Das Brechen der exakten Symmetrie [&hellip;]","og_url":"https:\/\/ujofotodesign.ch\/de\/2021-06-monochrom-vielfach\/","og_site_name":"ujofotodesign","article_published_time":"2021-06-30T19:38:34+00:00","article_modified_time":"2021-06-30T19:38:40+00:00","og_image":[{"url":"https:\/\/ujofotodesign.ch\/wp-content\/uploads\/2021\/06\/multiple-1-904x1024.jpg"}],"author":"Ulrich Jousten","twitter_card":"summary_large_image","twitter_misc":{"Verfasst von":"Ulrich Jousten","Gesch\u00e4tzte Lesezeit":"1 Minute"},"schema":{"@context":"https:\/\/schema.org","@graph":[{"@type":"Article","@id":"https:\/\/ujofotodesign.ch\/de\/2021-06-monochrom-vielfach\/#article","isPartOf":{"@id":"https:\/\/ujofotodesign.ch\/de\/2021-06-monochrom-vielfach\/"},"author":{"name":"Ulrich Jousten","@id":"https:\/\/ujofotodesign.ch\/de\/#\/schema\/person\/bece9dc9b9c82b781fbf996a923e4695"},"headline":"2021 06 Monochrom &#8211; Vielfach","datePublished":"2021-06-30T19:38:34+00:00","dateModified":"2021-06-30T19:38:40+00:00","mainEntityOfPage":{"@id":"https:\/\/ujofotodesign.ch\/de\/2021-06-monochrom-vielfach\/"},"wordCount":115,"publisher":{"@id":"https:\/\/ujofotodesign.ch\/de\/#\/schema\/person\/bece9dc9b9c82b781fbf996a923e4695"},"articleSection":["News"],"inLanguage":"de-DE"},{"@type":"WebPage","@id":"https:\/\/ujofotodesign.ch\/de\/2021-06-monochrom-vielfach\/","url":"https:\/\/ujofotodesign.ch\/de\/2021-06-monochrom-vielfach\/","name":"2021 06 Monochrom - Vielfach &bull; ujofotodesign","isPartOf":{"@id":"https:\/\/ujofotodesign.ch\/de\/#website"},"datePublished":"2021-06-30T19:38:34+00:00","dateModified":"2021-06-30T19:38:40+00:00","breadcrumb":{"@id":"https:\/\/ujofotodesign.ch\/de\/2021-06-monochrom-vielfach\/#breadcrumb"},"inLanguage":"de-DE","potentialAction":[{"@type":"ReadAction","target":["https:\/\/ujofotodesign.ch\/de\/2021-06-monochrom-vielfach\/"]}]},{"@type":"BreadcrumbList","@id":"https:\/\/ujofotodesign.ch\/de\/2021-06-monochrom-vielfach\/#breadcrumb","itemListElement":[{"@type":"ListItem","position":1,"name":"Home","item":"https:\/\/ujofotodesign.ch\/de\/"},{"@type":"ListItem","position":2,"name":"2021 06 Monochrom &#8211; Vielfach"}]},{"@type":"WebSite","@id":"https:\/\/ujofotodesign.ch\/de\/#website","url":"https:\/\/ujofotodesign.ch\/de\/","name":"ujofotodesign","description":"","publisher":{"@id":"https:\/\/ujofotodesign.ch\/de\/#\/schema\/person\/bece9dc9b9c82b781fbf996a923e4695"},"potentialAction":[{"@type":"SearchAction","target":{"@type":"EntryPoint","urlTemplate":"https:\/\/ujofotodesign.ch\/de\/?s={search_term_string}"},"query-input":"required name=search_term_string"}],"inLanguage":"de-DE"},{"@type":["Person","Organization"],"@id":"https:\/\/ujofotodesign.ch\/de\/#\/schema\/person\/bece9dc9b9c82b781fbf996a923e4695","name":"Ulrich Jousten","image":{"@type":"ImageObject","inLanguage":"de-DE","@id":"https:\/\/ujofotodesign.ch\/de\/#\/schema\/person\/image\/","url":"https:\/\/ujofotodesign.ch\/wp-content\/uploads\/2019\/10\/ujofotodesign-logo.jpg","contentUrl":"https:\/\/ujofotodesign.ch\/wp-content\/uploads\/2019\/10\/ujofotodesign-logo.jpg","width":512,"height":512,"caption":"Ulrich Jousten"},"logo":{"@id":"https:\/\/ujofotodesign.ch\/de\/#\/schema\/person\/image\/"},"sameAs":["https:\/\/ujofotodesign.ch"]}]}},"_links":{"self":[{"href":"https:\/\/ujofotodesign.ch\/de\/wp-json\/wp\/v2\/posts\/30702"}],"collection":[{"href":"https:\/\/ujofotodesign.ch\/de\/wp-json\/wp\/v2\/posts"}],"about":[{"href":"https:\/\/ujofotodesign.ch\/de\/wp-json\/wp\/v2\/types\/post"}],"author":[{"embeddable":true,"href":"https:\/\/ujofotodesign.ch\/de\/wp-json\/wp\/v2\/users\/2"}],"replies":[{"embeddable":true,"href":"https:\/\/ujofotodesign.ch\/de\/wp-json\/wp\/v2\/comments?post=30702"}],"version-history":[{"count":5,"href":"https:\/\/ujofotodesign.ch\/de\/wp-json\/wp\/v2\/posts\/30702\/revisions"}],"predecessor-version":[{"id":30707,"href":"https:\/\/ujofotodesign.ch\/de\/wp-json\/wp\/v2\/posts\/30702\/revisions\/30707"}],"wp:attachment":[{"href":"https:\/\/ujofotodesign.ch\/de\/wp-json\/wp\/v2\/media?parent=30702"}],"wp:term":[{"taxonomy":"category","embeddable":true,"href":"https:\/\/ujofotodesign.ch\/de\/wp-json\/wp\/v2\/categories?post=30702"},{"taxonomy":"post_tag","embeddable":true,"href":"https:\/\/ujofotodesign.ch\/de\/wp-json\/wp\/v2\/tags?post=30702"}],"curies":[{"name":"wp","href":"https:\/\/api.w.org\/{rel}","templated":true}]}}