{"id":30510,"date":"2021-01-24T17:59:01","date_gmt":"2021-01-24T16:59:01","guid":{"rendered":"https:\/\/ujofotodesign.ch\/?p=30510"},"modified":"2021-01-24T17:59:06","modified_gmt":"2021-01-24T16:59:06","slug":"2021-01-zeichen-im-schnee","status":"publish","type":"post","link":"https:\/\/ujofotodesign.ch\/de\/2021-01-zeichen-im-schnee\/","title":{"rendered":"2021 01 Zeichen im Schnee"},"content":{"rendered":"\n<p>Vielleicht ist es dem einen oder anderen aufgefallen: meine Abstrakten Fotografien habe ich nun auch in Galerien auf meiner Website hinterlegt. Sicherlich werde ich auch weiterhin an diesem Thema arbeiten. Eis und Schnee sind ja gute Voraussetzungen f\u00fcr dieses Thema, und davon gibt es diesen Winter jede Menge. Wieder einmal ist es spannend, die Muster und Formen zu studieren, die die Natur uns in vielen verschiedenen Variationen vor Augen f\u00fchrt. F\u00fcr diesen Post habe ich ein paar minimalistische Bilder ausgesucht &#8211; zwischen Verg\u00e4nglichkeit und Aufbruch in den Fr\u00fchling.<\/p>\n\n\n\n<p><\/p>\n\n\n\n<div class=\"wp-block-image\"><figure class=\"aligncenter size-large\"><img decoding=\"async\" loading=\"lazy\" width=\"1024\" height=\"1024\" src=\"https:\/\/ujofotodesign.ch\/wp-content\/uploads\/2021\/01\/mr5_i4a0002-1024x1024.jpg\" alt=\"\" class=\"wp-image-30508\" srcset=\"https:\/\/ujofotodesign.ch\/wp-content\/uploads\/2021\/01\/mr5_i4a0002-1024x1024.jpg 1024w, https:\/\/ujofotodesign.ch\/wp-content\/uploads\/2021\/01\/mr5_i4a0002-300x300.jpg 300w, https:\/\/ujofotodesign.ch\/wp-content\/uploads\/2021\/01\/mr5_i4a0002-150x150.jpg 150w, https:\/\/ujofotodesign.ch\/wp-content\/uploads\/2021\/01\/mr5_i4a0002-768x768.jpg 768w, https:\/\/ujofotodesign.ch\/wp-content\/uploads\/2021\/01\/mr5_i4a0002-1536x1536.jpg 1536w, https:\/\/ujofotodesign.ch\/wp-content\/uploads\/2021\/01\/mr5_i4a0002.jpg 2000w\" sizes=\"(max-width: 1024px) 100vw, 1024px\" \/><\/figure><\/div>\n\n\n\n<p><\/p>\n\n\n\n<div class=\"wp-block-image\"><figure class=\"aligncenter size-large\"><img decoding=\"async\" loading=\"lazy\" width=\"1024\" height=\"1024\" src=\"https:\/\/ujofotodesign.ch\/wp-content\/uploads\/2021\/01\/mr5_i4a0077-1024x1024.jpg\" alt=\"\" class=\"wp-image-30506\" srcset=\"https:\/\/ujofotodesign.ch\/wp-content\/uploads\/2021\/01\/mr5_i4a0077-1024x1024.jpg 1024w, https:\/\/ujofotodesign.ch\/wp-content\/uploads\/2021\/01\/mr5_i4a0077-300x300.jpg 300w, https:\/\/ujofotodesign.ch\/wp-content\/uploads\/2021\/01\/mr5_i4a0077-150x150.jpg 150w, https:\/\/ujofotodesign.ch\/wp-content\/uploads\/2021\/01\/mr5_i4a0077-768x768.jpg 768w, https:\/\/ujofotodesign.ch\/wp-content\/uploads\/2021\/01\/mr5_i4a0077-1536x1536.jpg 1536w, https:\/\/ujofotodesign.ch\/wp-content\/uploads\/2021\/01\/mr5_i4a0077.jpg 2000w\" sizes=\"(max-width: 1024px) 100vw, 1024px\" \/><\/figure><\/div>\n\n\n\n<p><\/p>\n\n\n\n<div class=\"wp-block-image\"><figure class=\"aligncenter size-large\"><img decoding=\"async\" loading=\"lazy\" width=\"1024\" height=\"1024\" src=\"https:\/\/ujofotodesign.ch\/wp-content\/uploads\/2021\/01\/mr5_i4a0079-1024x1024.jpg\" alt=\"\" class=\"wp-image-30507\" srcset=\"https:\/\/ujofotodesign.ch\/wp-content\/uploads\/2021\/01\/mr5_i4a0079-1024x1024.jpg 1024w, https:\/\/ujofotodesign.ch\/wp-content\/uploads\/2021\/01\/mr5_i4a0079-300x300.jpg 300w, https:\/\/ujofotodesign.ch\/wp-content\/uploads\/2021\/01\/mr5_i4a0079-150x150.jpg 150w, https:\/\/ujofotodesign.ch\/wp-content\/uploads\/2021\/01\/mr5_i4a0079-768x768.jpg 768w, https:\/\/ujofotodesign.ch\/wp-content\/uploads\/2021\/01\/mr5_i4a0079-1536x1536.jpg 1536w, https:\/\/ujofotodesign.ch\/wp-content\/uploads\/2021\/01\/mr5_i4a0079.jpg 2000w\" sizes=\"(max-width: 1024px) 100vw, 1024px\" \/><\/figure><\/div>\n\n\n\n<blockquote class=\"wp-block-quote has-text-align-center\"><p>Um die Sch\u00f6nheit einer Schneeflocke zu sch\u00e4tzen, muss man sich hinaus in die K\u00e4lte begeben<\/p><cite>Anonym<\/cite><\/blockquote>\n\n\n\n<div class=\"wp-block-image\"><figure class=\"aligncenter size-large is-resized\"><img decoding=\"async\" loading=\"lazy\" src=\"https:\/\/ujofotodesign.ch\/wp-content\/uploads\/2019\/10\/ujo-signature-e1571571873324.jpg\" alt=\"\" class=\"wp-image-657\" width=\"189\" height=\"94\"\/><\/figure><\/div>\n","protected":false},"excerpt":{"rendered":"<p>Vielleicht ist es dem einen oder anderen aufgefallen: meine Abstrakten Fotografien habe ich nun auch in Galerien auf meiner Website hinterlegt. Sicherlich werde ich auch weiterhin an diesem Thema arbeiten. Eis und Schnee sind ja gute Voraussetzungen f\u00fcr dieses Thema, und davon gibt es diesen Winter jede Menge. Wieder einmal ist es spannend, die Muster [&hellip;]<\/p>\n","protected":false},"author":2,"featured_media":0,"comment_status":"closed","ping_status":"open","sticky":false,"template":"","format":"standard","meta":[],"categories":[10],"tags":[],"acf":[],"yoast_head":"<!-- This site is optimized with the Yoast SEO plugin v20.12 - https:\/\/yoast.com\/wordpress\/plugins\/seo\/ -->\n<title>2021 01 Zeichen im Schnee &bull; ujofotodesign<\/title>\n<meta name=\"robots\" content=\"index, follow, max-snippet:-1, max-image-preview:large, max-video-preview:-1\" \/>\n<link rel=\"canonical\" href=\"https:\/\/ujofotodesign.ch\/de\/2021-01-zeichen-im-schnee\/\" \/>\n<meta property=\"og:locale\" content=\"de_DE\" \/>\n<meta property=\"og:type\" content=\"article\" \/>\n<meta property=\"og:title\" content=\"2021 01 Zeichen im Schnee &bull; ujofotodesign\" \/>\n<meta property=\"og:description\" content=\"Vielleicht ist es dem einen oder anderen aufgefallen: meine Abstrakten Fotografien habe ich nun auch in Galerien auf meiner Website hinterlegt. Sicherlich werde ich auch weiterhin an diesem Thema arbeiten. Eis und Schnee sind ja gute Voraussetzungen f\u00fcr dieses Thema, und davon gibt es diesen Winter jede Menge. Wieder einmal ist es spannend, die Muster [&hellip;]\" \/>\n<meta property=\"og:url\" content=\"https:\/\/ujofotodesign.ch\/de\/2021-01-zeichen-im-schnee\/\" \/>\n<meta property=\"og:site_name\" content=\"ujofotodesign\" \/>\n<meta property=\"article:published_time\" content=\"2021-01-24T16:59:01+00:00\" \/>\n<meta property=\"article:modified_time\" content=\"2021-01-24T16:59:06+00:00\" \/>\n<meta property=\"og:image\" content=\"https:\/\/ujofotodesign.ch\/wp-content\/uploads\/2021\/01\/mr5_i4a0002-1024x1024.jpg\" \/>\n<meta name=\"author\" content=\"Ulrich Jousten\" \/>\n<meta name=\"twitter:card\" content=\"summary_large_image\" \/>\n<meta name=\"twitter:label1\" content=\"Verfasst von\" \/>\n\t<meta name=\"twitter:data1\" content=\"Ulrich Jousten\" \/>\n\t<meta name=\"twitter:label2\" content=\"Gesch\u00e4tzte Lesezeit\" \/>\n\t<meta name=\"twitter:data2\" content=\"2 Minuten\" \/>\n<script type=\"application\/ld+json\" class=\"yoast-schema-graph\">{\"@context\":\"https:\/\/schema.org\",\"@graph\":[{\"@type\":\"Article\",\"@id\":\"https:\/\/ujofotodesign.ch\/de\/2021-01-zeichen-im-schnee\/#article\",\"isPartOf\":{\"@id\":\"https:\/\/ujofotodesign.ch\/de\/2021-01-zeichen-im-schnee\/\"},\"author\":{\"name\":\"Ulrich Jousten\",\"@id\":\"https:\/\/ujofotodesign.ch\/de\/#\/schema\/person\/bece9dc9b9c82b781fbf996a923e4695\"},\"headline\":\"2021 01 Zeichen im Schnee\",\"datePublished\":\"2021-01-24T16:59:01+00:00\",\"dateModified\":\"2021-01-24T16:59:06+00:00\",\"mainEntityOfPage\":{\"@id\":\"https:\/\/ujofotodesign.ch\/de\/2021-01-zeichen-im-schnee\/\"},\"wordCount\":115,\"publisher\":{\"@id\":\"https:\/\/ujofotodesign.ch\/de\/#\/schema\/person\/bece9dc9b9c82b781fbf996a923e4695\"},\"articleSection\":[\"News\"],\"inLanguage\":\"de-DE\"},{\"@type\":\"WebPage\",\"@id\":\"https:\/\/ujofotodesign.ch\/de\/2021-01-zeichen-im-schnee\/\",\"url\":\"https:\/\/ujofotodesign.ch\/de\/2021-01-zeichen-im-schnee\/\",\"name\":\"2021 01 Zeichen im Schnee &bull; ujofotodesign\",\"isPartOf\":{\"@id\":\"https:\/\/ujofotodesign.ch\/de\/#website\"},\"datePublished\":\"2021-01-24T16:59:01+00:00\",\"dateModified\":\"2021-01-24T16:59:06+00:00\",\"breadcrumb\":{\"@id\":\"https:\/\/ujofotodesign.ch\/de\/2021-01-zeichen-im-schnee\/#breadcrumb\"},\"inLanguage\":\"de-DE\",\"potentialAction\":[{\"@type\":\"ReadAction\",\"target\":[\"https:\/\/ujofotodesign.ch\/de\/2021-01-zeichen-im-schnee\/\"]}]},{\"@type\":\"BreadcrumbList\",\"@id\":\"https:\/\/ujofotodesign.ch\/de\/2021-01-zeichen-im-schnee\/#breadcrumb\",\"itemListElement\":[{\"@type\":\"ListItem\",\"position\":1,\"name\":\"Home\",\"item\":\"https:\/\/ujofotodesign.ch\/de\/\"},{\"@type\":\"ListItem\",\"position\":2,\"name\":\"2021 01 Zeichen im Schnee\"}]},{\"@type\":\"WebSite\",\"@id\":\"https:\/\/ujofotodesign.ch\/de\/#website\",\"url\":\"https:\/\/ujofotodesign.ch\/de\/\",\"name\":\"ujofotodesign\",\"description\":\"\",\"publisher\":{\"@id\":\"https:\/\/ujofotodesign.ch\/de\/#\/schema\/person\/bece9dc9b9c82b781fbf996a923e4695\"},\"potentialAction\":[{\"@type\":\"SearchAction\",\"target\":{\"@type\":\"EntryPoint\",\"urlTemplate\":\"https:\/\/ujofotodesign.ch\/de\/?s={search_term_string}\"},\"query-input\":\"required name=search_term_string\"}],\"inLanguage\":\"de-DE\"},{\"@type\":[\"Person\",\"Organization\"],\"@id\":\"https:\/\/ujofotodesign.ch\/de\/#\/schema\/person\/bece9dc9b9c82b781fbf996a923e4695\",\"name\":\"Ulrich Jousten\",\"image\":{\"@type\":\"ImageObject\",\"inLanguage\":\"de-DE\",\"@id\":\"https:\/\/ujofotodesign.ch\/de\/#\/schema\/person\/image\/\",\"url\":\"https:\/\/ujofotodesign.ch\/wp-content\/uploads\/2019\/10\/ujofotodesign-logo.jpg\",\"contentUrl\":\"https:\/\/ujofotodesign.ch\/wp-content\/uploads\/2019\/10\/ujofotodesign-logo.jpg\",\"width\":512,\"height\":512,\"caption\":\"Ulrich Jousten\"},\"logo\":{\"@id\":\"https:\/\/ujofotodesign.ch\/de\/#\/schema\/person\/image\/\"},\"sameAs\":[\"https:\/\/ujofotodesign.ch\"]}]}<\/script>\n<!-- \/ Yoast SEO plugin. -->","yoast_head_json":{"title":"2021 01 Zeichen im Schnee &bull; ujofotodesign","robots":{"index":"index","follow":"follow","max-snippet":"max-snippet:-1","max-image-preview":"max-image-preview:large","max-video-preview":"max-video-preview:-1"},"canonical":"https:\/\/ujofotodesign.ch\/de\/2021-01-zeichen-im-schnee\/","og_locale":"de_DE","og_type":"article","og_title":"2021 01 Zeichen im Schnee &bull; ujofotodesign","og_description":"Vielleicht ist es dem einen oder anderen aufgefallen: meine Abstrakten Fotografien habe ich nun auch in Galerien auf meiner Website hinterlegt. Sicherlich werde ich auch weiterhin an diesem Thema arbeiten. Eis und Schnee sind ja gute Voraussetzungen f\u00fcr dieses Thema, und davon gibt es diesen Winter jede Menge. Wieder einmal ist es spannend, die Muster [&hellip;]","og_url":"https:\/\/ujofotodesign.ch\/de\/2021-01-zeichen-im-schnee\/","og_site_name":"ujofotodesign","article_published_time":"2021-01-24T16:59:01+00:00","article_modified_time":"2021-01-24T16:59:06+00:00","og_image":[{"url":"https:\/\/ujofotodesign.ch\/wp-content\/uploads\/2021\/01\/mr5_i4a0002-1024x1024.jpg"}],"author":"Ulrich Jousten","twitter_card":"summary_large_image","twitter_misc":{"Verfasst von":"Ulrich Jousten","Gesch\u00e4tzte Lesezeit":"2 Minuten"},"schema":{"@context":"https:\/\/schema.org","@graph":[{"@type":"Article","@id":"https:\/\/ujofotodesign.ch\/de\/2021-01-zeichen-im-schnee\/#article","isPartOf":{"@id":"https:\/\/ujofotodesign.ch\/de\/2021-01-zeichen-im-schnee\/"},"author":{"name":"Ulrich Jousten","@id":"https:\/\/ujofotodesign.ch\/de\/#\/schema\/person\/bece9dc9b9c82b781fbf996a923e4695"},"headline":"2021 01 Zeichen im Schnee","datePublished":"2021-01-24T16:59:01+00:00","dateModified":"2021-01-24T16:59:06+00:00","mainEntityOfPage":{"@id":"https:\/\/ujofotodesign.ch\/de\/2021-01-zeichen-im-schnee\/"},"wordCount":115,"publisher":{"@id":"https:\/\/ujofotodesign.ch\/de\/#\/schema\/person\/bece9dc9b9c82b781fbf996a923e4695"},"articleSection":["News"],"inLanguage":"de-DE"},{"@type":"WebPage","@id":"https:\/\/ujofotodesign.ch\/de\/2021-01-zeichen-im-schnee\/","url":"https:\/\/ujofotodesign.ch\/de\/2021-01-zeichen-im-schnee\/","name":"2021 01 Zeichen im Schnee &bull; ujofotodesign","isPartOf":{"@id":"https:\/\/ujofotodesign.ch\/de\/#website"},"datePublished":"2021-01-24T16:59:01+00:00","dateModified":"2021-01-24T16:59:06+00:00","breadcrumb":{"@id":"https:\/\/ujofotodesign.ch\/de\/2021-01-zeichen-im-schnee\/#breadcrumb"},"inLanguage":"de-DE","potentialAction":[{"@type":"ReadAction","target":["https:\/\/ujofotodesign.ch\/de\/2021-01-zeichen-im-schnee\/"]}]},{"@type":"BreadcrumbList","@id":"https:\/\/ujofotodesign.ch\/de\/2021-01-zeichen-im-schnee\/#breadcrumb","itemListElement":[{"@type":"ListItem","position":1,"name":"Home","item":"https:\/\/ujofotodesign.ch\/de\/"},{"@type":"ListItem","position":2,"name":"2021 01 Zeichen im Schnee"}]},{"@type":"WebSite","@id":"https:\/\/ujofotodesign.ch\/de\/#website","url":"https:\/\/ujofotodesign.ch\/de\/","name":"ujofotodesign","description":"","publisher":{"@id":"https:\/\/ujofotodesign.ch\/de\/#\/schema\/person\/bece9dc9b9c82b781fbf996a923e4695"},"potentialAction":[{"@type":"SearchAction","target":{"@type":"EntryPoint","urlTemplate":"https:\/\/ujofotodesign.ch\/de\/?s={search_term_string}"},"query-input":"required name=search_term_string"}],"inLanguage":"de-DE"},{"@type":["Person","Organization"],"@id":"https:\/\/ujofotodesign.ch\/de\/#\/schema\/person\/bece9dc9b9c82b781fbf996a923e4695","name":"Ulrich Jousten","image":{"@type":"ImageObject","inLanguage":"de-DE","@id":"https:\/\/ujofotodesign.ch\/de\/#\/schema\/person\/image\/","url":"https:\/\/ujofotodesign.ch\/wp-content\/uploads\/2019\/10\/ujofotodesign-logo.jpg","contentUrl":"https:\/\/ujofotodesign.ch\/wp-content\/uploads\/2019\/10\/ujofotodesign-logo.jpg","width":512,"height":512,"caption":"Ulrich Jousten"},"logo":{"@id":"https:\/\/ujofotodesign.ch\/de\/#\/schema\/person\/image\/"},"sameAs":["https:\/\/ujofotodesign.ch"]}]}},"_links":{"self":[{"href":"https:\/\/ujofotodesign.ch\/de\/wp-json\/wp\/v2\/posts\/30510"}],"collection":[{"href":"https:\/\/ujofotodesign.ch\/de\/wp-json\/wp\/v2\/posts"}],"about":[{"href":"https:\/\/ujofotodesign.ch\/de\/wp-json\/wp\/v2\/types\/post"}],"author":[{"embeddable":true,"href":"https:\/\/ujofotodesign.ch\/de\/wp-json\/wp\/v2\/users\/2"}],"replies":[{"embeddable":true,"href":"https:\/\/ujofotodesign.ch\/de\/wp-json\/wp\/v2\/comments?post=30510"}],"version-history":[{"count":3,"href":"https:\/\/ujofotodesign.ch\/de\/wp-json\/wp\/v2\/posts\/30510\/revisions"}],"predecessor-version":[{"id":30513,"href":"https:\/\/ujofotodesign.ch\/de\/wp-json\/wp\/v2\/posts\/30510\/revisions\/30513"}],"wp:attachment":[{"href":"https:\/\/ujofotodesign.ch\/de\/wp-json\/wp\/v2\/media?parent=30510"}],"wp:term":[{"taxonomy":"category","embeddable":true,"href":"https:\/\/ujofotodesign.ch\/de\/wp-json\/wp\/v2\/categories?post=30510"},{"taxonomy":"post_tag","embeddable":true,"href":"https:\/\/ujofotodesign.ch\/de\/wp-json\/wp\/v2\/tags?post=30510"}],"curies":[{"name":"wp","href":"https:\/\/api.w.org\/{rel}","templated":true}]}}