{"id":30350,"date":"2020-12-23T23:00:19","date_gmt":"2020-12-23T22:00:19","guid":{"rendered":"https:\/\/ujofotodesign.ch\/?p=30350"},"modified":"2020-12-24T11:46:02","modified_gmt":"2020-12-24T10:46:02","slug":"2020-12-ein-merk-wuerdiges-jahr","status":"publish","type":"post","link":"https:\/\/ujofotodesign.ch\/de\/2020-12-ein-merk-wuerdiges-jahr\/","title":{"rendered":"2020 12 Ein merk-w\u00fcrdiges Jahr"},"content":{"rendered":"\n<p>Im Fr\u00fchling sah ich einen Cartoon, in dem die Figuren feststellten, dass das Jahr 2020 fehlerhaft begonnen habe, und fragten, ob es nicht m\u00f6glich sei, das Jahr wie einen Computer einfach \u00fcber einen Reset-Knopf nochmals neu zu starten. Wenn ich auf dieses Jahr zur\u00fcckblicke, glaube ich fest daran, dass es viel \u00fcber die menschliche Natur und unseren Umgang mit au\u00dfergew\u00f6hnlichen Lebenssituationen offenbart hat. Es hat uns allen gezeigt, wie wichtig die Freiheit ist, sich \u00fcberall frei bewegen und jeden \u00fcberall und jederzeit treffen zu k\u00f6nnen, den wir treffen m\u00f6chten. Es brachte uns auch dazu, die wirklich wichtigen Menschen in der Gesellschaft erkennen, die unsere Wertsch\u00e4tzung verdienen, daf\u00fcr, dass sie Verantwortung \u00fcbernehmen, hart in der Pflege der Betroffenen und Hilfsbed\u00fcrftigen oder in der Forschung arbeiten, um die Impfstoffe und Hilfsmittel gegen die Pandemie zu finden. Dieses Jahr gibt auch ein starkes Signal f\u00fcr die Solidarit\u00e4t in der Gesellschaft. Zu Hause zu bleiben und Masken zu tragen ist nicht nur als Mittel zum Schutz der eigenen Person wichtig, vielmehr noch zum Schutz anderer, schutzbed\u00fcrftigerer Mitglieder der Gesellschaft, auch wenn sie m\u00f6glicherweise unsere engsten Verwandten sind. Da ich einige Menschen kenne, die vom Virus hart getroffen wurden, habe ich nur begrenztes Verst\u00e4ndnis f\u00fcr die Behauptung, dass uns unsere Grundrechte entzogen werden. Wachsamkeit in Bezug auf Grundrechte ist nat\u00fcrlich in Ordnung, aber die Schaffung und Verbreitung dubioser Ideologien (um nicht das Wort \u201eTheorie\u201c zu verwenden, die eine Verbundenheit dieser seltsamen Ideen mit der Wissenschaft darstellt) scheint mir eher ein Ausdruck von Angst, Unsicherheit und einem Mangel an F\u00e4higkeit, das Problem ruhig, evidenzbasiert und effektiv anzugehen, ohne die Solidarit\u00e4t und die soziale Koh\u00e4renz in unseren Gesellschaften zu beeintr\u00e4chtigen.<\/p>\n\n\n\n<p>F\u00fcr mich pers\u00f6nlich nutzte ich die Gelegenheit, um in dem Land, in dem ich lebe, herumzuziehen, so oft wie m\u00f6glich in der Natur zu sein und gleichzeitig die Aufgaben in meinem Job so gut wie m\u00f6glich zu erledigen. Leider waren aber keine Gesch\u00e4ftsreisen m\u00f6glich, die mir in der Vergangenheit so oft die Gelegenheit gaben, die Gastl\u00e4nder und St\u00e4dte fotografisch zu erkunden. Daf\u00fcr habe ich neue Ans\u00e4tze ausprobiert und mehr \u00fcber Kunst im Allgemeinen und Fotografie gelernt, wobei ich mich auf den kreativen Prozess konzentrierte. Neben dem Tessin-Workshop von <a href=\"https:\/\/www.fineartpix.ch\/\">FineArtPix<\/a> nahm ich am Kurs \u201e<a href=\"https:\/\/www.coursera.org\/learn\/photography\">Seeing Through Photographs<\/a>\u201c \u00fcber Coursera teil, der von Sarah Meister, Kuratorin f\u00fcr Fotografie beim MOMA, betreut wird. Die Konzentration auf den kreativen Prozess f\u00fchrte zu Experimenten mit weniger konventionellen Methoden bei Aufnahme und Nachbearbeitung, die ich wahrscheinlich n\u00e4chstes Jahr fortsetzen werde.<\/p>\n\n\n\n<p>Allen meinen Freunden, meiner Familie und den Lesern meines monatlichen Blocks w\u00fcnsche ich ein weniger herausforderndes, entspannteres und ges\u00fcnderes neues Jahr, Widerstandsf\u00e4higkeit gegen die Schl\u00e4ge, die das Leben manchmal f\u00fcr uns bereit h\u00e4lt und dass zumindest einige Ihrer W\u00fcnsche in Erf\u00fcllung gehen!<\/p>\n\n\n\n<div class=\"wp-block-image\"><figure class=\"aligncenter size-large\"><img decoding=\"async\" loading=\"lazy\" width=\"1024\" height=\"768\" src=\"https:\/\/ujofotodesign.ch\/wp-content\/uploads\/2020\/12\/m5_mg_4655-1024x768.jpg\" alt=\"\" class=\"wp-image-30345\" srcset=\"https:\/\/ujofotodesign.ch\/wp-content\/uploads\/2020\/12\/m5_mg_4655-1024x768.jpg 1024w, https:\/\/ujofotodesign.ch\/wp-content\/uploads\/2020\/12\/m5_mg_4655-300x225.jpg 300w, https:\/\/ujofotodesign.ch\/wp-content\/uploads\/2020\/12\/m5_mg_4655-768x576.jpg 768w, https:\/\/ujofotodesign.ch\/wp-content\/uploads\/2020\/12\/m5_mg_4655-1536x1152.jpg 1536w, https:\/\/ujofotodesign.ch\/wp-content\/uploads\/2020\/12\/m5_mg_4655-scaled.jpg 2048w\" sizes=\"(max-width: 1024px) 100vw, 1024px\" \/><\/figure><\/div>\n\n\n\n<blockquote class=\"wp-block-quote has-text-align-center\"><p>Und nun wollen wir glauben an ein langes Jahr, das uns gegeben ist, neu, unber\u00fchrt, <br>voll nie gewesener Dinge, voll nie getaner Arbeit, <br>voll Aufgabe, Anspruch und Zumutung; und wollen sehen, da\u00df wirs nehmen lernen,<br>ohne allzuviel fallen zu lassen von dem, was es zu vergeben hat, <br>an die, die Notwendiges, Ernstes und Gro\u00dfes von ihm verlangen.<\/p><cite>Rainer Maria Rilke, Brief and seine Frau Clara, 1. Januar 1907<\/cite><\/blockquote>\n\n\n\n<div class=\"wp-block-image\"><figure class=\"aligncenter size-large is-resized\"><img decoding=\"async\" loading=\"lazy\" src=\"https:\/\/ujofotodesign.ch\/wp-content\/uploads\/2019\/10\/ujo-signature-e1571571873324.jpg\" alt=\"\" class=\"wp-image-657\" width=\"170\" height=\"84\"\/><\/figure><\/div>\n","protected":false},"excerpt":{"rendered":"<p>Im Fr\u00fchling sah ich einen Cartoon, in dem die Figuren feststellten, dass das Jahr 2020 fehlerhaft begonnen habe, und fragten, ob es nicht m\u00f6glich sei, das Jahr wie einen Computer einfach \u00fcber einen Reset-Knopf nochmals neu zu starten. Wenn ich auf dieses Jahr zur\u00fcckblicke, glaube ich fest daran, dass es viel \u00fcber die menschliche Natur [&hellip;]<\/p>\n","protected":false},"author":2,"featured_media":0,"comment_status":"closed","ping_status":"open","sticky":false,"template":"","format":"standard","meta":[],"categories":[10],"tags":[],"acf":[],"yoast_head":"<!-- This site is optimized with the Yoast SEO plugin v20.12 - https:\/\/yoast.com\/wordpress\/plugins\/seo\/ -->\n<title>2020 12 Ein merk-w\u00fcrdiges Jahr &bull; ujofotodesign<\/title>\n<meta name=\"robots\" content=\"index, follow, max-snippet:-1, max-image-preview:large, max-video-preview:-1\" \/>\n<link rel=\"canonical\" href=\"https:\/\/ujofotodesign.ch\/de\/2020-12-ein-merk-wuerdiges-jahr\/\" \/>\n<meta property=\"og:locale\" content=\"de_DE\" \/>\n<meta property=\"og:type\" content=\"article\" \/>\n<meta property=\"og:title\" content=\"2020 12 Ein merk-w\u00fcrdiges Jahr &bull; ujofotodesign\" \/>\n<meta property=\"og:description\" content=\"Im Fr\u00fchling sah ich einen Cartoon, in dem die Figuren feststellten, dass das Jahr 2020 fehlerhaft begonnen habe, und fragten, ob es nicht m\u00f6glich sei, das Jahr wie einen Computer einfach \u00fcber einen Reset-Knopf nochmals neu zu starten. Wenn ich auf dieses Jahr zur\u00fcckblicke, glaube ich fest daran, dass es viel \u00fcber die menschliche Natur [&hellip;]\" \/>\n<meta property=\"og:url\" content=\"https:\/\/ujofotodesign.ch\/de\/2020-12-ein-merk-wuerdiges-jahr\/\" \/>\n<meta property=\"og:site_name\" content=\"ujofotodesign\" \/>\n<meta property=\"article:published_time\" content=\"2020-12-23T22:00:19+00:00\" \/>\n<meta property=\"article:modified_time\" content=\"2020-12-24T10:46:02+00:00\" \/>\n<meta property=\"og:image\" content=\"https:\/\/ujofotodesign.ch\/wp-content\/uploads\/2020\/12\/m5_mg_4655-1024x768.jpg\" \/>\n<meta name=\"author\" content=\"Ulrich Jousten\" \/>\n<meta name=\"twitter:card\" content=\"summary_large_image\" \/>\n<meta name=\"twitter:label1\" content=\"Verfasst von\" \/>\n\t<meta name=\"twitter:data1\" content=\"Ulrich Jousten\" \/>\n\t<meta name=\"twitter:label2\" content=\"Gesch\u00e4tzte Lesezeit\" \/>\n\t<meta name=\"twitter:data2\" content=\"3 Minuten\" \/>\n<script type=\"application\/ld+json\" class=\"yoast-schema-graph\">{\"@context\":\"https:\/\/schema.org\",\"@graph\":[{\"@type\":\"Article\",\"@id\":\"https:\/\/ujofotodesign.ch\/de\/2020-12-ein-merk-wuerdiges-jahr\/#article\",\"isPartOf\":{\"@id\":\"https:\/\/ujofotodesign.ch\/de\/2020-12-ein-merk-wuerdiges-jahr\/\"},\"author\":{\"name\":\"Ulrich Jousten\",\"@id\":\"https:\/\/ujofotodesign.ch\/de\/#\/schema\/person\/bece9dc9b9c82b781fbf996a923e4695\"},\"headline\":\"2020 12 Ein merk-w\u00fcrdiges Jahr\",\"datePublished\":\"2020-12-23T22:00:19+00:00\",\"dateModified\":\"2020-12-24T10:46:02+00:00\",\"mainEntityOfPage\":{\"@id\":\"https:\/\/ujofotodesign.ch\/de\/2020-12-ein-merk-wuerdiges-jahr\/\"},\"wordCount\":562,\"publisher\":{\"@id\":\"https:\/\/ujofotodesign.ch\/de\/#\/schema\/person\/bece9dc9b9c82b781fbf996a923e4695\"},\"articleSection\":[\"News\"],\"inLanguage\":\"de-DE\"},{\"@type\":\"WebPage\",\"@id\":\"https:\/\/ujofotodesign.ch\/de\/2020-12-ein-merk-wuerdiges-jahr\/\",\"url\":\"https:\/\/ujofotodesign.ch\/de\/2020-12-ein-merk-wuerdiges-jahr\/\",\"name\":\"2020 12 Ein merk-w\u00fcrdiges Jahr &bull; ujofotodesign\",\"isPartOf\":{\"@id\":\"https:\/\/ujofotodesign.ch\/de\/#website\"},\"datePublished\":\"2020-12-23T22:00:19+00:00\",\"dateModified\":\"2020-12-24T10:46:02+00:00\",\"breadcrumb\":{\"@id\":\"https:\/\/ujofotodesign.ch\/de\/2020-12-ein-merk-wuerdiges-jahr\/#breadcrumb\"},\"inLanguage\":\"de-DE\",\"potentialAction\":[{\"@type\":\"ReadAction\",\"target\":[\"https:\/\/ujofotodesign.ch\/de\/2020-12-ein-merk-wuerdiges-jahr\/\"]}]},{\"@type\":\"BreadcrumbList\",\"@id\":\"https:\/\/ujofotodesign.ch\/de\/2020-12-ein-merk-wuerdiges-jahr\/#breadcrumb\",\"itemListElement\":[{\"@type\":\"ListItem\",\"position\":1,\"name\":\"Home\",\"item\":\"https:\/\/ujofotodesign.ch\/de\/\"},{\"@type\":\"ListItem\",\"position\":2,\"name\":\"2020 12 Ein merk-w\u00fcrdiges Jahr\"}]},{\"@type\":\"WebSite\",\"@id\":\"https:\/\/ujofotodesign.ch\/de\/#website\",\"url\":\"https:\/\/ujofotodesign.ch\/de\/\",\"name\":\"ujofotodesign\",\"description\":\"\",\"publisher\":{\"@id\":\"https:\/\/ujofotodesign.ch\/de\/#\/schema\/person\/bece9dc9b9c82b781fbf996a923e4695\"},\"potentialAction\":[{\"@type\":\"SearchAction\",\"target\":{\"@type\":\"EntryPoint\",\"urlTemplate\":\"https:\/\/ujofotodesign.ch\/de\/?s={search_term_string}\"},\"query-input\":\"required name=search_term_string\"}],\"inLanguage\":\"de-DE\"},{\"@type\":[\"Person\",\"Organization\"],\"@id\":\"https:\/\/ujofotodesign.ch\/de\/#\/schema\/person\/bece9dc9b9c82b781fbf996a923e4695\",\"name\":\"Ulrich Jousten\",\"image\":{\"@type\":\"ImageObject\",\"inLanguage\":\"de-DE\",\"@id\":\"https:\/\/ujofotodesign.ch\/de\/#\/schema\/person\/image\/\",\"url\":\"https:\/\/ujofotodesign.ch\/wp-content\/uploads\/2019\/10\/ujofotodesign-logo.jpg\",\"contentUrl\":\"https:\/\/ujofotodesign.ch\/wp-content\/uploads\/2019\/10\/ujofotodesign-logo.jpg\",\"width\":512,\"height\":512,\"caption\":\"Ulrich Jousten\"},\"logo\":{\"@id\":\"https:\/\/ujofotodesign.ch\/de\/#\/schema\/person\/image\/\"},\"sameAs\":[\"https:\/\/ujofotodesign.ch\"]}]}<\/script>\n<!-- \/ Yoast SEO plugin. -->","yoast_head_json":{"title":"2020 12 Ein merk-w\u00fcrdiges Jahr &bull; ujofotodesign","robots":{"index":"index","follow":"follow","max-snippet":"max-snippet:-1","max-image-preview":"max-image-preview:large","max-video-preview":"max-video-preview:-1"},"canonical":"https:\/\/ujofotodesign.ch\/de\/2020-12-ein-merk-wuerdiges-jahr\/","og_locale":"de_DE","og_type":"article","og_title":"2020 12 Ein merk-w\u00fcrdiges Jahr &bull; ujofotodesign","og_description":"Im Fr\u00fchling sah ich einen Cartoon, in dem die Figuren feststellten, dass das Jahr 2020 fehlerhaft begonnen habe, und fragten, ob es nicht m\u00f6glich sei, das Jahr wie einen Computer einfach \u00fcber einen Reset-Knopf nochmals neu zu starten. Wenn ich auf dieses Jahr zur\u00fcckblicke, glaube ich fest daran, dass es viel \u00fcber die menschliche Natur [&hellip;]","og_url":"https:\/\/ujofotodesign.ch\/de\/2020-12-ein-merk-wuerdiges-jahr\/","og_site_name":"ujofotodesign","article_published_time":"2020-12-23T22:00:19+00:00","article_modified_time":"2020-12-24T10:46:02+00:00","og_image":[{"url":"https:\/\/ujofotodesign.ch\/wp-content\/uploads\/2020\/12\/m5_mg_4655-1024x768.jpg"}],"author":"Ulrich Jousten","twitter_card":"summary_large_image","twitter_misc":{"Verfasst von":"Ulrich Jousten","Gesch\u00e4tzte Lesezeit":"3 Minuten"},"schema":{"@context":"https:\/\/schema.org","@graph":[{"@type":"Article","@id":"https:\/\/ujofotodesign.ch\/de\/2020-12-ein-merk-wuerdiges-jahr\/#article","isPartOf":{"@id":"https:\/\/ujofotodesign.ch\/de\/2020-12-ein-merk-wuerdiges-jahr\/"},"author":{"name":"Ulrich Jousten","@id":"https:\/\/ujofotodesign.ch\/de\/#\/schema\/person\/bece9dc9b9c82b781fbf996a923e4695"},"headline":"2020 12 Ein merk-w\u00fcrdiges Jahr","datePublished":"2020-12-23T22:00:19+00:00","dateModified":"2020-12-24T10:46:02+00:00","mainEntityOfPage":{"@id":"https:\/\/ujofotodesign.ch\/de\/2020-12-ein-merk-wuerdiges-jahr\/"},"wordCount":562,"publisher":{"@id":"https:\/\/ujofotodesign.ch\/de\/#\/schema\/person\/bece9dc9b9c82b781fbf996a923e4695"},"articleSection":["News"],"inLanguage":"de-DE"},{"@type":"WebPage","@id":"https:\/\/ujofotodesign.ch\/de\/2020-12-ein-merk-wuerdiges-jahr\/","url":"https:\/\/ujofotodesign.ch\/de\/2020-12-ein-merk-wuerdiges-jahr\/","name":"2020 12 Ein merk-w\u00fcrdiges Jahr &bull; ujofotodesign","isPartOf":{"@id":"https:\/\/ujofotodesign.ch\/de\/#website"},"datePublished":"2020-12-23T22:00:19+00:00","dateModified":"2020-12-24T10:46:02+00:00","breadcrumb":{"@id":"https:\/\/ujofotodesign.ch\/de\/2020-12-ein-merk-wuerdiges-jahr\/#breadcrumb"},"inLanguage":"de-DE","potentialAction":[{"@type":"ReadAction","target":["https:\/\/ujofotodesign.ch\/de\/2020-12-ein-merk-wuerdiges-jahr\/"]}]},{"@type":"BreadcrumbList","@id":"https:\/\/ujofotodesign.ch\/de\/2020-12-ein-merk-wuerdiges-jahr\/#breadcrumb","itemListElement":[{"@type":"ListItem","position":1,"name":"Home","item":"https:\/\/ujofotodesign.ch\/de\/"},{"@type":"ListItem","position":2,"name":"2020 12 Ein merk-w\u00fcrdiges Jahr"}]},{"@type":"WebSite","@id":"https:\/\/ujofotodesign.ch\/de\/#website","url":"https:\/\/ujofotodesign.ch\/de\/","name":"ujofotodesign","description":"","publisher":{"@id":"https:\/\/ujofotodesign.ch\/de\/#\/schema\/person\/bece9dc9b9c82b781fbf996a923e4695"},"potentialAction":[{"@type":"SearchAction","target":{"@type":"EntryPoint","urlTemplate":"https:\/\/ujofotodesign.ch\/de\/?s={search_term_string}"},"query-input":"required name=search_term_string"}],"inLanguage":"de-DE"},{"@type":["Person","Organization"],"@id":"https:\/\/ujofotodesign.ch\/de\/#\/schema\/person\/bece9dc9b9c82b781fbf996a923e4695","name":"Ulrich Jousten","image":{"@type":"ImageObject","inLanguage":"de-DE","@id":"https:\/\/ujofotodesign.ch\/de\/#\/schema\/person\/image\/","url":"https:\/\/ujofotodesign.ch\/wp-content\/uploads\/2019\/10\/ujofotodesign-logo.jpg","contentUrl":"https:\/\/ujofotodesign.ch\/wp-content\/uploads\/2019\/10\/ujofotodesign-logo.jpg","width":512,"height":512,"caption":"Ulrich Jousten"},"logo":{"@id":"https:\/\/ujofotodesign.ch\/de\/#\/schema\/person\/image\/"},"sameAs":["https:\/\/ujofotodesign.ch"]}]}},"_links":{"self":[{"href":"https:\/\/ujofotodesign.ch\/de\/wp-json\/wp\/v2\/posts\/30350"}],"collection":[{"href":"https:\/\/ujofotodesign.ch\/de\/wp-json\/wp\/v2\/posts"}],"about":[{"href":"https:\/\/ujofotodesign.ch\/de\/wp-json\/wp\/v2\/types\/post"}],"author":[{"embeddable":true,"href":"https:\/\/ujofotodesign.ch\/de\/wp-json\/wp\/v2\/users\/2"}],"replies":[{"embeddable":true,"href":"https:\/\/ujofotodesign.ch\/de\/wp-json\/wp\/v2\/comments?post=30350"}],"version-history":[{"count":8,"href":"https:\/\/ujofotodesign.ch\/de\/wp-json\/wp\/v2\/posts\/30350\/revisions"}],"predecessor-version":[{"id":30362,"href":"https:\/\/ujofotodesign.ch\/de\/wp-json\/wp\/v2\/posts\/30350\/revisions\/30362"}],"wp:attachment":[{"href":"https:\/\/ujofotodesign.ch\/de\/wp-json\/wp\/v2\/media?parent=30350"}],"wp:term":[{"taxonomy":"category","embeddable":true,"href":"https:\/\/ujofotodesign.ch\/de\/wp-json\/wp\/v2\/categories?post=30350"},{"taxonomy":"post_tag","embeddable":true,"href":"https:\/\/ujofotodesign.ch\/de\/wp-json\/wp\/v2\/tags?post=30350"}],"curies":[{"name":"wp","href":"https:\/\/api.w.org\/{rel}","templated":true}]}}