{"id":30320,"date":"2020-11-21T11:00:00","date_gmt":"2020-11-21T10:00:00","guid":{"rendered":"https:\/\/ujofotodesign.ch\/?p=30320"},"modified":"2020-11-22T12:10:30","modified_gmt":"2020-11-22T11:10:30","slug":"2020-11-autumn-abstraction","status":"publish","type":"post","link":"https:\/\/ujofotodesign.ch\/de\/2020-11-autumn-abstraction\/","title":{"rendered":"2020 11 Herbstliche Abstraktion"},"content":{"rendered":"\n<p>Der Herbst ist die Zeit der Farben, der warmen T\u00f6ne. Verfall und letztes Aufb\u00e4umen. Vorbereitung auf eine Ruhezeit um voller Energie in neues Leben aufzubrechen. Letztes Gr\u00fcn unter verbl\u00fchten Kelchen. Laub f\u00e4llt, formt farbvolle Fayencen, Mosaiken, durch Bewegung verfremdet. Die Maispflanzen auf den Feldern f\u00e4rben sich recken sich noch nach oben, wilder Wein flammt in kr\u00e4ftigem Rot. Action Painting mit der Kamera durch rasche Bewegung w\u00e4hrend der Aufnahme, Nachbearbeitung im digitalen Fotolabor. \u00dcberlagerung des gleichen, gedrehten Bildes zur Verfremdung und Abstrahierung der eigentlichen Abbildung erzeugt weitere Dynamik und visuelle Fragen.<\/p>\n\n\n\n<p><\/p>\n\n\n\n<div class=\"wp-block-image\"><figure class=\"aligncenter size-large\"><img decoding=\"async\" loading=\"lazy\" width=\"1024\" height=\"819\" src=\"https:\/\/ujofotodesign.ch\/wp-content\/uploads\/2020\/11\/10_m5_mg_4647-1024x819.jpg\" alt=\"\" class=\"wp-image-30310\" srcset=\"https:\/\/ujofotodesign.ch\/wp-content\/uploads\/2020\/11\/10_m5_mg_4647-1024x819.jpg 1024w, https:\/\/ujofotodesign.ch\/wp-content\/uploads\/2020\/11\/10_m5_mg_4647-300x240.jpg 300w, https:\/\/ujofotodesign.ch\/wp-content\/uploads\/2020\/11\/10_m5_mg_4647-768x614.jpg 768w, https:\/\/ujofotodesign.ch\/wp-content\/uploads\/2020\/11\/10_m5_mg_4647-1536x1229.jpg 1536w, https:\/\/ujofotodesign.ch\/wp-content\/uploads\/2020\/11\/10_m5_mg_4647.jpg 2000w\" sizes=\"(max-width: 1024px) 100vw, 1024px\" \/><\/figure><\/div>\n\n\n\n<p><\/p>\n\n\n\n<div class=\"wp-block-image\"><figure class=\"aligncenter size-large\"><img decoding=\"async\" loading=\"lazy\" width=\"1024\" height=\"819\" src=\"https:\/\/ujofotodesign.ch\/wp-content\/uploads\/2020\/11\/20_m5_mg_4623-1024x819.jpg\" alt=\"\" class=\"wp-image-30311\" srcset=\"https:\/\/ujofotodesign.ch\/wp-content\/uploads\/2020\/11\/20_m5_mg_4623-1024x819.jpg 1024w, https:\/\/ujofotodesign.ch\/wp-content\/uploads\/2020\/11\/20_m5_mg_4623-300x240.jpg 300w, https:\/\/ujofotodesign.ch\/wp-content\/uploads\/2020\/11\/20_m5_mg_4623-768x614.jpg 768w, https:\/\/ujofotodesign.ch\/wp-content\/uploads\/2020\/11\/20_m5_mg_4623-1536x1229.jpg 1536w, https:\/\/ujofotodesign.ch\/wp-content\/uploads\/2020\/11\/20_m5_mg_4623.jpg 2000w\" sizes=\"(max-width: 1024px) 100vw, 1024px\" \/><\/figure><\/div>\n\n\n\n<p><\/p>\n\n\n\n<div class=\"wp-block-image\"><figure class=\"aligncenter size-large\"><img decoding=\"async\" loading=\"lazy\" width=\"1024\" height=\"819\" src=\"https:\/\/ujofotodesign.ch\/wp-content\/uploads\/2020\/11\/30_m5_mg_4546-1024x819.jpg\" alt=\"\" class=\"wp-image-30312\" srcset=\"https:\/\/ujofotodesign.ch\/wp-content\/uploads\/2020\/11\/30_m5_mg_4546-1024x819.jpg 1024w, https:\/\/ujofotodesign.ch\/wp-content\/uploads\/2020\/11\/30_m5_mg_4546-300x240.jpg 300w, https:\/\/ujofotodesign.ch\/wp-content\/uploads\/2020\/11\/30_m5_mg_4546-768x614.jpg 768w, https:\/\/ujofotodesign.ch\/wp-content\/uploads\/2020\/11\/30_m5_mg_4546-1536x1229.jpg 1536w, https:\/\/ujofotodesign.ch\/wp-content\/uploads\/2020\/11\/30_m5_mg_4546.jpg 2000w\" sizes=\"(max-width: 1024px) 100vw, 1024px\" \/><\/figure><\/div>\n\n\n\n<p><\/p>\n\n\n\n<div class=\"wp-block-image\"><figure class=\"aligncenter size-large\"><img decoding=\"async\" loading=\"lazy\" width=\"1024\" height=\"819\" src=\"https:\/\/ujofotodesign.ch\/wp-content\/uploads\/2020\/11\/35_m5_mg_4545-1024x819.jpg\" alt=\"\" class=\"wp-image-30313\" srcset=\"https:\/\/ujofotodesign.ch\/wp-content\/uploads\/2020\/11\/35_m5_mg_4545-1024x819.jpg 1024w, https:\/\/ujofotodesign.ch\/wp-content\/uploads\/2020\/11\/35_m5_mg_4545-300x240.jpg 300w, https:\/\/ujofotodesign.ch\/wp-content\/uploads\/2020\/11\/35_m5_mg_4545-768x614.jpg 768w, https:\/\/ujofotodesign.ch\/wp-content\/uploads\/2020\/11\/35_m5_mg_4545-1536x1229.jpg 1536w, https:\/\/ujofotodesign.ch\/wp-content\/uploads\/2020\/11\/35_m5_mg_4545.jpg 2000w\" sizes=\"(max-width: 1024px) 100vw, 1024px\" \/><\/figure><\/div>\n\n\n\n<p><\/p>\n\n\n\n<div class=\"wp-block-image\"><figure class=\"aligncenter size-large\"><img decoding=\"async\" loading=\"lazy\" width=\"1024\" height=\"819\" src=\"https:\/\/ujofotodesign.ch\/wp-content\/uploads\/2020\/11\/40_m5_mg_4549-1024x819.jpg\" alt=\"\" class=\"wp-image-30314\" srcset=\"https:\/\/ujofotodesign.ch\/wp-content\/uploads\/2020\/11\/40_m5_mg_4549-1024x819.jpg 1024w, https:\/\/ujofotodesign.ch\/wp-content\/uploads\/2020\/11\/40_m5_mg_4549-300x240.jpg 300w, https:\/\/ujofotodesign.ch\/wp-content\/uploads\/2020\/11\/40_m5_mg_4549-768x614.jpg 768w, https:\/\/ujofotodesign.ch\/wp-content\/uploads\/2020\/11\/40_m5_mg_4549-1536x1229.jpg 1536w, https:\/\/ujofotodesign.ch\/wp-content\/uploads\/2020\/11\/40_m5_mg_4549.jpg 2000w\" sizes=\"(max-width: 1024px) 100vw, 1024px\" \/><\/figure><\/div>\n\n\n\n<p><\/p>\n\n\n\n<div class=\"wp-block-image\"><figure class=\"aligncenter size-large\"><img decoding=\"async\" loading=\"lazy\" width=\"1024\" height=\"819\" src=\"https:\/\/ujofotodesign.ch\/wp-content\/uploads\/2020\/11\/45_m5_mg_4624-1024x819.jpg\" alt=\"\" class=\"wp-image-30315\" srcset=\"https:\/\/ujofotodesign.ch\/wp-content\/uploads\/2020\/11\/45_m5_mg_4624-1024x819.jpg 1024w, https:\/\/ujofotodesign.ch\/wp-content\/uploads\/2020\/11\/45_m5_mg_4624-300x240.jpg 300w, https:\/\/ujofotodesign.ch\/wp-content\/uploads\/2020\/11\/45_m5_mg_4624-768x614.jpg 768w, https:\/\/ujofotodesign.ch\/wp-content\/uploads\/2020\/11\/45_m5_mg_4624-1536x1229.jpg 1536w, https:\/\/ujofotodesign.ch\/wp-content\/uploads\/2020\/11\/45_m5_mg_4624.jpg 2000w\" sizes=\"(max-width: 1024px) 100vw, 1024px\" \/><\/figure><\/div>\n\n\n\n<p><\/p>\n\n\n\n<div class=\"wp-block-image\"><figure class=\"aligncenter size-large\"><img decoding=\"async\" loading=\"lazy\" width=\"1024\" height=\"819\" src=\"https:\/\/ujofotodesign.ch\/wp-content\/uploads\/2020\/11\/50_m5_mg_4652-1024x819.jpg\" alt=\"\" class=\"wp-image-30316\" srcset=\"https:\/\/ujofotodesign.ch\/wp-content\/uploads\/2020\/11\/50_m5_mg_4652-1024x819.jpg 1024w, https:\/\/ujofotodesign.ch\/wp-content\/uploads\/2020\/11\/50_m5_mg_4652-300x240.jpg 300w, https:\/\/ujofotodesign.ch\/wp-content\/uploads\/2020\/11\/50_m5_mg_4652-768x614.jpg 768w, https:\/\/ujofotodesign.ch\/wp-content\/uploads\/2020\/11\/50_m5_mg_4652-1536x1229.jpg 1536w, https:\/\/ujofotodesign.ch\/wp-content\/uploads\/2020\/11\/50_m5_mg_4652.jpg 2000w\" sizes=\"(max-width: 1024px) 100vw, 1024px\" \/><\/figure><\/div>\n\n\n\n<p><\/p>\n\n\n\n<blockquote class=\"wp-block-quote has-text-align-center\"><p> Die Bl\u00e4tter fallen, fallen wie von weit,<br> als welkten in den Himmeln ferne G\u00e4rten;<br>sie fallen mit verneinender Geb\u00e4rde.<br> <br>Und in den N\u00e4chten f\u00e4llt die schwere Erde<br> aus allen Sternen in die Einsamkeit.<br><br> Wir alle fallen. Diese Hand da f\u00e4llt.<br> Und sieh dir andre an: es ist in allen.<br><br> Und doch ist Einer, welcher dieses Fallen<br> unendlich sanft in seinen H\u00e4nden h\u00e4lt. <\/p><cite>Herbst, Rainer Maria Rilke<\/cite><\/blockquote>\n\n\n\n<div class=\"wp-block-image\"><figure class=\"aligncenter size-large is-resized\"><img decoding=\"async\" loading=\"lazy\" src=\"https:\/\/ujofotodesign.ch\/wp-content\/uploads\/2019\/10\/ujo-signature-e1571571873324.jpg\" alt=\"\" class=\"wp-image-657\" width=\"158\" height=\"78\"\/><\/figure><\/div>\n","protected":false},"excerpt":{"rendered":"<p>Der Herbst ist die Zeit der Farben, der warmen T\u00f6ne. Verfall und letztes Aufb\u00e4umen. Vorbereitung auf eine Ruhezeit um voller Energie in neues Leben aufzubrechen. Letztes Gr\u00fcn unter verbl\u00fchten Kelchen. Laub f\u00e4llt, formt farbvolle Fayencen, Mosaiken, durch Bewegung verfremdet. Die Maispflanzen auf den Feldern f\u00e4rben sich recken sich noch nach oben, wilder Wein flammt in [&hellip;]<\/p>\n","protected":false},"author":2,"featured_media":0,"comment_status":"closed","ping_status":"open","sticky":false,"template":"","format":"standard","meta":[],"categories":[10],"tags":[],"acf":[],"yoast_head":"<!-- This site is optimized with the Yoast SEO plugin v20.12 - https:\/\/yoast.com\/wordpress\/plugins\/seo\/ -->\n<title>2020 11 Herbstliche Abstraktion &bull; ujofotodesign<\/title>\n<meta name=\"robots\" content=\"index, follow, max-snippet:-1, max-image-preview:large, max-video-preview:-1\" \/>\n<link rel=\"canonical\" href=\"https:\/\/ujofotodesign.ch\/de\/2020-11-autumn-abstraction\/\" \/>\n<meta property=\"og:locale\" content=\"de_DE\" \/>\n<meta property=\"og:type\" content=\"article\" \/>\n<meta property=\"og:title\" content=\"2020 11 Herbstliche Abstraktion &bull; ujofotodesign\" \/>\n<meta property=\"og:description\" content=\"Der Herbst ist die Zeit der Farben, der warmen T\u00f6ne. Verfall und letztes Aufb\u00e4umen. Vorbereitung auf eine Ruhezeit um voller Energie in neues Leben aufzubrechen. Letztes Gr\u00fcn unter verbl\u00fchten Kelchen. Laub f\u00e4llt, formt farbvolle Fayencen, Mosaiken, durch Bewegung verfremdet. Die Maispflanzen auf den Feldern f\u00e4rben sich recken sich noch nach oben, wilder Wein flammt in [&hellip;]\" \/>\n<meta property=\"og:url\" content=\"https:\/\/ujofotodesign.ch\/de\/2020-11-autumn-abstraction\/\" \/>\n<meta property=\"og:site_name\" content=\"ujofotodesign\" \/>\n<meta property=\"article:published_time\" content=\"2020-11-21T10:00:00+00:00\" \/>\n<meta property=\"article:modified_time\" content=\"2020-11-22T11:10:30+00:00\" \/>\n<meta property=\"og:image\" content=\"https:\/\/ujofotodesign.ch\/wp-content\/uploads\/2020\/11\/10_m5_mg_4647-1024x819.jpg\" \/>\n<meta name=\"author\" content=\"Ulrich Jousten\" \/>\n<meta name=\"twitter:card\" content=\"summary_large_image\" \/>\n<meta name=\"twitter:label1\" content=\"Verfasst von\" \/>\n\t<meta name=\"twitter:data1\" content=\"Ulrich Jousten\" \/>\n\t<meta name=\"twitter:label2\" content=\"Gesch\u00e4tzte Lesezeit\" \/>\n\t<meta name=\"twitter:data2\" content=\"1 Minute\" \/>\n<script type=\"application\/ld+json\" class=\"yoast-schema-graph\">{\"@context\":\"https:\/\/schema.org\",\"@graph\":[{\"@type\":\"Article\",\"@id\":\"https:\/\/ujofotodesign.ch\/de\/2020-11-autumn-abstraction\/#article\",\"isPartOf\":{\"@id\":\"https:\/\/ujofotodesign.ch\/de\/2020-11-autumn-abstraction\/\"},\"author\":{\"name\":\"Ulrich Jousten\",\"@id\":\"https:\/\/ujofotodesign.ch\/de\/#\/schema\/person\/bece9dc9b9c82b781fbf996a923e4695\"},\"headline\":\"2020 11 Herbstliche Abstraktion\",\"datePublished\":\"2020-11-21T10:00:00+00:00\",\"dateModified\":\"2020-11-22T11:10:30+00:00\",\"mainEntityOfPage\":{\"@id\":\"https:\/\/ujofotodesign.ch\/de\/2020-11-autumn-abstraction\/\"},\"wordCount\":174,\"publisher\":{\"@id\":\"https:\/\/ujofotodesign.ch\/de\/#\/schema\/person\/bece9dc9b9c82b781fbf996a923e4695\"},\"articleSection\":[\"News\"],\"inLanguage\":\"de-DE\"},{\"@type\":\"WebPage\",\"@id\":\"https:\/\/ujofotodesign.ch\/de\/2020-11-autumn-abstraction\/\",\"url\":\"https:\/\/ujofotodesign.ch\/de\/2020-11-autumn-abstraction\/\",\"name\":\"2020 11 Herbstliche Abstraktion &bull; ujofotodesign\",\"isPartOf\":{\"@id\":\"https:\/\/ujofotodesign.ch\/de\/#website\"},\"datePublished\":\"2020-11-21T10:00:00+00:00\",\"dateModified\":\"2020-11-22T11:10:30+00:00\",\"breadcrumb\":{\"@id\":\"https:\/\/ujofotodesign.ch\/de\/2020-11-autumn-abstraction\/#breadcrumb\"},\"inLanguage\":\"de-DE\",\"potentialAction\":[{\"@type\":\"ReadAction\",\"target\":[\"https:\/\/ujofotodesign.ch\/de\/2020-11-autumn-abstraction\/\"]}]},{\"@type\":\"BreadcrumbList\",\"@id\":\"https:\/\/ujofotodesign.ch\/de\/2020-11-autumn-abstraction\/#breadcrumb\",\"itemListElement\":[{\"@type\":\"ListItem\",\"position\":1,\"name\":\"Home\",\"item\":\"https:\/\/ujofotodesign.ch\/de\/\"},{\"@type\":\"ListItem\",\"position\":2,\"name\":\"2020 11 Herbstliche Abstraktion\"}]},{\"@type\":\"WebSite\",\"@id\":\"https:\/\/ujofotodesign.ch\/de\/#website\",\"url\":\"https:\/\/ujofotodesign.ch\/de\/\",\"name\":\"ujofotodesign\",\"description\":\"\",\"publisher\":{\"@id\":\"https:\/\/ujofotodesign.ch\/de\/#\/schema\/person\/bece9dc9b9c82b781fbf996a923e4695\"},\"potentialAction\":[{\"@type\":\"SearchAction\",\"target\":{\"@type\":\"EntryPoint\",\"urlTemplate\":\"https:\/\/ujofotodesign.ch\/de\/?s={search_term_string}\"},\"query-input\":\"required name=search_term_string\"}],\"inLanguage\":\"de-DE\"},{\"@type\":[\"Person\",\"Organization\"],\"@id\":\"https:\/\/ujofotodesign.ch\/de\/#\/schema\/person\/bece9dc9b9c82b781fbf996a923e4695\",\"name\":\"Ulrich Jousten\",\"image\":{\"@type\":\"ImageObject\",\"inLanguage\":\"de-DE\",\"@id\":\"https:\/\/ujofotodesign.ch\/de\/#\/schema\/person\/image\/\",\"url\":\"https:\/\/ujofotodesign.ch\/wp-content\/uploads\/2019\/10\/ujofotodesign-logo.jpg\",\"contentUrl\":\"https:\/\/ujofotodesign.ch\/wp-content\/uploads\/2019\/10\/ujofotodesign-logo.jpg\",\"width\":512,\"height\":512,\"caption\":\"Ulrich Jousten\"},\"logo\":{\"@id\":\"https:\/\/ujofotodesign.ch\/de\/#\/schema\/person\/image\/\"},\"sameAs\":[\"https:\/\/ujofotodesign.ch\"]}]}<\/script>\n<!-- \/ Yoast SEO plugin. -->","yoast_head_json":{"title":"2020 11 Herbstliche Abstraktion &bull; ujofotodesign","robots":{"index":"index","follow":"follow","max-snippet":"max-snippet:-1","max-image-preview":"max-image-preview:large","max-video-preview":"max-video-preview:-1"},"canonical":"https:\/\/ujofotodesign.ch\/de\/2020-11-autumn-abstraction\/","og_locale":"de_DE","og_type":"article","og_title":"2020 11 Herbstliche Abstraktion &bull; ujofotodesign","og_description":"Der Herbst ist die Zeit der Farben, der warmen T\u00f6ne. Verfall und letztes Aufb\u00e4umen. Vorbereitung auf eine Ruhezeit um voller Energie in neues Leben aufzubrechen. Letztes Gr\u00fcn unter verbl\u00fchten Kelchen. Laub f\u00e4llt, formt farbvolle Fayencen, Mosaiken, durch Bewegung verfremdet. Die Maispflanzen auf den Feldern f\u00e4rben sich recken sich noch nach oben, wilder Wein flammt in [&hellip;]","og_url":"https:\/\/ujofotodesign.ch\/de\/2020-11-autumn-abstraction\/","og_site_name":"ujofotodesign","article_published_time":"2020-11-21T10:00:00+00:00","article_modified_time":"2020-11-22T11:10:30+00:00","og_image":[{"url":"https:\/\/ujofotodesign.ch\/wp-content\/uploads\/2020\/11\/10_m5_mg_4647-1024x819.jpg"}],"author":"Ulrich Jousten","twitter_card":"summary_large_image","twitter_misc":{"Verfasst von":"Ulrich Jousten","Gesch\u00e4tzte Lesezeit":"1 Minute"},"schema":{"@context":"https:\/\/schema.org","@graph":[{"@type":"Article","@id":"https:\/\/ujofotodesign.ch\/de\/2020-11-autumn-abstraction\/#article","isPartOf":{"@id":"https:\/\/ujofotodesign.ch\/de\/2020-11-autumn-abstraction\/"},"author":{"name":"Ulrich Jousten","@id":"https:\/\/ujofotodesign.ch\/de\/#\/schema\/person\/bece9dc9b9c82b781fbf996a923e4695"},"headline":"2020 11 Herbstliche Abstraktion","datePublished":"2020-11-21T10:00:00+00:00","dateModified":"2020-11-22T11:10:30+00:00","mainEntityOfPage":{"@id":"https:\/\/ujofotodesign.ch\/de\/2020-11-autumn-abstraction\/"},"wordCount":174,"publisher":{"@id":"https:\/\/ujofotodesign.ch\/de\/#\/schema\/person\/bece9dc9b9c82b781fbf996a923e4695"},"articleSection":["News"],"inLanguage":"de-DE"},{"@type":"WebPage","@id":"https:\/\/ujofotodesign.ch\/de\/2020-11-autumn-abstraction\/","url":"https:\/\/ujofotodesign.ch\/de\/2020-11-autumn-abstraction\/","name":"2020 11 Herbstliche Abstraktion &bull; ujofotodesign","isPartOf":{"@id":"https:\/\/ujofotodesign.ch\/de\/#website"},"datePublished":"2020-11-21T10:00:00+00:00","dateModified":"2020-11-22T11:10:30+00:00","breadcrumb":{"@id":"https:\/\/ujofotodesign.ch\/de\/2020-11-autumn-abstraction\/#breadcrumb"},"inLanguage":"de-DE","potentialAction":[{"@type":"ReadAction","target":["https:\/\/ujofotodesign.ch\/de\/2020-11-autumn-abstraction\/"]}]},{"@type":"BreadcrumbList","@id":"https:\/\/ujofotodesign.ch\/de\/2020-11-autumn-abstraction\/#breadcrumb","itemListElement":[{"@type":"ListItem","position":1,"name":"Home","item":"https:\/\/ujofotodesign.ch\/de\/"},{"@type":"ListItem","position":2,"name":"2020 11 Herbstliche Abstraktion"}]},{"@type":"WebSite","@id":"https:\/\/ujofotodesign.ch\/de\/#website","url":"https:\/\/ujofotodesign.ch\/de\/","name":"ujofotodesign","description":"","publisher":{"@id":"https:\/\/ujofotodesign.ch\/de\/#\/schema\/person\/bece9dc9b9c82b781fbf996a923e4695"},"potentialAction":[{"@type":"SearchAction","target":{"@type":"EntryPoint","urlTemplate":"https:\/\/ujofotodesign.ch\/de\/?s={search_term_string}"},"query-input":"required name=search_term_string"}],"inLanguage":"de-DE"},{"@type":["Person","Organization"],"@id":"https:\/\/ujofotodesign.ch\/de\/#\/schema\/person\/bece9dc9b9c82b781fbf996a923e4695","name":"Ulrich Jousten","image":{"@type":"ImageObject","inLanguage":"de-DE","@id":"https:\/\/ujofotodesign.ch\/de\/#\/schema\/person\/image\/","url":"https:\/\/ujofotodesign.ch\/wp-content\/uploads\/2019\/10\/ujofotodesign-logo.jpg","contentUrl":"https:\/\/ujofotodesign.ch\/wp-content\/uploads\/2019\/10\/ujofotodesign-logo.jpg","width":512,"height":512,"caption":"Ulrich Jousten"},"logo":{"@id":"https:\/\/ujofotodesign.ch\/de\/#\/schema\/person\/image\/"},"sameAs":["https:\/\/ujofotodesign.ch"]}]}},"_links":{"self":[{"href":"https:\/\/ujofotodesign.ch\/de\/wp-json\/wp\/v2\/posts\/30320"}],"collection":[{"href":"https:\/\/ujofotodesign.ch\/de\/wp-json\/wp\/v2\/posts"}],"about":[{"href":"https:\/\/ujofotodesign.ch\/de\/wp-json\/wp\/v2\/types\/post"}],"author":[{"embeddable":true,"href":"https:\/\/ujofotodesign.ch\/de\/wp-json\/wp\/v2\/users\/2"}],"replies":[{"embeddable":true,"href":"https:\/\/ujofotodesign.ch\/de\/wp-json\/wp\/v2\/comments?post=30320"}],"version-history":[{"count":15,"href":"https:\/\/ujofotodesign.ch\/de\/wp-json\/wp\/v2\/posts\/30320\/revisions"}],"predecessor-version":[{"id":30342,"href":"https:\/\/ujofotodesign.ch\/de\/wp-json\/wp\/v2\/posts\/30320\/revisions\/30342"}],"wp:attachment":[{"href":"https:\/\/ujofotodesign.ch\/de\/wp-json\/wp\/v2\/media?parent=30320"}],"wp:term":[{"taxonomy":"category","embeddable":true,"href":"https:\/\/ujofotodesign.ch\/de\/wp-json\/wp\/v2\/categories?post=30320"},{"taxonomy":"post_tag","embeddable":true,"href":"https:\/\/ujofotodesign.ch\/de\/wp-json\/wp\/v2\/tags?post=30320"}],"curies":[{"name":"wp","href":"https:\/\/api.w.org\/{rel}","templated":true}]}}