{"id":30281,"date":"2020-10-11T14:42:00","date_gmt":"2020-10-11T12:42:00","guid":{"rendered":"https:\/\/ujofotodesign.ch\/?p=30281"},"modified":"2020-09-27T12:19:36","modified_gmt":"2020-09-27T10:19:36","slug":"2020-10-grenzen-iii","status":"publish","type":"post","link":"https:\/\/ujofotodesign.ch\/de\/2020-10-grenzen-iii\/","title":{"rendered":"2020 10 Grenzen III"},"content":{"rendered":"\n<p>Die Farbverl\u00e4ufe und\nabstrakten Reflektionen auf der Wasseroberfl\u00e4che erinnern an die Werke des <a href=\"https:\/\/www.metmuseum.org\/toah\/hd\/abex\/hd_abex.htm\">Abstrakten Expressionismus<\/a>,\noder der New Yorker Schule aus der zweiten H\u00e4lfte des 20. Jahrhunderts. Dieser lose\nK\u00fcnstlerkreis mit Leuten wie Clyfford Still, Mark Rothko , Lee Krasner, Willem\nde Kooning oder Jackson Pollock suchte nach neuen Ausdrucksformen ihrer inneren\nVerfassung. In meist sehr grossformatigen Werken versuchten diese K\u00fcnstler auf\nder einen Seite die spontane Improvisation mit hochdynamischen energiegeladenen\nGesten, wie auch einer kontemplativ ruhigen Fokussierung auf Farbfl\u00e4chen. &nbsp;&nbsp;<\/p>\n\n\n\n<p>Interessanterweise sind Analogien insbesondere zur Farbfeldmalerei in den reflektierenden Oberfl\u00e4chen und unscharfen Abgrenzungen meiner \u00abGrenzen\u00bb Serie ein weiteres Beispiel daf\u00fcr, dass Kunst, so abstrakt sie auf den ersten Blick erscheinen mag, doch sehr oft eine Entsprechung in der Natur hat \u2013 und den Zustand der Natur reflektiert wie die Ausdrucksformen des Abstrakten den inneren Zustand der K\u00fcnstler.  Vielleicht befasse ich mich ja in einem der n\u00e4chsten Posts mit der energetischen Form des Abstrakten Expressionismus und suche nach entsprechenden Formen in der Natur<\/p>\n\n\n\n<p><\/p>\n\n\n\n<div class=\"wp-block-image\"><figure class=\"aligncenter size-large\"><img decoding=\"async\" loading=\"lazy\" width=\"1024\" height=\"819\" src=\"https:\/\/ujofotodesign.ch\/wp-content\/uploads\/2020\/09\/m5_mg_4268-1024x819.jpg\" alt=\"\" class=\"wp-image-30282\" srcset=\"https:\/\/ujofotodesign.ch\/wp-content\/uploads\/2020\/09\/m5_mg_4268-1024x819.jpg 1024w, https:\/\/ujofotodesign.ch\/wp-content\/uploads\/2020\/09\/m5_mg_4268-300x240.jpg 300w, https:\/\/ujofotodesign.ch\/wp-content\/uploads\/2020\/09\/m5_mg_4268-768x614.jpg 768w, https:\/\/ujofotodesign.ch\/wp-content\/uploads\/2020\/09\/m5_mg_4268-1536x1229.jpg 1536w, https:\/\/ujofotodesign.ch\/wp-content\/uploads\/2020\/09\/m5_mg_4268.jpg 2000w\" sizes=\"(max-width: 1024px) 100vw, 1024px\" \/><\/figure><\/div>\n\n\n\n<p><\/p>\n\n\n\n<div class=\"wp-block-image\"><figure class=\"aligncenter size-large\"><img decoding=\"async\" loading=\"lazy\" width=\"1024\" height=\"819\" src=\"https:\/\/ujofotodesign.ch\/wp-content\/uploads\/2020\/09\/m5_mg_4272-1024x819.jpg\" alt=\"\" class=\"wp-image-30283\" srcset=\"https:\/\/ujofotodesign.ch\/wp-content\/uploads\/2020\/09\/m5_mg_4272-1024x819.jpg 1024w, https:\/\/ujofotodesign.ch\/wp-content\/uploads\/2020\/09\/m5_mg_4272-300x240.jpg 300w, https:\/\/ujofotodesign.ch\/wp-content\/uploads\/2020\/09\/m5_mg_4272-768x614.jpg 768w, https:\/\/ujofotodesign.ch\/wp-content\/uploads\/2020\/09\/m5_mg_4272-1536x1229.jpg 1536w, https:\/\/ujofotodesign.ch\/wp-content\/uploads\/2020\/09\/m5_mg_4272.jpg 2000w\" sizes=\"(max-width: 1024px) 100vw, 1024px\" \/><\/figure><\/div>\n\n\n\n<p><\/p>\n\n\n\n<div class=\"wp-block-image\"><figure class=\"aligncenter size-large\"><img decoding=\"async\" loading=\"lazy\" width=\"1024\" height=\"819\" src=\"https:\/\/ujofotodesign.ch\/wp-content\/uploads\/2020\/09\/m5_mg_4309-1024x819.jpg\" alt=\"\" class=\"wp-image-30284\" srcset=\"https:\/\/ujofotodesign.ch\/wp-content\/uploads\/2020\/09\/m5_mg_4309-1024x819.jpg 1024w, https:\/\/ujofotodesign.ch\/wp-content\/uploads\/2020\/09\/m5_mg_4309-300x240.jpg 300w, https:\/\/ujofotodesign.ch\/wp-content\/uploads\/2020\/09\/m5_mg_4309-768x614.jpg 768w, https:\/\/ujofotodesign.ch\/wp-content\/uploads\/2020\/09\/m5_mg_4309-1536x1229.jpg 1536w, https:\/\/ujofotodesign.ch\/wp-content\/uploads\/2020\/09\/m5_mg_4309.jpg 2000w\" sizes=\"(max-width: 1024px) 100vw, 1024px\" \/><\/figure><\/div>\n\n\n\n<p><\/p>\n\n\n\n<div class=\"wp-block-image\"><figure class=\"aligncenter size-large\"><img decoding=\"async\" loading=\"lazy\" width=\"1024\" height=\"819\" src=\"https:\/\/ujofotodesign.ch\/wp-content\/uploads\/2020\/09\/m5_mg_4315-1024x819.jpg\" alt=\"\" class=\"wp-image-30286\" srcset=\"https:\/\/ujofotodesign.ch\/wp-content\/uploads\/2020\/09\/m5_mg_4315-1024x819.jpg 1024w, https:\/\/ujofotodesign.ch\/wp-content\/uploads\/2020\/09\/m5_mg_4315-300x240.jpg 300w, https:\/\/ujofotodesign.ch\/wp-content\/uploads\/2020\/09\/m5_mg_4315-768x614.jpg 768w, https:\/\/ujofotodesign.ch\/wp-content\/uploads\/2020\/09\/m5_mg_4315-1536x1229.jpg 1536w, https:\/\/ujofotodesign.ch\/wp-content\/uploads\/2020\/09\/m5_mg_4315.jpg 2000w\" sizes=\"(max-width: 1024px) 100vw, 1024px\" \/><\/figure><\/div>\n\n\n\n<p><\/p>\n\n\n\n<blockquote class=\"wp-block-quote has-text-align-center\"><p>Ich glaube nicht, dass es jemals darum ging, abstrakt oder gegenst\u00e4ndlich zu sein. Es geht wirklich darum, diese Stille und Einsamkeit zu beenden, zu atmen und die Arme wieder zu strecken. Transzendentale Erfahrungen wurden m\u00f6glich.<\/p><cite>Mark Rothko in The Romantics were prompted, 1947\/48<\/cite><\/blockquote>\n\n\n\n<p><\/p>\n\n\n\n<div class=\"wp-block-image\"><figure class=\"aligncenter size-large is-resized\"><img decoding=\"async\" loading=\"lazy\" src=\"https:\/\/ujofotodesign.ch\/wp-content\/uploads\/2019\/10\/ujo-signature-e1571571873324.jpg\" alt=\"\" class=\"wp-image-657\" width=\"151\" height=\"75\"\/><\/figure><\/div>\n","protected":false},"excerpt":{"rendered":"<p>Die Farbverl\u00e4ufe und abstrakten Reflektionen auf der Wasseroberfl\u00e4che erinnern an die Werke des Abstrakten Expressionismus, oder der New Yorker Schule aus der zweiten H\u00e4lfte des 20. Jahrhunderts. Dieser lose K\u00fcnstlerkreis mit Leuten wie Clyfford Still, Mark Rothko , Lee Krasner, Willem de Kooning oder Jackson Pollock suchte nach neuen Ausdrucksformen ihrer inneren Verfassung. In meist [&hellip;]<\/p>\n","protected":false},"author":2,"featured_media":0,"comment_status":"open","ping_status":"open","sticky":true,"template":"","format":"standard","meta":[],"categories":[10],"tags":[],"acf":[],"yoast_head":"<!-- This site is optimized with the Yoast SEO plugin v20.12 - https:\/\/yoast.com\/wordpress\/plugins\/seo\/ -->\n<title>2020 10 Grenzen III &bull; ujofotodesign<\/title>\n<meta name=\"robots\" content=\"index, follow, max-snippet:-1, max-image-preview:large, max-video-preview:-1\" \/>\n<link rel=\"canonical\" href=\"https:\/\/ujofotodesign.ch\/de\/2020-10-grenzen-iii\/\" \/>\n<meta property=\"og:locale\" content=\"de_DE\" \/>\n<meta property=\"og:type\" content=\"article\" \/>\n<meta property=\"og:title\" content=\"2020 10 Grenzen III &bull; ujofotodesign\" \/>\n<meta property=\"og:description\" content=\"Die Farbverl\u00e4ufe und abstrakten Reflektionen auf der Wasseroberfl\u00e4che erinnern an die Werke des Abstrakten Expressionismus, oder der New Yorker Schule aus der zweiten H\u00e4lfte des 20. Jahrhunderts. Dieser lose K\u00fcnstlerkreis mit Leuten wie Clyfford Still, Mark Rothko , Lee Krasner, Willem de Kooning oder Jackson Pollock suchte nach neuen Ausdrucksformen ihrer inneren Verfassung. In meist [&hellip;]\" \/>\n<meta property=\"og:url\" content=\"https:\/\/ujofotodesign.ch\/de\/2020-10-grenzen-iii\/\" \/>\n<meta property=\"og:site_name\" content=\"ujofotodesign\" \/>\n<meta property=\"article:published_time\" content=\"2020-10-11T12:42:00+00:00\" \/>\n<meta property=\"article:modified_time\" content=\"2020-09-27T10:19:36+00:00\" \/>\n<meta property=\"og:image\" content=\"https:\/\/ujofotodesign.ch\/wp-content\/uploads\/2020\/09\/m5_mg_4268-1024x819.jpg\" \/>\n<meta name=\"author\" content=\"Ulrich Jousten\" \/>\n<meta name=\"twitter:card\" content=\"summary_large_image\" \/>\n<meta name=\"twitter:label1\" content=\"Verfasst von\" \/>\n\t<meta name=\"twitter:data1\" content=\"Ulrich Jousten\" \/>\n\t<meta name=\"twitter:label2\" content=\"Gesch\u00e4tzte Lesezeit\" \/>\n\t<meta name=\"twitter:data2\" content=\"1 Minute\" \/>\n<script type=\"application\/ld+json\" class=\"yoast-schema-graph\">{\"@context\":\"https:\/\/schema.org\",\"@graph\":[{\"@type\":\"Article\",\"@id\":\"https:\/\/ujofotodesign.ch\/de\/2020-10-grenzen-iii\/#article\",\"isPartOf\":{\"@id\":\"https:\/\/ujofotodesign.ch\/de\/2020-10-grenzen-iii\/\"},\"author\":{\"name\":\"Ulrich Jousten\",\"@id\":\"https:\/\/ujofotodesign.ch\/de\/#\/schema\/person\/bece9dc9b9c82b781fbf996a923e4695\"},\"headline\":\"2020 10 Grenzen III\",\"datePublished\":\"2020-10-11T12:42:00+00:00\",\"dateModified\":\"2020-09-27T10:19:36+00:00\",\"mainEntityOfPage\":{\"@id\":\"https:\/\/ujofotodesign.ch\/de\/2020-10-grenzen-iii\/\"},\"wordCount\":217,\"commentCount\":0,\"publisher\":{\"@id\":\"https:\/\/ujofotodesign.ch\/de\/#\/schema\/person\/bece9dc9b9c82b781fbf996a923e4695\"},\"articleSection\":[\"News\"],\"inLanguage\":\"de-DE\",\"potentialAction\":[{\"@type\":\"CommentAction\",\"name\":\"Comment\",\"target\":[\"https:\/\/ujofotodesign.ch\/de\/2020-10-grenzen-iii\/#respond\"]}]},{\"@type\":\"WebPage\",\"@id\":\"https:\/\/ujofotodesign.ch\/de\/2020-10-grenzen-iii\/\",\"url\":\"https:\/\/ujofotodesign.ch\/de\/2020-10-grenzen-iii\/\",\"name\":\"2020 10 Grenzen III &bull; ujofotodesign\",\"isPartOf\":{\"@id\":\"https:\/\/ujofotodesign.ch\/de\/#website\"},\"datePublished\":\"2020-10-11T12:42:00+00:00\",\"dateModified\":\"2020-09-27T10:19:36+00:00\",\"breadcrumb\":{\"@id\":\"https:\/\/ujofotodesign.ch\/de\/2020-10-grenzen-iii\/#breadcrumb\"},\"inLanguage\":\"de-DE\",\"potentialAction\":[{\"@type\":\"ReadAction\",\"target\":[\"https:\/\/ujofotodesign.ch\/de\/2020-10-grenzen-iii\/\"]}]},{\"@type\":\"BreadcrumbList\",\"@id\":\"https:\/\/ujofotodesign.ch\/de\/2020-10-grenzen-iii\/#breadcrumb\",\"itemListElement\":[{\"@type\":\"ListItem\",\"position\":1,\"name\":\"Home\",\"item\":\"https:\/\/ujofotodesign.ch\/de\/\"},{\"@type\":\"ListItem\",\"position\":2,\"name\":\"2020 10 Grenzen III\"}]},{\"@type\":\"WebSite\",\"@id\":\"https:\/\/ujofotodesign.ch\/de\/#website\",\"url\":\"https:\/\/ujofotodesign.ch\/de\/\",\"name\":\"ujofotodesign\",\"description\":\"\",\"publisher\":{\"@id\":\"https:\/\/ujofotodesign.ch\/de\/#\/schema\/person\/bece9dc9b9c82b781fbf996a923e4695\"},\"potentialAction\":[{\"@type\":\"SearchAction\",\"target\":{\"@type\":\"EntryPoint\",\"urlTemplate\":\"https:\/\/ujofotodesign.ch\/de\/?s={search_term_string}\"},\"query-input\":\"required name=search_term_string\"}],\"inLanguage\":\"de-DE\"},{\"@type\":[\"Person\",\"Organization\"],\"@id\":\"https:\/\/ujofotodesign.ch\/de\/#\/schema\/person\/bece9dc9b9c82b781fbf996a923e4695\",\"name\":\"Ulrich Jousten\",\"image\":{\"@type\":\"ImageObject\",\"inLanguage\":\"de-DE\",\"@id\":\"https:\/\/ujofotodesign.ch\/de\/#\/schema\/person\/image\/\",\"url\":\"https:\/\/ujofotodesign.ch\/wp-content\/uploads\/2019\/10\/ujofotodesign-logo.jpg\",\"contentUrl\":\"https:\/\/ujofotodesign.ch\/wp-content\/uploads\/2019\/10\/ujofotodesign-logo.jpg\",\"width\":512,\"height\":512,\"caption\":\"Ulrich Jousten\"},\"logo\":{\"@id\":\"https:\/\/ujofotodesign.ch\/de\/#\/schema\/person\/image\/\"},\"sameAs\":[\"https:\/\/ujofotodesign.ch\"]}]}<\/script>\n<!-- \/ Yoast SEO plugin. -->","yoast_head_json":{"title":"2020 10 Grenzen III &bull; ujofotodesign","robots":{"index":"index","follow":"follow","max-snippet":"max-snippet:-1","max-image-preview":"max-image-preview:large","max-video-preview":"max-video-preview:-1"},"canonical":"https:\/\/ujofotodesign.ch\/de\/2020-10-grenzen-iii\/","og_locale":"de_DE","og_type":"article","og_title":"2020 10 Grenzen III &bull; ujofotodesign","og_description":"Die Farbverl\u00e4ufe und abstrakten Reflektionen auf der Wasseroberfl\u00e4che erinnern an die Werke des Abstrakten Expressionismus, oder der New Yorker Schule aus der zweiten H\u00e4lfte des 20. Jahrhunderts. Dieser lose K\u00fcnstlerkreis mit Leuten wie Clyfford Still, Mark Rothko , Lee Krasner, Willem de Kooning oder Jackson Pollock suchte nach neuen Ausdrucksformen ihrer inneren Verfassung. In meist [&hellip;]","og_url":"https:\/\/ujofotodesign.ch\/de\/2020-10-grenzen-iii\/","og_site_name":"ujofotodesign","article_published_time":"2020-10-11T12:42:00+00:00","article_modified_time":"2020-09-27T10:19:36+00:00","og_image":[{"url":"https:\/\/ujofotodesign.ch\/wp-content\/uploads\/2020\/09\/m5_mg_4268-1024x819.jpg"}],"author":"Ulrich Jousten","twitter_card":"summary_large_image","twitter_misc":{"Verfasst von":"Ulrich Jousten","Gesch\u00e4tzte Lesezeit":"1 Minute"},"schema":{"@context":"https:\/\/schema.org","@graph":[{"@type":"Article","@id":"https:\/\/ujofotodesign.ch\/de\/2020-10-grenzen-iii\/#article","isPartOf":{"@id":"https:\/\/ujofotodesign.ch\/de\/2020-10-grenzen-iii\/"},"author":{"name":"Ulrich Jousten","@id":"https:\/\/ujofotodesign.ch\/de\/#\/schema\/person\/bece9dc9b9c82b781fbf996a923e4695"},"headline":"2020 10 Grenzen III","datePublished":"2020-10-11T12:42:00+00:00","dateModified":"2020-09-27T10:19:36+00:00","mainEntityOfPage":{"@id":"https:\/\/ujofotodesign.ch\/de\/2020-10-grenzen-iii\/"},"wordCount":217,"commentCount":0,"publisher":{"@id":"https:\/\/ujofotodesign.ch\/de\/#\/schema\/person\/bece9dc9b9c82b781fbf996a923e4695"},"articleSection":["News"],"inLanguage":"de-DE","potentialAction":[{"@type":"CommentAction","name":"Comment","target":["https:\/\/ujofotodesign.ch\/de\/2020-10-grenzen-iii\/#respond"]}]},{"@type":"WebPage","@id":"https:\/\/ujofotodesign.ch\/de\/2020-10-grenzen-iii\/","url":"https:\/\/ujofotodesign.ch\/de\/2020-10-grenzen-iii\/","name":"2020 10 Grenzen III &bull; ujofotodesign","isPartOf":{"@id":"https:\/\/ujofotodesign.ch\/de\/#website"},"datePublished":"2020-10-11T12:42:00+00:00","dateModified":"2020-09-27T10:19:36+00:00","breadcrumb":{"@id":"https:\/\/ujofotodesign.ch\/de\/2020-10-grenzen-iii\/#breadcrumb"},"inLanguage":"de-DE","potentialAction":[{"@type":"ReadAction","target":["https:\/\/ujofotodesign.ch\/de\/2020-10-grenzen-iii\/"]}]},{"@type":"BreadcrumbList","@id":"https:\/\/ujofotodesign.ch\/de\/2020-10-grenzen-iii\/#breadcrumb","itemListElement":[{"@type":"ListItem","position":1,"name":"Home","item":"https:\/\/ujofotodesign.ch\/de\/"},{"@type":"ListItem","position":2,"name":"2020 10 Grenzen III"}]},{"@type":"WebSite","@id":"https:\/\/ujofotodesign.ch\/de\/#website","url":"https:\/\/ujofotodesign.ch\/de\/","name":"ujofotodesign","description":"","publisher":{"@id":"https:\/\/ujofotodesign.ch\/de\/#\/schema\/person\/bece9dc9b9c82b781fbf996a923e4695"},"potentialAction":[{"@type":"SearchAction","target":{"@type":"EntryPoint","urlTemplate":"https:\/\/ujofotodesign.ch\/de\/?s={search_term_string}"},"query-input":"required name=search_term_string"}],"inLanguage":"de-DE"},{"@type":["Person","Organization"],"@id":"https:\/\/ujofotodesign.ch\/de\/#\/schema\/person\/bece9dc9b9c82b781fbf996a923e4695","name":"Ulrich Jousten","image":{"@type":"ImageObject","inLanguage":"de-DE","@id":"https:\/\/ujofotodesign.ch\/de\/#\/schema\/person\/image\/","url":"https:\/\/ujofotodesign.ch\/wp-content\/uploads\/2019\/10\/ujofotodesign-logo.jpg","contentUrl":"https:\/\/ujofotodesign.ch\/wp-content\/uploads\/2019\/10\/ujofotodesign-logo.jpg","width":512,"height":512,"caption":"Ulrich Jousten"},"logo":{"@id":"https:\/\/ujofotodesign.ch\/de\/#\/schema\/person\/image\/"},"sameAs":["https:\/\/ujofotodesign.ch"]}]}},"_links":{"self":[{"href":"https:\/\/ujofotodesign.ch\/de\/wp-json\/wp\/v2\/posts\/30281"}],"collection":[{"href":"https:\/\/ujofotodesign.ch\/de\/wp-json\/wp\/v2\/posts"}],"about":[{"href":"https:\/\/ujofotodesign.ch\/de\/wp-json\/wp\/v2\/types\/post"}],"author":[{"embeddable":true,"href":"https:\/\/ujofotodesign.ch\/de\/wp-json\/wp\/v2\/users\/2"}],"replies":[{"embeddable":true,"href":"https:\/\/ujofotodesign.ch\/de\/wp-json\/wp\/v2\/comments?post=30281"}],"version-history":[{"count":11,"href":"https:\/\/ujofotodesign.ch\/de\/wp-json\/wp\/v2\/posts\/30281\/revisions"}],"predecessor-version":[{"id":30304,"href":"https:\/\/ujofotodesign.ch\/de\/wp-json\/wp\/v2\/posts\/30281\/revisions\/30304"}],"wp:attachment":[{"href":"https:\/\/ujofotodesign.ch\/de\/wp-json\/wp\/v2\/media?parent=30281"}],"wp:term":[{"taxonomy":"category","embeddable":true,"href":"https:\/\/ujofotodesign.ch\/de\/wp-json\/wp\/v2\/categories?post=30281"},{"taxonomy":"post_tag","embeddable":true,"href":"https:\/\/ujofotodesign.ch\/de\/wp-json\/wp\/v2\/tags?post=30281"}],"curies":[{"name":"wp","href":"https:\/\/api.w.org\/{rel}","templated":true}]}}