{"id":30187,"date":"2020-06-15T19:32:49","date_gmt":"2020-06-15T17:32:49","guid":{"rendered":"https:\/\/ujofotodesign.ch\/?p=30187"},"modified":"2020-06-15T19:32:54","modified_gmt":"2020-06-15T17:32:54","slug":"2020-06-grenzen-des-wassers","status":"publish","type":"post","link":"https:\/\/ujofotodesign.ch\/de\/2020-06-grenzen-des-wassers\/","title":{"rendered":"2020 06 Grenzen des Wassers"},"content":{"rendered":"\n<p>Wasser kann scheinbar grenzenlos sein. Ufer und Begrenzung gibt es aber immer, ob am Meer, am See, am Fluss. <br><br>Manchmal sind die Grenzen hart, aus Beton oder Stein begrenzen sie den Verlauf des Wassers in rigiden Leitplanken.  Andere Male sind sie weich und fliessend, aus Sand oder Pflanzen, geben dem Wasser Freiheit. Manchmal sind die Grenzen auch nur optisch, wie bei der Br\u00fcckenstrebe, unter der der Fluss hindurch fliesst.<br><br>Wie immer auch die Grenze verl\u00e4uft, sie begrenzt das Wasser nur nach einer Richtung. Der Fluss fliesst durch das Bild hindurch, aus der Vergangenheit in die Zukunft, alles in der Gegenwart.<br><br>Das Portfolio zeigt diese Uferfacetten, alle im Umkreis von ca. 200 m um die Reussbr\u00fccke in Rottenschwil.<\/p>\n\n\n\n<p><\/p>\n\n\n\n<figure class=\"wp-block-image\"><img decoding=\"async\" loading=\"lazy\" width=\"1024\" height=\"819\" src=\"https:\/\/ujofotodesign.ch\/wp-content\/uploads\/2020\/06\/1_m5_mg_2140-1024x819.jpg\" alt=\"\" class=\"wp-image-30174\" srcset=\"https:\/\/ujofotodesign.ch\/wp-content\/uploads\/2020\/06\/1_m5_mg_2140-1024x819.jpg 1024w, https:\/\/ujofotodesign.ch\/wp-content\/uploads\/2020\/06\/1_m5_mg_2140-300x240.jpg 300w, https:\/\/ujofotodesign.ch\/wp-content\/uploads\/2020\/06\/1_m5_mg_2140-768x614.jpg 768w, https:\/\/ujofotodesign.ch\/wp-content\/uploads\/2020\/06\/1_m5_mg_2140-1536x1229.jpg 1536w, https:\/\/ujofotodesign.ch\/wp-content\/uploads\/2020\/06\/1_m5_mg_2140.jpg 1600w\" sizes=\"(max-width: 1024px) 100vw, 1024px\" \/><\/figure>\n\n\n\n<p><\/p>\n\n\n\n<figure class=\"wp-block-image\"><img decoding=\"async\" loading=\"lazy\" width=\"1024\" height=\"819\" src=\"https:\/\/ujofotodesign.ch\/wp-content\/uploads\/2020\/06\/2_m5_mg_2147_stacked-1024x819.jpg\" alt=\"\" class=\"wp-image-30175\" srcset=\"https:\/\/ujofotodesign.ch\/wp-content\/uploads\/2020\/06\/2_m5_mg_2147_stacked-1024x819.jpg 1024w, https:\/\/ujofotodesign.ch\/wp-content\/uploads\/2020\/06\/2_m5_mg_2147_stacked-300x240.jpg 300w, https:\/\/ujofotodesign.ch\/wp-content\/uploads\/2020\/06\/2_m5_mg_2147_stacked-768x614.jpg 768w, https:\/\/ujofotodesign.ch\/wp-content\/uploads\/2020\/06\/2_m5_mg_2147_stacked-1536x1229.jpg 1536w, https:\/\/ujofotodesign.ch\/wp-content\/uploads\/2020\/06\/2_m5_mg_2147_stacked.jpg 1600w\" sizes=\"(max-width: 1024px) 100vw, 1024px\" \/><\/figure>\n\n\n\n<p><\/p>\n\n\n\n<figure class=\"wp-block-image\"><img decoding=\"async\" loading=\"lazy\" width=\"1024\" height=\"819\" src=\"https:\/\/ujofotodesign.ch\/wp-content\/uploads\/2020\/06\/3_m5_mg_2159-1024x819.jpg\" alt=\"\" class=\"wp-image-30176\" srcset=\"https:\/\/ujofotodesign.ch\/wp-content\/uploads\/2020\/06\/3_m5_mg_2159-1024x819.jpg 1024w, https:\/\/ujofotodesign.ch\/wp-content\/uploads\/2020\/06\/3_m5_mg_2159-300x240.jpg 300w, https:\/\/ujofotodesign.ch\/wp-content\/uploads\/2020\/06\/3_m5_mg_2159-768x614.jpg 768w, https:\/\/ujofotodesign.ch\/wp-content\/uploads\/2020\/06\/3_m5_mg_2159-1536x1229.jpg 1536w, https:\/\/ujofotodesign.ch\/wp-content\/uploads\/2020\/06\/3_m5_mg_2159.jpg 1600w\" sizes=\"(max-width: 1024px) 100vw, 1024px\" \/><\/figure>\n\n\n\n<p><\/p>\n\n\n\n<figure class=\"wp-block-image\"><img decoding=\"async\" loading=\"lazy\" width=\"1024\" height=\"819\" src=\"https:\/\/ujofotodesign.ch\/wp-content\/uploads\/2020\/06\/5_m5_mg_2201-1024x819.jpg\" alt=\"\" class=\"wp-image-30178\" srcset=\"https:\/\/ujofotodesign.ch\/wp-content\/uploads\/2020\/06\/5_m5_mg_2201-1024x819.jpg 1024w, https:\/\/ujofotodesign.ch\/wp-content\/uploads\/2020\/06\/5_m5_mg_2201-300x240.jpg 300w, https:\/\/ujofotodesign.ch\/wp-content\/uploads\/2020\/06\/5_m5_mg_2201-768x614.jpg 768w, https:\/\/ujofotodesign.ch\/wp-content\/uploads\/2020\/06\/5_m5_mg_2201-1536x1229.jpg 1536w, https:\/\/ujofotodesign.ch\/wp-content\/uploads\/2020\/06\/5_m5_mg_2201.jpg 1600w\" sizes=\"(max-width: 1024px) 100vw, 1024px\" \/><\/figure>\n\n\n\n<p><\/p>\n\n\n\n<figure class=\"wp-block-image\"><img decoding=\"async\" loading=\"lazy\" width=\"1024\" height=\"819\" src=\"https:\/\/ujofotodesign.ch\/wp-content\/uploads\/2020\/06\/4_m5_mg_2150-1024x819.jpg\" alt=\"\" class=\"wp-image-30177\" srcset=\"https:\/\/ujofotodesign.ch\/wp-content\/uploads\/2020\/06\/4_m5_mg_2150-1024x819.jpg 1024w, https:\/\/ujofotodesign.ch\/wp-content\/uploads\/2020\/06\/4_m5_mg_2150-300x240.jpg 300w, https:\/\/ujofotodesign.ch\/wp-content\/uploads\/2020\/06\/4_m5_mg_2150-768x614.jpg 768w, https:\/\/ujofotodesign.ch\/wp-content\/uploads\/2020\/06\/4_m5_mg_2150-1536x1229.jpg 1536w, https:\/\/ujofotodesign.ch\/wp-content\/uploads\/2020\/06\/4_m5_mg_2150.jpg 1600w\" sizes=\"(max-width: 1024px) 100vw, 1024px\" \/><\/figure>\n\n\n\n<p><\/p>\n\n\n\n<blockquote class=\"wp-block-quote has-text-align-center\"><p><em>Der Fluss ist \u00fcberall zugleich, am Ursprung und an der M\u00fcndung, am Wasserfall, an der F\u00e4hre, an der Stromschnelle, im Gebirge, \u00fcberall zugleich, und dass es f\u00fcr ihn nur Gegenwart gibt, nicht den Schatten Vergangenheit, nicht den Schatten Zukunft<\/em><\/p><cite>Hermann Hesse, Siddharta<\/cite><\/blockquote>\n\n\n\n<div class=\"wp-block-image\"><figure class=\"aligncenter size-large is-resized\"><img decoding=\"async\" loading=\"lazy\" src=\"https:\/\/ujofotodesign.ch\/wp-content\/uploads\/2019\/10\/ujo-signature-e1571571873324.jpg\" alt=\"\" class=\"wp-image-657\" width=\"130\" height=\"64\"\/><\/figure><\/div>\n","protected":false},"excerpt":{"rendered":"<p>Wasser kann scheinbar grenzenlos sein. Ufer und Begrenzung gibt es aber immer, ob am Meer, am See, am Fluss. Manchmal sind die Grenzen hart, aus Beton oder Stein begrenzen sie den Verlauf des Wassers in rigiden Leitplanken. Andere Male sind sie weich und fliessend, aus Sand oder Pflanzen, geben dem Wasser Freiheit. Manchmal sind die [&hellip;]<\/p>\n","protected":false},"author":2,"featured_media":0,"comment_status":"closed","ping_status":"open","sticky":false,"template":"","format":"standard","meta":[],"categories":[10],"tags":[],"acf":[],"yoast_head":"<!-- This site is optimized with the Yoast SEO plugin v20.12 - https:\/\/yoast.com\/wordpress\/plugins\/seo\/ -->\n<title>2020 06 Grenzen des Wassers &bull; ujofotodesign<\/title>\n<meta name=\"robots\" content=\"index, follow, max-snippet:-1, max-image-preview:large, max-video-preview:-1\" \/>\n<link rel=\"canonical\" href=\"https:\/\/ujofotodesign.ch\/de\/2020-06-grenzen-des-wassers\/\" \/>\n<meta property=\"og:locale\" content=\"de_DE\" \/>\n<meta property=\"og:type\" content=\"article\" \/>\n<meta property=\"og:title\" content=\"2020 06 Grenzen des Wassers &bull; ujofotodesign\" \/>\n<meta property=\"og:description\" content=\"Wasser kann scheinbar grenzenlos sein. Ufer und Begrenzung gibt es aber immer, ob am Meer, am See, am Fluss. Manchmal sind die Grenzen hart, aus Beton oder Stein begrenzen sie den Verlauf des Wassers in rigiden Leitplanken. Andere Male sind sie weich und fliessend, aus Sand oder Pflanzen, geben dem Wasser Freiheit. Manchmal sind die [&hellip;]\" \/>\n<meta property=\"og:url\" content=\"https:\/\/ujofotodesign.ch\/de\/2020-06-grenzen-des-wassers\/\" \/>\n<meta property=\"og:site_name\" content=\"ujofotodesign\" \/>\n<meta property=\"article:published_time\" content=\"2020-06-15T17:32:49+00:00\" \/>\n<meta property=\"article:modified_time\" content=\"2020-06-15T17:32:54+00:00\" \/>\n<meta property=\"og:image\" content=\"https:\/\/ujofotodesign.ch\/wp-content\/uploads\/2020\/06\/1_m5_mg_2140-1024x819.jpg\" \/>\n<meta name=\"author\" content=\"Ulrich Jousten\" \/>\n<meta name=\"twitter:card\" content=\"summary_large_image\" \/>\n<meta name=\"twitter:label1\" content=\"Verfasst von\" \/>\n\t<meta name=\"twitter:data1\" content=\"Ulrich Jousten\" \/>\n\t<meta name=\"twitter:label2\" content=\"Gesch\u00e4tzte Lesezeit\" \/>\n\t<meta name=\"twitter:data2\" content=\"1 Minute\" \/>\n<script type=\"application\/ld+json\" class=\"yoast-schema-graph\">{\"@context\":\"https:\/\/schema.org\",\"@graph\":[{\"@type\":\"Article\",\"@id\":\"https:\/\/ujofotodesign.ch\/de\/2020-06-grenzen-des-wassers\/#article\",\"isPartOf\":{\"@id\":\"https:\/\/ujofotodesign.ch\/de\/2020-06-grenzen-des-wassers\/\"},\"author\":{\"name\":\"Ulrich Jousten\",\"@id\":\"https:\/\/ujofotodesign.ch\/de\/#\/schema\/person\/bece9dc9b9c82b781fbf996a923e4695\"},\"headline\":\"2020 06 Grenzen des Wassers\",\"datePublished\":\"2020-06-15T17:32:49+00:00\",\"dateModified\":\"2020-06-15T17:32:54+00:00\",\"mainEntityOfPage\":{\"@id\":\"https:\/\/ujofotodesign.ch\/de\/2020-06-grenzen-des-wassers\/\"},\"wordCount\":167,\"publisher\":{\"@id\":\"https:\/\/ujofotodesign.ch\/de\/#\/schema\/person\/bece9dc9b9c82b781fbf996a923e4695\"},\"articleSection\":[\"News\"],\"inLanguage\":\"de-DE\"},{\"@type\":\"WebPage\",\"@id\":\"https:\/\/ujofotodesign.ch\/de\/2020-06-grenzen-des-wassers\/\",\"url\":\"https:\/\/ujofotodesign.ch\/de\/2020-06-grenzen-des-wassers\/\",\"name\":\"2020 06 Grenzen des Wassers &bull; ujofotodesign\",\"isPartOf\":{\"@id\":\"https:\/\/ujofotodesign.ch\/de\/#website\"},\"datePublished\":\"2020-06-15T17:32:49+00:00\",\"dateModified\":\"2020-06-15T17:32:54+00:00\",\"breadcrumb\":{\"@id\":\"https:\/\/ujofotodesign.ch\/de\/2020-06-grenzen-des-wassers\/#breadcrumb\"},\"inLanguage\":\"de-DE\",\"potentialAction\":[{\"@type\":\"ReadAction\",\"target\":[\"https:\/\/ujofotodesign.ch\/de\/2020-06-grenzen-des-wassers\/\"]}]},{\"@type\":\"BreadcrumbList\",\"@id\":\"https:\/\/ujofotodesign.ch\/de\/2020-06-grenzen-des-wassers\/#breadcrumb\",\"itemListElement\":[{\"@type\":\"ListItem\",\"position\":1,\"name\":\"Home\",\"item\":\"https:\/\/ujofotodesign.ch\/de\/\"},{\"@type\":\"ListItem\",\"position\":2,\"name\":\"2020 06 Grenzen des Wassers\"}]},{\"@type\":\"WebSite\",\"@id\":\"https:\/\/ujofotodesign.ch\/de\/#website\",\"url\":\"https:\/\/ujofotodesign.ch\/de\/\",\"name\":\"ujofotodesign\",\"description\":\"\",\"publisher\":{\"@id\":\"https:\/\/ujofotodesign.ch\/de\/#\/schema\/person\/bece9dc9b9c82b781fbf996a923e4695\"},\"potentialAction\":[{\"@type\":\"SearchAction\",\"target\":{\"@type\":\"EntryPoint\",\"urlTemplate\":\"https:\/\/ujofotodesign.ch\/de\/?s={search_term_string}\"},\"query-input\":\"required name=search_term_string\"}],\"inLanguage\":\"de-DE\"},{\"@type\":[\"Person\",\"Organization\"],\"@id\":\"https:\/\/ujofotodesign.ch\/de\/#\/schema\/person\/bece9dc9b9c82b781fbf996a923e4695\",\"name\":\"Ulrich Jousten\",\"image\":{\"@type\":\"ImageObject\",\"inLanguage\":\"de-DE\",\"@id\":\"https:\/\/ujofotodesign.ch\/de\/#\/schema\/person\/image\/\",\"url\":\"https:\/\/ujofotodesign.ch\/wp-content\/uploads\/2019\/10\/ujofotodesign-logo.jpg\",\"contentUrl\":\"https:\/\/ujofotodesign.ch\/wp-content\/uploads\/2019\/10\/ujofotodesign-logo.jpg\",\"width\":512,\"height\":512,\"caption\":\"Ulrich Jousten\"},\"logo\":{\"@id\":\"https:\/\/ujofotodesign.ch\/de\/#\/schema\/person\/image\/\"},\"sameAs\":[\"https:\/\/ujofotodesign.ch\"]}]}<\/script>\n<!-- \/ Yoast SEO plugin. -->","yoast_head_json":{"title":"2020 06 Grenzen des Wassers &bull; ujofotodesign","robots":{"index":"index","follow":"follow","max-snippet":"max-snippet:-1","max-image-preview":"max-image-preview:large","max-video-preview":"max-video-preview:-1"},"canonical":"https:\/\/ujofotodesign.ch\/de\/2020-06-grenzen-des-wassers\/","og_locale":"de_DE","og_type":"article","og_title":"2020 06 Grenzen des Wassers &bull; ujofotodesign","og_description":"Wasser kann scheinbar grenzenlos sein. Ufer und Begrenzung gibt es aber immer, ob am Meer, am See, am Fluss. Manchmal sind die Grenzen hart, aus Beton oder Stein begrenzen sie den Verlauf des Wassers in rigiden Leitplanken. Andere Male sind sie weich und fliessend, aus Sand oder Pflanzen, geben dem Wasser Freiheit. Manchmal sind die [&hellip;]","og_url":"https:\/\/ujofotodesign.ch\/de\/2020-06-grenzen-des-wassers\/","og_site_name":"ujofotodesign","article_published_time":"2020-06-15T17:32:49+00:00","article_modified_time":"2020-06-15T17:32:54+00:00","og_image":[{"url":"https:\/\/ujofotodesign.ch\/wp-content\/uploads\/2020\/06\/1_m5_mg_2140-1024x819.jpg"}],"author":"Ulrich Jousten","twitter_card":"summary_large_image","twitter_misc":{"Verfasst von":"Ulrich Jousten","Gesch\u00e4tzte Lesezeit":"1 Minute"},"schema":{"@context":"https:\/\/schema.org","@graph":[{"@type":"Article","@id":"https:\/\/ujofotodesign.ch\/de\/2020-06-grenzen-des-wassers\/#article","isPartOf":{"@id":"https:\/\/ujofotodesign.ch\/de\/2020-06-grenzen-des-wassers\/"},"author":{"name":"Ulrich Jousten","@id":"https:\/\/ujofotodesign.ch\/de\/#\/schema\/person\/bece9dc9b9c82b781fbf996a923e4695"},"headline":"2020 06 Grenzen des Wassers","datePublished":"2020-06-15T17:32:49+00:00","dateModified":"2020-06-15T17:32:54+00:00","mainEntityOfPage":{"@id":"https:\/\/ujofotodesign.ch\/de\/2020-06-grenzen-des-wassers\/"},"wordCount":167,"publisher":{"@id":"https:\/\/ujofotodesign.ch\/de\/#\/schema\/person\/bece9dc9b9c82b781fbf996a923e4695"},"articleSection":["News"],"inLanguage":"de-DE"},{"@type":"WebPage","@id":"https:\/\/ujofotodesign.ch\/de\/2020-06-grenzen-des-wassers\/","url":"https:\/\/ujofotodesign.ch\/de\/2020-06-grenzen-des-wassers\/","name":"2020 06 Grenzen des Wassers &bull; ujofotodesign","isPartOf":{"@id":"https:\/\/ujofotodesign.ch\/de\/#website"},"datePublished":"2020-06-15T17:32:49+00:00","dateModified":"2020-06-15T17:32:54+00:00","breadcrumb":{"@id":"https:\/\/ujofotodesign.ch\/de\/2020-06-grenzen-des-wassers\/#breadcrumb"},"inLanguage":"de-DE","potentialAction":[{"@type":"ReadAction","target":["https:\/\/ujofotodesign.ch\/de\/2020-06-grenzen-des-wassers\/"]}]},{"@type":"BreadcrumbList","@id":"https:\/\/ujofotodesign.ch\/de\/2020-06-grenzen-des-wassers\/#breadcrumb","itemListElement":[{"@type":"ListItem","position":1,"name":"Home","item":"https:\/\/ujofotodesign.ch\/de\/"},{"@type":"ListItem","position":2,"name":"2020 06 Grenzen des Wassers"}]},{"@type":"WebSite","@id":"https:\/\/ujofotodesign.ch\/de\/#website","url":"https:\/\/ujofotodesign.ch\/de\/","name":"ujofotodesign","description":"","publisher":{"@id":"https:\/\/ujofotodesign.ch\/de\/#\/schema\/person\/bece9dc9b9c82b781fbf996a923e4695"},"potentialAction":[{"@type":"SearchAction","target":{"@type":"EntryPoint","urlTemplate":"https:\/\/ujofotodesign.ch\/de\/?s={search_term_string}"},"query-input":"required name=search_term_string"}],"inLanguage":"de-DE"},{"@type":["Person","Organization"],"@id":"https:\/\/ujofotodesign.ch\/de\/#\/schema\/person\/bece9dc9b9c82b781fbf996a923e4695","name":"Ulrich Jousten","image":{"@type":"ImageObject","inLanguage":"de-DE","@id":"https:\/\/ujofotodesign.ch\/de\/#\/schema\/person\/image\/","url":"https:\/\/ujofotodesign.ch\/wp-content\/uploads\/2019\/10\/ujofotodesign-logo.jpg","contentUrl":"https:\/\/ujofotodesign.ch\/wp-content\/uploads\/2019\/10\/ujofotodesign-logo.jpg","width":512,"height":512,"caption":"Ulrich Jousten"},"logo":{"@id":"https:\/\/ujofotodesign.ch\/de\/#\/schema\/person\/image\/"},"sameAs":["https:\/\/ujofotodesign.ch"]}]}},"_links":{"self":[{"href":"https:\/\/ujofotodesign.ch\/de\/wp-json\/wp\/v2\/posts\/30187"}],"collection":[{"href":"https:\/\/ujofotodesign.ch\/de\/wp-json\/wp\/v2\/posts"}],"about":[{"href":"https:\/\/ujofotodesign.ch\/de\/wp-json\/wp\/v2\/types\/post"}],"author":[{"embeddable":true,"href":"https:\/\/ujofotodesign.ch\/de\/wp-json\/wp\/v2\/users\/2"}],"replies":[{"embeddable":true,"href":"https:\/\/ujofotodesign.ch\/de\/wp-json\/wp\/v2\/comments?post=30187"}],"version-history":[{"count":2,"href":"https:\/\/ujofotodesign.ch\/de\/wp-json\/wp\/v2\/posts\/30187\/revisions"}],"predecessor-version":[{"id":30190,"href":"https:\/\/ujofotodesign.ch\/de\/wp-json\/wp\/v2\/posts\/30187\/revisions\/30190"}],"wp:attachment":[{"href":"https:\/\/ujofotodesign.ch\/de\/wp-json\/wp\/v2\/media?parent=30187"}],"wp:term":[{"taxonomy":"category","embeddable":true,"href":"https:\/\/ujofotodesign.ch\/de\/wp-json\/wp\/v2\/categories?post=30187"},{"taxonomy":"post_tag","embeddable":true,"href":"https:\/\/ujofotodesign.ch\/de\/wp-json\/wp\/v2\/tags?post=30187"}],"curies":[{"name":"wp","href":"https:\/\/api.w.org\/{rel}","templated":true}]}}