{"id":30130,"date":"2020-05-24T15:59:43","date_gmt":"2020-05-24T13:59:43","guid":{"rendered":"https:\/\/ujofotodesign.ch\/?p=30130"},"modified":"2020-05-24T15:59:43","modified_gmt":"2020-05-24T13:59:43","slug":"2020-05-teufelsschlucht","status":"publish","type":"post","link":"https:\/\/ujofotodesign.ch\/de\/2020-05-teufelsschlucht\/","title":{"rendered":"2020 05 Teufelsschlucht"},"content":{"rendered":"\n<p>Viele Mythen und Sagen werden \u00fcber die verschiedenen Landschaften in jedem Teil der Welt erz\u00e4hlt. \u00abTeufelsschlucht\u00bb ist daher h\u00f6chstwahrscheinlich kein eindeutiger Name f\u00fcr eine Schlucht tief im Wald, in der Feuchtigkeit herrscht und ein kleiner Fluss \u00fcber kleine Klippen und Kaskaden flie\u00dft, der bei Sturzfluten verheerende Sch\u00e4den verursachen kann. Weniger bekannt als ihre ber\u00fchmte Namenskusine in den Alpen auf dem Weg zum Gotthard, befindet sich unsere im Jura,im Kanton Solothurn in der N\u00e4he von Olten, der &#8222;Kreuzung der Schweiz&#8220;, wo Autobahnen und Bahnlinien das Land durchqueren von Nord nach S\u00fcd und von Ost nach West. Die Geschichte geht in einer kurzen Form wie folgt: <\/p>\n\n\n\n<p>&#8222;Einmal wollte der Teufel eine arme Seele aus dem Dorf unten zum Eingang der H\u00f6lle bringen, irgendwo bergauf im Jura. Irgendwie verpasste er den Weg und verlor sich in dieser Schlucht. Es war ein hei\u00dfer Sommertag und der Teufel fand die K\u00fchle des Ortes nach dem starken Aufstieg mit der Seele sehr erholsam. So er sprang ins k\u00fchle Wasser und entspannte sich ein wenig. Er brachte die Seele in die H\u00f6lle und erz\u00e4hlte schlie\u00dflich seinen Teufelskollegen von diesem sch\u00f6nen Ort. So ging die ganze Menge hinunter, hatte eine tolle Party, warf gro\u00dfe Steine und moosige St\u00e4mme von B\u00e4umen ins Wasser. Die Leute im Tal sahen den Dampf und h\u00f6rten das L\u00e4rmen, tote Forellen wurden im schwefeldampfenden Wasser herab durchs Dorf gesp\u00fclt. Die Dorfbewohner gingen daher zum Kapuziner-Kloster in Olten und ein Priester kam zur Hilfe. Als er nach 12 Stunden aus der Schlucht zur\u00fcckkam, war sein einst dunkles Haar schneewei\u00df vor Entsetzen und eine Narbe wie von einer feurigen Klaue markierte seine Schl\u00e4fe. Seit diesem Tag waren jedoch keine Teufel mehr zu sehen, aber die Schlucht erhielt ihren Namen&#8220;.<\/p>\n\n\n\n<p>(Die ganze Geschichte in Mundart findet sich unter folgendem  <a href=\"https:\/\/www.xn--tfelsschlucht-wob.ch\/die-schlucht\/die-sage\/\">LINK<\/a>) <\/p>\n\n\n\n<p>Die Spitzlichter des Sp\u00e4ten Morgens Mitte Mai spiegeln sich in den B\u00e4chen. Die dunklen Schatten im Kontrast zu den Lichtflecken der Sonnenstrahlen stellen eine fotografische Herausforderung dar, bieten aber auch eine besondere Atmosph\u00e4re, in der bestimmte Pflanzen, Felsen und Pf\u00fctzen durch die sich st\u00e4ndig \u00e4ndernden Lichtverh\u00e4ltnisse gut voneinander getrennt sind.<\/p>\n\n\n\n<div class=\"wp-block-image\"><figure class=\"aligncenter\"><img decoding=\"async\" loading=\"lazy\" width=\"1024\" height=\"819\" src=\"https:\/\/ujofotodesign.ch\/wp-content\/uploads\/2020\/05\/m5_mg_1861-panorama-1024x819.jpg\" alt=\"\" class=\"wp-image-30131\" srcset=\"https:\/\/ujofotodesign.ch\/wp-content\/uploads\/2020\/05\/m5_mg_1861-panorama-1024x819.jpg 1024w, https:\/\/ujofotodesign.ch\/wp-content\/uploads\/2020\/05\/m5_mg_1861-panorama-300x240.jpg 300w, https:\/\/ujofotodesign.ch\/wp-content\/uploads\/2020\/05\/m5_mg_1861-panorama-768x614.jpg 768w, https:\/\/ujofotodesign.ch\/wp-content\/uploads\/2020\/05\/m5_mg_1861-panorama-1536x1229.jpg 1536w, https:\/\/ujofotodesign.ch\/wp-content\/uploads\/2020\/05\/m5_mg_1861-panorama-scaled.jpg 2048w\" sizes=\"(max-width: 1024px) 100vw, 1024px\" \/><\/figure><\/div>\n\n\n\n<p><\/p>\n\n\n\n<div class=\"wp-block-image\"><figure class=\"aligncenter\"><img decoding=\"async\" loading=\"lazy\" width=\"819\" height=\"1024\" src=\"https:\/\/ujofotodesign.ch\/wp-content\/uploads\/2020\/05\/m5_mg_1946-819x1024.jpg\" alt=\"\" class=\"wp-image-30132\" srcset=\"https:\/\/ujofotodesign.ch\/wp-content\/uploads\/2020\/05\/m5_mg_1946-819x1024.jpg 819w, https:\/\/ujofotodesign.ch\/wp-content\/uploads\/2020\/05\/m5_mg_1946-240x300.jpg 240w, https:\/\/ujofotodesign.ch\/wp-content\/uploads\/2020\/05\/m5_mg_1946-768x960.jpg 768w, https:\/\/ujofotodesign.ch\/wp-content\/uploads\/2020\/05\/m5_mg_1946-1229x1536.jpg 1229w, https:\/\/ujofotodesign.ch\/wp-content\/uploads\/2020\/05\/m5_mg_1946-scaled.jpg 1638w\" sizes=\"(max-width: 819px) 100vw, 819px\" \/><\/figure><\/div>\n\n\n\n<p><\/p>\n\n\n\n<div class=\"wp-block-image\"><figure class=\"aligncenter\"><img decoding=\"async\" loading=\"lazy\" width=\"819\" height=\"1024\" src=\"https:\/\/ujofotodesign.ch\/wp-content\/uploads\/2020\/05\/m5_mg_1953-819x1024.jpg\" alt=\"\" class=\"wp-image-30133\" srcset=\"https:\/\/ujofotodesign.ch\/wp-content\/uploads\/2020\/05\/m5_mg_1953-819x1024.jpg 819w, https:\/\/ujofotodesign.ch\/wp-content\/uploads\/2020\/05\/m5_mg_1953-240x300.jpg 240w, https:\/\/ujofotodesign.ch\/wp-content\/uploads\/2020\/05\/m5_mg_1953-768x960.jpg 768w, https:\/\/ujofotodesign.ch\/wp-content\/uploads\/2020\/05\/m5_mg_1953-1229x1536.jpg 1229w, https:\/\/ujofotodesign.ch\/wp-content\/uploads\/2020\/05\/m5_mg_1953-scaled.jpg 1638w\" sizes=\"(max-width: 819px) 100vw, 819px\" \/><\/figure><\/div>\n\n\n\n<p><\/p>\n\n\n\n<div class=\"wp-block-image\"><figure class=\"aligncenter\"><img decoding=\"async\" loading=\"lazy\" width=\"768\" height=\"1024\" src=\"https:\/\/ujofotodesign.ch\/wp-content\/uploads\/2020\/05\/m5_mg_1955-768x1024.jpg\" alt=\"\" class=\"wp-image-30134\" srcset=\"https:\/\/ujofotodesign.ch\/wp-content\/uploads\/2020\/05\/m5_mg_1955-768x1024.jpg 768w, https:\/\/ujofotodesign.ch\/wp-content\/uploads\/2020\/05\/m5_mg_1955-225x300.jpg 225w, https:\/\/ujofotodesign.ch\/wp-content\/uploads\/2020\/05\/m5_mg_1955-1152x1536.jpg 1152w, https:\/\/ujofotodesign.ch\/wp-content\/uploads\/2020\/05\/m5_mg_1955-scaled.jpg 1536w\" sizes=\"(max-width: 768px) 100vw, 768px\" \/><\/figure><\/div>\n\n\n\n<p><\/p>\n\n\n\n<div class=\"wp-block-image\"><figure class=\"aligncenter\"><img decoding=\"async\" loading=\"lazy\" width=\"819\" height=\"1024\" src=\"https:\/\/ujofotodesign.ch\/wp-content\/uploads\/2020\/05\/m5_mg_1996-1-819x1024.jpg\" alt=\"\" class=\"wp-image-30135\" srcset=\"https:\/\/ujofotodesign.ch\/wp-content\/uploads\/2020\/05\/m5_mg_1996-1-819x1024.jpg 819w, https:\/\/ujofotodesign.ch\/wp-content\/uploads\/2020\/05\/m5_mg_1996-1-240x300.jpg 240w, https:\/\/ujofotodesign.ch\/wp-content\/uploads\/2020\/05\/m5_mg_1996-1-768x960.jpg 768w, https:\/\/ujofotodesign.ch\/wp-content\/uploads\/2020\/05\/m5_mg_1996-1-1229x1536.jpg 1229w, https:\/\/ujofotodesign.ch\/wp-content\/uploads\/2020\/05\/m5_mg_1996-1-scaled.jpg 1638w\" sizes=\"(max-width: 819px) 100vw, 819px\" \/><\/figure><\/div>\n\n\n\n<p><\/p>\n\n\n\n<div class=\"wp-block-image\"><figure class=\"aligncenter\"><img decoding=\"async\" loading=\"lazy\" width=\"819\" height=\"1024\" src=\"https:\/\/ujofotodesign.ch\/wp-content\/uploads\/2020\/05\/m5_mg_2005-1-819x1024.jpg\" alt=\"\" class=\"wp-image-30136\" srcset=\"https:\/\/ujofotodesign.ch\/wp-content\/uploads\/2020\/05\/m5_mg_2005-1-819x1024.jpg 819w, https:\/\/ujofotodesign.ch\/wp-content\/uploads\/2020\/05\/m5_mg_2005-1-240x300.jpg 240w, https:\/\/ujofotodesign.ch\/wp-content\/uploads\/2020\/05\/m5_mg_2005-1-768x960.jpg 768w, https:\/\/ujofotodesign.ch\/wp-content\/uploads\/2020\/05\/m5_mg_2005-1-1229x1536.jpg 1229w, https:\/\/ujofotodesign.ch\/wp-content\/uploads\/2020\/05\/m5_mg_2005-1-scaled.jpg 1638w\" sizes=\"(max-width: 819px) 100vw, 819px\" \/><\/figure><\/div>\n\n\n\n<p><\/p>\n\n\n\n<div class=\"wp-block-image\"><figure class=\"aligncenter\"><img decoding=\"async\" loading=\"lazy\" width=\"1024\" height=\"768\" src=\"https:\/\/ujofotodesign.ch\/wp-content\/uploads\/2020\/05\/m5_mg_2127-1024x768.jpg\" alt=\"\" class=\"wp-image-30137\" srcset=\"https:\/\/ujofotodesign.ch\/wp-content\/uploads\/2020\/05\/m5_mg_2127-1024x768.jpg 1024w, https:\/\/ujofotodesign.ch\/wp-content\/uploads\/2020\/05\/m5_mg_2127-300x225.jpg 300w, https:\/\/ujofotodesign.ch\/wp-content\/uploads\/2020\/05\/m5_mg_2127-768x576.jpg 768w, https:\/\/ujofotodesign.ch\/wp-content\/uploads\/2020\/05\/m5_mg_2127-1536x1152.jpg 1536w, https:\/\/ujofotodesign.ch\/wp-content\/uploads\/2020\/05\/m5_mg_2127-scaled.jpg 2048w\" sizes=\"(max-width: 1024px) 100vw, 1024px\" \/><\/figure><\/div>\n\n\n\n<p><\/p>\n\n\n\n<div class=\"wp-block-image\"><figure class=\"aligncenter\"><img decoding=\"async\" loading=\"lazy\" width=\"1024\" height=\"768\" src=\"https:\/\/ujofotodesign.ch\/wp-content\/uploads\/2020\/05\/m5_mg_2129-1024x768.jpg\" alt=\"\" class=\"wp-image-30138\" srcset=\"https:\/\/ujofotodesign.ch\/wp-content\/uploads\/2020\/05\/m5_mg_2129-1024x768.jpg 1024w, https:\/\/ujofotodesign.ch\/wp-content\/uploads\/2020\/05\/m5_mg_2129-300x225.jpg 300w, https:\/\/ujofotodesign.ch\/wp-content\/uploads\/2020\/05\/m5_mg_2129-768x576.jpg 768w, https:\/\/ujofotodesign.ch\/wp-content\/uploads\/2020\/05\/m5_mg_2129-1536x1152.jpg 1536w, https:\/\/ujofotodesign.ch\/wp-content\/uploads\/2020\/05\/m5_mg_2129-scaled.jpg 2048w\" sizes=\"(max-width: 1024px) 100vw, 1024px\" \/><\/figure><\/div>\n\n\n\n<p><\/p>\n\n\n\n<div class=\"wp-block-image\"><figure class=\"aligncenter\"><img decoding=\"async\" loading=\"lazy\" width=\"1024\" height=\"819\" src=\"https:\/\/ujofotodesign.ch\/wp-content\/uploads\/2020\/05\/m5_mg_2133-1024x819.jpg\" alt=\"\" class=\"wp-image-30139\" srcset=\"https:\/\/ujofotodesign.ch\/wp-content\/uploads\/2020\/05\/m5_mg_2133-1024x819.jpg 1024w, https:\/\/ujofotodesign.ch\/wp-content\/uploads\/2020\/05\/m5_mg_2133-300x240.jpg 300w, https:\/\/ujofotodesign.ch\/wp-content\/uploads\/2020\/05\/m5_mg_2133-768x614.jpg 768w, https:\/\/ujofotodesign.ch\/wp-content\/uploads\/2020\/05\/m5_mg_2133-1536x1229.jpg 1536w, https:\/\/ujofotodesign.ch\/wp-content\/uploads\/2020\/05\/m5_mg_2133-scaled.jpg 2048w\" sizes=\"(max-width: 1024px) 100vw, 1024px\" \/><\/figure><\/div>\n\n\n\n<blockquote class=\"wp-block-quote has-text-align-center\"><p>Gehe nicht dahin, wohin der Weg dich f\u00fchrt, gehe stattdessen dahin, wo kein Weg ist und hinterlasse einen Pfad<\/p><cite>Ralph Waldo Emerson, Amerikanischer Schriftsteller<\/cite><\/blockquote>\n\n\n\n<div class=\"wp-block-image\"><figure class=\"aligncenter size-large is-resized\"><img decoding=\"async\" loading=\"lazy\" src=\"https:\/\/ujofotodesign.ch\/wp-content\/uploads\/2019\/10\/ujo-signature-e1571571873324.jpg\" alt=\"\" class=\"wp-image-657\" width=\"130\" height=\"64\"\/><\/figure><\/div>\n","protected":false},"excerpt":{"rendered":"<p>Viele Mythen und Sagen werden \u00fcber die verschiedenen Landschaften in jedem Teil der Welt erz\u00e4hlt. \u00abTeufelsschlucht\u00bb ist daher h\u00f6chstwahrscheinlich kein eindeutiger Name f\u00fcr eine Schlucht tief im Wald, in der Feuchtigkeit herrscht und ein kleiner Fluss \u00fcber kleine Klippen und Kaskaden flie\u00dft, der bei Sturzfluten verheerende Sch\u00e4den verursachen kann. Weniger bekannt als ihre ber\u00fchmte Namenskusine [&hellip;]<\/p>\n","protected":false},"author":2,"featured_media":0,"comment_status":"open","ping_status":"open","sticky":false,"template":"","format":"standard","meta":[],"categories":[10],"tags":[],"acf":[],"yoast_head":"<!-- This site is optimized with the Yoast SEO plugin v20.12 - https:\/\/yoast.com\/wordpress\/plugins\/seo\/ -->\n<title>2020 05 Teufelsschlucht &bull; ujofotodesign<\/title>\n<meta name=\"robots\" content=\"index, follow, max-snippet:-1, max-image-preview:large, max-video-preview:-1\" \/>\n<link rel=\"canonical\" href=\"https:\/\/ujofotodesign.ch\/de\/2020-05-teufelsschlucht\/\" \/>\n<meta property=\"og:locale\" content=\"de_DE\" \/>\n<meta property=\"og:type\" content=\"article\" \/>\n<meta property=\"og:title\" content=\"2020 05 Teufelsschlucht &bull; ujofotodesign\" \/>\n<meta property=\"og:description\" content=\"Viele Mythen und Sagen werden \u00fcber die verschiedenen Landschaften in jedem Teil der Welt erz\u00e4hlt. \u00abTeufelsschlucht\u00bb ist daher h\u00f6chstwahrscheinlich kein eindeutiger Name f\u00fcr eine Schlucht tief im Wald, in der Feuchtigkeit herrscht und ein kleiner Fluss \u00fcber kleine Klippen und Kaskaden flie\u00dft, der bei Sturzfluten verheerende Sch\u00e4den verursachen kann. Weniger bekannt als ihre ber\u00fchmte Namenskusine [&hellip;]\" \/>\n<meta property=\"og:url\" content=\"https:\/\/ujofotodesign.ch\/de\/2020-05-teufelsschlucht\/\" \/>\n<meta property=\"og:site_name\" content=\"ujofotodesign\" \/>\n<meta property=\"article:published_time\" content=\"2020-05-24T13:59:43+00:00\" \/>\n<meta property=\"og:image\" content=\"https:\/\/ujofotodesign.ch\/wp-content\/uploads\/2020\/05\/m5_mg_1861-panorama-1024x819.jpg\" \/>\n<meta name=\"author\" content=\"Ulrich Jousten\" \/>\n<meta name=\"twitter:card\" content=\"summary_large_image\" \/>\n<meta name=\"twitter:label1\" content=\"Verfasst von\" \/>\n\t<meta name=\"twitter:data1\" content=\"Ulrich Jousten\" \/>\n\t<meta name=\"twitter:label2\" content=\"Gesch\u00e4tzte Lesezeit\" \/>\n\t<meta name=\"twitter:data2\" content=\"2 Minuten\" \/>\n<script type=\"application\/ld+json\" class=\"yoast-schema-graph\">{\"@context\":\"https:\/\/schema.org\",\"@graph\":[{\"@type\":\"Article\",\"@id\":\"https:\/\/ujofotodesign.ch\/de\/2020-05-teufelsschlucht\/#article\",\"isPartOf\":{\"@id\":\"https:\/\/ujofotodesign.ch\/de\/2020-05-teufelsschlucht\/\"},\"author\":{\"name\":\"Ulrich Jousten\",\"@id\":\"https:\/\/ujofotodesign.ch\/de\/#\/schema\/person\/bece9dc9b9c82b781fbf996a923e4695\"},\"headline\":\"2020 05 Teufelsschlucht\",\"datePublished\":\"2020-05-24T13:59:43+00:00\",\"dateModified\":\"2020-05-24T13:59:43+00:00\",\"mainEntityOfPage\":{\"@id\":\"https:\/\/ujofotodesign.ch\/de\/2020-05-teufelsschlucht\/\"},\"wordCount\":399,\"commentCount\":0,\"publisher\":{\"@id\":\"https:\/\/ujofotodesign.ch\/de\/#\/schema\/person\/bece9dc9b9c82b781fbf996a923e4695\"},\"articleSection\":[\"News\"],\"inLanguage\":\"de-DE\",\"potentialAction\":[{\"@type\":\"CommentAction\",\"name\":\"Comment\",\"target\":[\"https:\/\/ujofotodesign.ch\/de\/2020-05-teufelsschlucht\/#respond\"]}]},{\"@type\":\"WebPage\",\"@id\":\"https:\/\/ujofotodesign.ch\/de\/2020-05-teufelsschlucht\/\",\"url\":\"https:\/\/ujofotodesign.ch\/de\/2020-05-teufelsschlucht\/\",\"name\":\"2020 05 Teufelsschlucht &bull; ujofotodesign\",\"isPartOf\":{\"@id\":\"https:\/\/ujofotodesign.ch\/de\/#website\"},\"datePublished\":\"2020-05-24T13:59:43+00:00\",\"dateModified\":\"2020-05-24T13:59:43+00:00\",\"breadcrumb\":{\"@id\":\"https:\/\/ujofotodesign.ch\/de\/2020-05-teufelsschlucht\/#breadcrumb\"},\"inLanguage\":\"de-DE\",\"potentialAction\":[{\"@type\":\"ReadAction\",\"target\":[\"https:\/\/ujofotodesign.ch\/de\/2020-05-teufelsschlucht\/\"]}]},{\"@type\":\"BreadcrumbList\",\"@id\":\"https:\/\/ujofotodesign.ch\/de\/2020-05-teufelsschlucht\/#breadcrumb\",\"itemListElement\":[{\"@type\":\"ListItem\",\"position\":1,\"name\":\"Home\",\"item\":\"https:\/\/ujofotodesign.ch\/de\/\"},{\"@type\":\"ListItem\",\"position\":2,\"name\":\"2020 05 Teufelsschlucht\"}]},{\"@type\":\"WebSite\",\"@id\":\"https:\/\/ujofotodesign.ch\/de\/#website\",\"url\":\"https:\/\/ujofotodesign.ch\/de\/\",\"name\":\"ujofotodesign\",\"description\":\"\",\"publisher\":{\"@id\":\"https:\/\/ujofotodesign.ch\/de\/#\/schema\/person\/bece9dc9b9c82b781fbf996a923e4695\"},\"potentialAction\":[{\"@type\":\"SearchAction\",\"target\":{\"@type\":\"EntryPoint\",\"urlTemplate\":\"https:\/\/ujofotodesign.ch\/de\/?s={search_term_string}\"},\"query-input\":\"required name=search_term_string\"}],\"inLanguage\":\"de-DE\"},{\"@type\":[\"Person\",\"Organization\"],\"@id\":\"https:\/\/ujofotodesign.ch\/de\/#\/schema\/person\/bece9dc9b9c82b781fbf996a923e4695\",\"name\":\"Ulrich Jousten\",\"image\":{\"@type\":\"ImageObject\",\"inLanguage\":\"de-DE\",\"@id\":\"https:\/\/ujofotodesign.ch\/de\/#\/schema\/person\/image\/\",\"url\":\"https:\/\/ujofotodesign.ch\/wp-content\/uploads\/2019\/10\/ujofotodesign-logo.jpg\",\"contentUrl\":\"https:\/\/ujofotodesign.ch\/wp-content\/uploads\/2019\/10\/ujofotodesign-logo.jpg\",\"width\":512,\"height\":512,\"caption\":\"Ulrich Jousten\"},\"logo\":{\"@id\":\"https:\/\/ujofotodesign.ch\/de\/#\/schema\/person\/image\/\"},\"sameAs\":[\"https:\/\/ujofotodesign.ch\"]}]}<\/script>\n<!-- \/ Yoast SEO plugin. -->","yoast_head_json":{"title":"2020 05 Teufelsschlucht &bull; ujofotodesign","robots":{"index":"index","follow":"follow","max-snippet":"max-snippet:-1","max-image-preview":"max-image-preview:large","max-video-preview":"max-video-preview:-1"},"canonical":"https:\/\/ujofotodesign.ch\/de\/2020-05-teufelsschlucht\/","og_locale":"de_DE","og_type":"article","og_title":"2020 05 Teufelsschlucht &bull; ujofotodesign","og_description":"Viele Mythen und Sagen werden \u00fcber die verschiedenen Landschaften in jedem Teil der Welt erz\u00e4hlt. \u00abTeufelsschlucht\u00bb ist daher h\u00f6chstwahrscheinlich kein eindeutiger Name f\u00fcr eine Schlucht tief im Wald, in der Feuchtigkeit herrscht und ein kleiner Fluss \u00fcber kleine Klippen und Kaskaden flie\u00dft, der bei Sturzfluten verheerende Sch\u00e4den verursachen kann. Weniger bekannt als ihre ber\u00fchmte Namenskusine [&hellip;]","og_url":"https:\/\/ujofotodesign.ch\/de\/2020-05-teufelsschlucht\/","og_site_name":"ujofotodesign","article_published_time":"2020-05-24T13:59:43+00:00","og_image":[{"url":"https:\/\/ujofotodesign.ch\/wp-content\/uploads\/2020\/05\/m5_mg_1861-panorama-1024x819.jpg"}],"author":"Ulrich Jousten","twitter_card":"summary_large_image","twitter_misc":{"Verfasst von":"Ulrich Jousten","Gesch\u00e4tzte Lesezeit":"2 Minuten"},"schema":{"@context":"https:\/\/schema.org","@graph":[{"@type":"Article","@id":"https:\/\/ujofotodesign.ch\/de\/2020-05-teufelsschlucht\/#article","isPartOf":{"@id":"https:\/\/ujofotodesign.ch\/de\/2020-05-teufelsschlucht\/"},"author":{"name":"Ulrich Jousten","@id":"https:\/\/ujofotodesign.ch\/de\/#\/schema\/person\/bece9dc9b9c82b781fbf996a923e4695"},"headline":"2020 05 Teufelsschlucht","datePublished":"2020-05-24T13:59:43+00:00","dateModified":"2020-05-24T13:59:43+00:00","mainEntityOfPage":{"@id":"https:\/\/ujofotodesign.ch\/de\/2020-05-teufelsschlucht\/"},"wordCount":399,"commentCount":0,"publisher":{"@id":"https:\/\/ujofotodesign.ch\/de\/#\/schema\/person\/bece9dc9b9c82b781fbf996a923e4695"},"articleSection":["News"],"inLanguage":"de-DE","potentialAction":[{"@type":"CommentAction","name":"Comment","target":["https:\/\/ujofotodesign.ch\/de\/2020-05-teufelsschlucht\/#respond"]}]},{"@type":"WebPage","@id":"https:\/\/ujofotodesign.ch\/de\/2020-05-teufelsschlucht\/","url":"https:\/\/ujofotodesign.ch\/de\/2020-05-teufelsschlucht\/","name":"2020 05 Teufelsschlucht &bull; ujofotodesign","isPartOf":{"@id":"https:\/\/ujofotodesign.ch\/de\/#website"},"datePublished":"2020-05-24T13:59:43+00:00","dateModified":"2020-05-24T13:59:43+00:00","breadcrumb":{"@id":"https:\/\/ujofotodesign.ch\/de\/2020-05-teufelsschlucht\/#breadcrumb"},"inLanguage":"de-DE","potentialAction":[{"@type":"ReadAction","target":["https:\/\/ujofotodesign.ch\/de\/2020-05-teufelsschlucht\/"]}]},{"@type":"BreadcrumbList","@id":"https:\/\/ujofotodesign.ch\/de\/2020-05-teufelsschlucht\/#breadcrumb","itemListElement":[{"@type":"ListItem","position":1,"name":"Home","item":"https:\/\/ujofotodesign.ch\/de\/"},{"@type":"ListItem","position":2,"name":"2020 05 Teufelsschlucht"}]},{"@type":"WebSite","@id":"https:\/\/ujofotodesign.ch\/de\/#website","url":"https:\/\/ujofotodesign.ch\/de\/","name":"ujofotodesign","description":"","publisher":{"@id":"https:\/\/ujofotodesign.ch\/de\/#\/schema\/person\/bece9dc9b9c82b781fbf996a923e4695"},"potentialAction":[{"@type":"SearchAction","target":{"@type":"EntryPoint","urlTemplate":"https:\/\/ujofotodesign.ch\/de\/?s={search_term_string}"},"query-input":"required name=search_term_string"}],"inLanguage":"de-DE"},{"@type":["Person","Organization"],"@id":"https:\/\/ujofotodesign.ch\/de\/#\/schema\/person\/bece9dc9b9c82b781fbf996a923e4695","name":"Ulrich Jousten","image":{"@type":"ImageObject","inLanguage":"de-DE","@id":"https:\/\/ujofotodesign.ch\/de\/#\/schema\/person\/image\/","url":"https:\/\/ujofotodesign.ch\/wp-content\/uploads\/2019\/10\/ujofotodesign-logo.jpg","contentUrl":"https:\/\/ujofotodesign.ch\/wp-content\/uploads\/2019\/10\/ujofotodesign-logo.jpg","width":512,"height":512,"caption":"Ulrich Jousten"},"logo":{"@id":"https:\/\/ujofotodesign.ch\/de\/#\/schema\/person\/image\/"},"sameAs":["https:\/\/ujofotodesign.ch"]}]}},"_links":{"self":[{"href":"https:\/\/ujofotodesign.ch\/de\/wp-json\/wp\/v2\/posts\/30130"}],"collection":[{"href":"https:\/\/ujofotodesign.ch\/de\/wp-json\/wp\/v2\/posts"}],"about":[{"href":"https:\/\/ujofotodesign.ch\/de\/wp-json\/wp\/v2\/types\/post"}],"author":[{"embeddable":true,"href":"https:\/\/ujofotodesign.ch\/de\/wp-json\/wp\/v2\/users\/2"}],"replies":[{"embeddable":true,"href":"https:\/\/ujofotodesign.ch\/de\/wp-json\/wp\/v2\/comments?post=30130"}],"version-history":[{"count":9,"href":"https:\/\/ujofotodesign.ch\/de\/wp-json\/wp\/v2\/posts\/30130\/revisions"}],"predecessor-version":[{"id":30158,"href":"https:\/\/ujofotodesign.ch\/de\/wp-json\/wp\/v2\/posts\/30130\/revisions\/30158"}],"wp:attachment":[{"href":"https:\/\/ujofotodesign.ch\/de\/wp-json\/wp\/v2\/media?parent=30130"}],"wp:term":[{"taxonomy":"category","embeddable":true,"href":"https:\/\/ujofotodesign.ch\/de\/wp-json\/wp\/v2\/categories?post=30130"},{"taxonomy":"post_tag","embeddable":true,"href":"https:\/\/ujofotodesign.ch\/de\/wp-json\/wp\/v2\/tags?post=30130"}],"curies":[{"name":"wp","href":"https:\/\/api.w.org\/{rel}","templated":true}]}}