{"id":30105,"date":"2020-04-02T05:00:00","date_gmt":"2020-04-02T03:00:00","guid":{"rendered":"https:\/\/ujofotodesign.ch\/?p=30105"},"modified":"2020-03-27T19:53:21","modified_gmt":"2020-03-27T18:53:21","slug":"2020-04-malen-mit-licht-abstrakte-landschaften","status":"publish","type":"post","link":"https:\/\/ujofotodesign.ch\/de\/2020-04-malen-mit-licht-abstrakte-landschaften\/","title":{"rendered":"2020 04 Malen mit Licht &#8211; Abstrakte Landschaften"},"content":{"rendered":"\n<p>K\u00fcrzlich sah ich ein Tutorial \u00fcber Abstrakte Landschaften. Da ich h\u00e4ufig draussen bin und es ein ziemlich kalter und st\u00fcrmischer M\u00e4rz Abend war, entschied ich mich spontan, diese Ideen auszuprobieren. Die Technik besteht darin, die Kamera bei langer Belichtung horizontal oder vertikal \u00fcber die Landschaft zu ziehen. Dazu hilft es, wenn die Strukturen, \u00fcber die man die Kamera zieht, leuchtend und farbig sind. Ausserdem habe ich beim Editing die Regler doch stark bewegt, um die Farben klar herauszuarbeiten.  Der kalte, klare Fr\u00fchlingsabend an meinem gesch\u00e4tzten Flachsee war mit einem wundersch\u00f6nen Sonnenuntergang war dazu bestens geeignet. <\/p>\n\n\n\n<p>Das Interessante in dieser Methode ist, dass jedes Bild ein Unikat ist durch die Zuf\u00e4lligkeit der Kamerabewegung, und so kaum reproduziert werden kann. Einige m\u00f6gen das buchst\u00e4blich als &#8222;Malen mit Licht&#8220; bezeichnen. Ich bin mir trotzdem nicht sicher, ob das auf die Dauer nicht langweilig wird.  Lasst mich doch wissen, wie Ihr dar\u00fcber denkt.  <\/p>\n\n\n\n<figure class=\"wp-block-gallery aligncenter columns-1 is-cropped wp-block-gallery-1 is-layout-flex\"><ul class=\"blocks-gallery-grid\"><li class=\"blocks-gallery-item\"><figure><img decoding=\"async\" loading=\"lazy\" width=\"1024\" height=\"683\" src=\"https:\/\/ujofotodesign.ch\/wp-content\/uploads\/2020\/03\/m5_mg_1041-1024x683.jpg\" alt=\"\" data-id=\"30101\" data-full-url=\"https:\/\/ujofotodesign.ch\/wp-content\/uploads\/2020\/03\/m5_mg_1041-scaled.jpg\" data-link=\"https:\/\/ujofotodesign.ch\/?attachment_id=30101\" class=\"wp-image-30101\" srcset=\"https:\/\/ujofotodesign.ch\/wp-content\/uploads\/2020\/03\/m5_mg_1041-1024x683.jpg 1024w, https:\/\/ujofotodesign.ch\/wp-content\/uploads\/2020\/03\/m5_mg_1041-300x200.jpg 300w, https:\/\/ujofotodesign.ch\/wp-content\/uploads\/2020\/03\/m5_mg_1041-768x512.jpg 768w, https:\/\/ujofotodesign.ch\/wp-content\/uploads\/2020\/03\/m5_mg_1041-1536x1024.jpg 1536w, https:\/\/ujofotodesign.ch\/wp-content\/uploads\/2020\/03\/m5_mg_1041-scaled.jpg 2048w\" sizes=\"(max-width: 1024px) 100vw, 1024px\" \/><\/figure><\/li><li class=\"blocks-gallery-item\"><figure><img decoding=\"async\" loading=\"lazy\" width=\"1024\" height=\"683\" src=\"https:\/\/ujofotodesign.ch\/wp-content\/uploads\/2020\/03\/m5_mg_1024-1024x683.jpg\" alt=\"\" data-id=\"30096\" data-full-url=\"https:\/\/ujofotodesign.ch\/wp-content\/uploads\/2020\/03\/m5_mg_1024-scaled.jpg\" data-link=\"https:\/\/ujofotodesign.ch\/?attachment_id=30096\" class=\"wp-image-30096\" srcset=\"https:\/\/ujofotodesign.ch\/wp-content\/uploads\/2020\/03\/m5_mg_1024-1024x683.jpg 1024w, https:\/\/ujofotodesign.ch\/wp-content\/uploads\/2020\/03\/m5_mg_1024-300x200.jpg 300w, https:\/\/ujofotodesign.ch\/wp-content\/uploads\/2020\/03\/m5_mg_1024-768x512.jpg 768w, https:\/\/ujofotodesign.ch\/wp-content\/uploads\/2020\/03\/m5_mg_1024-1536x1024.jpg 1536w, https:\/\/ujofotodesign.ch\/wp-content\/uploads\/2020\/03\/m5_mg_1024-scaled.jpg 2048w\" sizes=\"(max-width: 1024px) 100vw, 1024px\" \/><\/figure><\/li><li class=\"blocks-gallery-item\"><figure><img decoding=\"async\" loading=\"lazy\" width=\"1024\" height=\"683\" src=\"https:\/\/ujofotodesign.ch\/wp-content\/uploads\/2020\/03\/m5_mg_1027-1024x683.jpg\" alt=\"\" data-id=\"30097\" data-full-url=\"https:\/\/ujofotodesign.ch\/wp-content\/uploads\/2020\/03\/m5_mg_1027-scaled.jpg\" data-link=\"https:\/\/ujofotodesign.ch\/?attachment_id=30097\" class=\"wp-image-30097\" srcset=\"https:\/\/ujofotodesign.ch\/wp-content\/uploads\/2020\/03\/m5_mg_1027-1024x683.jpg 1024w, https:\/\/ujofotodesign.ch\/wp-content\/uploads\/2020\/03\/m5_mg_1027-300x200.jpg 300w, https:\/\/ujofotodesign.ch\/wp-content\/uploads\/2020\/03\/m5_mg_1027-768x512.jpg 768w, https:\/\/ujofotodesign.ch\/wp-content\/uploads\/2020\/03\/m5_mg_1027-1536x1024.jpg 1536w, https:\/\/ujofotodesign.ch\/wp-content\/uploads\/2020\/03\/m5_mg_1027-scaled.jpg 2048w\" sizes=\"(max-width: 1024px) 100vw, 1024px\" \/><\/figure><\/li><li class=\"blocks-gallery-item\"><figure><img decoding=\"async\" loading=\"lazy\" width=\"1024\" height=\"683\" src=\"https:\/\/ujofotodesign.ch\/wp-content\/uploads\/2020\/03\/m5_mg_1037-1024x683.jpg\" alt=\"\" data-id=\"30099\" data-full-url=\"https:\/\/ujofotodesign.ch\/wp-content\/uploads\/2020\/03\/m5_mg_1037-scaled.jpg\" data-link=\"https:\/\/ujofotodesign.ch\/?attachment_id=30099\" class=\"wp-image-30099\" srcset=\"https:\/\/ujofotodesign.ch\/wp-content\/uploads\/2020\/03\/m5_mg_1037-1024x683.jpg 1024w, https:\/\/ujofotodesign.ch\/wp-content\/uploads\/2020\/03\/m5_mg_1037-300x200.jpg 300w, https:\/\/ujofotodesign.ch\/wp-content\/uploads\/2020\/03\/m5_mg_1037-768x512.jpg 768w, https:\/\/ujofotodesign.ch\/wp-content\/uploads\/2020\/03\/m5_mg_1037-1536x1024.jpg 1536w, https:\/\/ujofotodesign.ch\/wp-content\/uploads\/2020\/03\/m5_mg_1037-scaled.jpg 2048w\" sizes=\"(max-width: 1024px) 100vw, 1024px\" \/><\/figure><\/li><li class=\"blocks-gallery-item\"><figure><img decoding=\"async\" loading=\"lazy\" width=\"1024\" height=\"683\" src=\"https:\/\/ujofotodesign.ch\/wp-content\/uploads\/2020\/03\/m5_mg_1042-1024x683.jpg\" alt=\"\" data-id=\"30102\" data-full-url=\"https:\/\/ujofotodesign.ch\/wp-content\/uploads\/2020\/03\/m5_mg_1042-scaled.jpg\" data-link=\"https:\/\/ujofotodesign.ch\/?attachment_id=30102\" class=\"wp-image-30102\" srcset=\"https:\/\/ujofotodesign.ch\/wp-content\/uploads\/2020\/03\/m5_mg_1042-1024x683.jpg 1024w, https:\/\/ujofotodesign.ch\/wp-content\/uploads\/2020\/03\/m5_mg_1042-300x200.jpg 300w, https:\/\/ujofotodesign.ch\/wp-content\/uploads\/2020\/03\/m5_mg_1042-768x512.jpg 768w, https:\/\/ujofotodesign.ch\/wp-content\/uploads\/2020\/03\/m5_mg_1042-1536x1024.jpg 1536w, https:\/\/ujofotodesign.ch\/wp-content\/uploads\/2020\/03\/m5_mg_1042-scaled.jpg 2048w\" sizes=\"(max-width: 1024px) 100vw, 1024px\" \/><\/figure><\/li><li class=\"blocks-gallery-item\"><figure><img decoding=\"async\" loading=\"lazy\" width=\"1024\" height=\"683\" src=\"https:\/\/ujofotodesign.ch\/wp-content\/uploads\/2020\/03\/m5_mg_1030-1024x683.jpg\" alt=\"\" data-id=\"30098\" data-full-url=\"https:\/\/ujofotodesign.ch\/wp-content\/uploads\/2020\/03\/m5_mg_1030-scaled.jpg\" data-link=\"https:\/\/ujofotodesign.ch\/?attachment_id=30098\" class=\"wp-image-30098\" srcset=\"https:\/\/ujofotodesign.ch\/wp-content\/uploads\/2020\/03\/m5_mg_1030-1024x683.jpg 1024w, https:\/\/ujofotodesign.ch\/wp-content\/uploads\/2020\/03\/m5_mg_1030-300x200.jpg 300w, https:\/\/ujofotodesign.ch\/wp-content\/uploads\/2020\/03\/m5_mg_1030-768x512.jpg 768w, https:\/\/ujofotodesign.ch\/wp-content\/uploads\/2020\/03\/m5_mg_1030-1536x1024.jpg 1536w, https:\/\/ujofotodesign.ch\/wp-content\/uploads\/2020\/03\/m5_mg_1030-scaled.jpg 2048w\" sizes=\"(max-width: 1024px) 100vw, 1024px\" \/><\/figure><\/li><li class=\"blocks-gallery-item\"><figure><img decoding=\"async\" loading=\"lazy\" width=\"1024\" height=\"683\" src=\"https:\/\/ujofotodesign.ch\/wp-content\/uploads\/2020\/03\/m5_mg_1038-1024x683.jpg\" alt=\"\" data-id=\"30100\" data-full-url=\"https:\/\/ujofotodesign.ch\/wp-content\/uploads\/2020\/03\/m5_mg_1038-scaled.jpg\" data-link=\"https:\/\/ujofotodesign.ch\/?attachment_id=30100\" class=\"wp-image-30100\" srcset=\"https:\/\/ujofotodesign.ch\/wp-content\/uploads\/2020\/03\/m5_mg_1038-1024x683.jpg 1024w, https:\/\/ujofotodesign.ch\/wp-content\/uploads\/2020\/03\/m5_mg_1038-300x200.jpg 300w, https:\/\/ujofotodesign.ch\/wp-content\/uploads\/2020\/03\/m5_mg_1038-768x512.jpg 768w, https:\/\/ujofotodesign.ch\/wp-content\/uploads\/2020\/03\/m5_mg_1038-1536x1024.jpg 1536w, https:\/\/ujofotodesign.ch\/wp-content\/uploads\/2020\/03\/m5_mg_1038-scaled.jpg 2048w\" sizes=\"(max-width: 1024px) 100vw, 1024px\" \/><\/figure><\/li><\/ul><\/figure>\n\n\n\n<blockquote class=\"wp-block-quote has-text-align-center\"><p>Ich male nie Tr\u00e4ume oder Albtr\u00e4ume. Ich male meine eigene Wirklichkeit.<\/p><cite>Frida Kahlo<\/cite><\/blockquote>\n\n\n\n<div class=\"wp-block-image\"><figure class=\"aligncenter size-large is-resized\"><img decoding=\"async\" loading=\"lazy\" src=\"https:\/\/ujofotodesign.ch\/wp-content\/uploads\/2019\/10\/ujo-signature-e1571571873324.jpg\" alt=\"\" class=\"wp-image-657\" width=\"151\" height=\"75\"\/><\/figure><\/div>\n","protected":false},"excerpt":{"rendered":"<p>K\u00fcrzlich sah ich ein Tutorial \u00fcber Abstrakte Landschaften. Da ich h\u00e4ufig draussen bin und es ein ziemlich kalter und st\u00fcrmischer M\u00e4rz Abend war, entschied ich mich spontan, diese Ideen auszuprobieren. Die Technik besteht darin, die Kamera bei langer Belichtung horizontal oder vertikal \u00fcber die Landschaft zu ziehen. Dazu hilft es, wenn die Strukturen, \u00fcber die [&hellip;]<\/p>\n","protected":false},"author":2,"featured_media":0,"comment_status":"closed","ping_status":"open","sticky":false,"template":"","format":"standard","meta":[],"categories":[10],"tags":[],"acf":[],"yoast_head":"<!-- This site is optimized with the Yoast SEO plugin v20.12 - https:\/\/yoast.com\/wordpress\/plugins\/seo\/ -->\n<title>2020 04 Malen mit Licht - Abstrakte Landschaften &bull; ujofotodesign<\/title>\n<meta name=\"robots\" content=\"index, follow, max-snippet:-1, max-image-preview:large, max-video-preview:-1\" \/>\n<link rel=\"canonical\" href=\"https:\/\/ujofotodesign.ch\/de\/2020-04-malen-mit-licht-abstrakte-landschaften\/\" \/>\n<meta property=\"og:locale\" content=\"de_DE\" \/>\n<meta property=\"og:type\" content=\"article\" \/>\n<meta property=\"og:title\" content=\"2020 04 Malen mit Licht - Abstrakte Landschaften &bull; ujofotodesign\" \/>\n<meta property=\"og:description\" content=\"K\u00fcrzlich sah ich ein Tutorial \u00fcber Abstrakte Landschaften. Da ich h\u00e4ufig draussen bin und es ein ziemlich kalter und st\u00fcrmischer M\u00e4rz Abend war, entschied ich mich spontan, diese Ideen auszuprobieren. Die Technik besteht darin, die Kamera bei langer Belichtung horizontal oder vertikal \u00fcber die Landschaft zu ziehen. Dazu hilft es, wenn die Strukturen, \u00fcber die [&hellip;]\" \/>\n<meta property=\"og:url\" content=\"https:\/\/ujofotodesign.ch\/de\/2020-04-malen-mit-licht-abstrakte-landschaften\/\" \/>\n<meta property=\"og:site_name\" content=\"ujofotodesign\" \/>\n<meta property=\"article:published_time\" content=\"2020-04-02T03:00:00+00:00\" \/>\n<meta property=\"article:modified_time\" content=\"2020-03-27T18:53:21+00:00\" \/>\n<meta property=\"og:image\" content=\"https:\/\/ujofotodesign.ch\/wp-content\/uploads\/2020\/03\/m5_mg_1041-1024x683.jpg\" \/>\n<meta name=\"author\" content=\"Ulrich Jousten\" \/>\n<meta name=\"twitter:card\" content=\"summary_large_image\" \/>\n<meta name=\"twitter:label1\" content=\"Verfasst von\" \/>\n\t<meta name=\"twitter:data1\" content=\"Ulrich Jousten\" \/>\n\t<meta name=\"twitter:label2\" content=\"Gesch\u00e4tzte Lesezeit\" \/>\n\t<meta name=\"twitter:data2\" content=\"1 Minute\" \/>\n<script type=\"application\/ld+json\" class=\"yoast-schema-graph\">{\"@context\":\"https:\/\/schema.org\",\"@graph\":[{\"@type\":\"Article\",\"@id\":\"https:\/\/ujofotodesign.ch\/de\/2020-04-malen-mit-licht-abstrakte-landschaften\/#article\",\"isPartOf\":{\"@id\":\"https:\/\/ujofotodesign.ch\/de\/2020-04-malen-mit-licht-abstrakte-landschaften\/\"},\"author\":{\"name\":\"Ulrich Jousten\",\"@id\":\"https:\/\/ujofotodesign.ch\/de\/#\/schema\/person\/bece9dc9b9c82b781fbf996a923e4695\"},\"headline\":\"2020 04 Malen mit Licht &#8211; Abstrakte Landschaften\",\"datePublished\":\"2020-04-02T03:00:00+00:00\",\"dateModified\":\"2020-03-27T18:53:21+00:00\",\"mainEntityOfPage\":{\"@id\":\"https:\/\/ujofotodesign.ch\/de\/2020-04-malen-mit-licht-abstrakte-landschaften\/\"},\"wordCount\":181,\"publisher\":{\"@id\":\"https:\/\/ujofotodesign.ch\/de\/#\/schema\/person\/bece9dc9b9c82b781fbf996a923e4695\"},\"articleSection\":[\"News\"],\"inLanguage\":\"de-DE\"},{\"@type\":\"WebPage\",\"@id\":\"https:\/\/ujofotodesign.ch\/de\/2020-04-malen-mit-licht-abstrakte-landschaften\/\",\"url\":\"https:\/\/ujofotodesign.ch\/de\/2020-04-malen-mit-licht-abstrakte-landschaften\/\",\"name\":\"2020 04 Malen mit Licht - Abstrakte Landschaften &bull; ujofotodesign\",\"isPartOf\":{\"@id\":\"https:\/\/ujofotodesign.ch\/de\/#website\"},\"datePublished\":\"2020-04-02T03:00:00+00:00\",\"dateModified\":\"2020-03-27T18:53:21+00:00\",\"breadcrumb\":{\"@id\":\"https:\/\/ujofotodesign.ch\/de\/2020-04-malen-mit-licht-abstrakte-landschaften\/#breadcrumb\"},\"inLanguage\":\"de-DE\",\"potentialAction\":[{\"@type\":\"ReadAction\",\"target\":[\"https:\/\/ujofotodesign.ch\/de\/2020-04-malen-mit-licht-abstrakte-landschaften\/\"]}]},{\"@type\":\"BreadcrumbList\",\"@id\":\"https:\/\/ujofotodesign.ch\/de\/2020-04-malen-mit-licht-abstrakte-landschaften\/#breadcrumb\",\"itemListElement\":[{\"@type\":\"ListItem\",\"position\":1,\"name\":\"Home\",\"item\":\"https:\/\/ujofotodesign.ch\/de\/\"},{\"@type\":\"ListItem\",\"position\":2,\"name\":\"2020 04 Malen mit Licht &#8211; Abstrakte Landschaften\"}]},{\"@type\":\"WebSite\",\"@id\":\"https:\/\/ujofotodesign.ch\/de\/#website\",\"url\":\"https:\/\/ujofotodesign.ch\/de\/\",\"name\":\"ujofotodesign\",\"description\":\"\",\"publisher\":{\"@id\":\"https:\/\/ujofotodesign.ch\/de\/#\/schema\/person\/bece9dc9b9c82b781fbf996a923e4695\"},\"potentialAction\":[{\"@type\":\"SearchAction\",\"target\":{\"@type\":\"EntryPoint\",\"urlTemplate\":\"https:\/\/ujofotodesign.ch\/de\/?s={search_term_string}\"},\"query-input\":\"required name=search_term_string\"}],\"inLanguage\":\"de-DE\"},{\"@type\":[\"Person\",\"Organization\"],\"@id\":\"https:\/\/ujofotodesign.ch\/de\/#\/schema\/person\/bece9dc9b9c82b781fbf996a923e4695\",\"name\":\"Ulrich Jousten\",\"image\":{\"@type\":\"ImageObject\",\"inLanguage\":\"de-DE\",\"@id\":\"https:\/\/ujofotodesign.ch\/de\/#\/schema\/person\/image\/\",\"url\":\"https:\/\/ujofotodesign.ch\/wp-content\/uploads\/2019\/10\/ujofotodesign-logo.jpg\",\"contentUrl\":\"https:\/\/ujofotodesign.ch\/wp-content\/uploads\/2019\/10\/ujofotodesign-logo.jpg\",\"width\":512,\"height\":512,\"caption\":\"Ulrich Jousten\"},\"logo\":{\"@id\":\"https:\/\/ujofotodesign.ch\/de\/#\/schema\/person\/image\/\"},\"sameAs\":[\"https:\/\/ujofotodesign.ch\"]}]}<\/script>\n<!-- \/ Yoast SEO plugin. -->","yoast_head_json":{"title":"2020 04 Malen mit Licht - Abstrakte Landschaften &bull; ujofotodesign","robots":{"index":"index","follow":"follow","max-snippet":"max-snippet:-1","max-image-preview":"max-image-preview:large","max-video-preview":"max-video-preview:-1"},"canonical":"https:\/\/ujofotodesign.ch\/de\/2020-04-malen-mit-licht-abstrakte-landschaften\/","og_locale":"de_DE","og_type":"article","og_title":"2020 04 Malen mit Licht - Abstrakte Landschaften &bull; ujofotodesign","og_description":"K\u00fcrzlich sah ich ein Tutorial \u00fcber Abstrakte Landschaften. Da ich h\u00e4ufig draussen bin und es ein ziemlich kalter und st\u00fcrmischer M\u00e4rz Abend war, entschied ich mich spontan, diese Ideen auszuprobieren. Die Technik besteht darin, die Kamera bei langer Belichtung horizontal oder vertikal \u00fcber die Landschaft zu ziehen. Dazu hilft es, wenn die Strukturen, \u00fcber die [&hellip;]","og_url":"https:\/\/ujofotodesign.ch\/de\/2020-04-malen-mit-licht-abstrakte-landschaften\/","og_site_name":"ujofotodesign","article_published_time":"2020-04-02T03:00:00+00:00","article_modified_time":"2020-03-27T18:53:21+00:00","og_image":[{"url":"https:\/\/ujofotodesign.ch\/wp-content\/uploads\/2020\/03\/m5_mg_1041-1024x683.jpg"}],"author":"Ulrich Jousten","twitter_card":"summary_large_image","twitter_misc":{"Verfasst von":"Ulrich Jousten","Gesch\u00e4tzte Lesezeit":"1 Minute"},"schema":{"@context":"https:\/\/schema.org","@graph":[{"@type":"Article","@id":"https:\/\/ujofotodesign.ch\/de\/2020-04-malen-mit-licht-abstrakte-landschaften\/#article","isPartOf":{"@id":"https:\/\/ujofotodesign.ch\/de\/2020-04-malen-mit-licht-abstrakte-landschaften\/"},"author":{"name":"Ulrich Jousten","@id":"https:\/\/ujofotodesign.ch\/de\/#\/schema\/person\/bece9dc9b9c82b781fbf996a923e4695"},"headline":"2020 04 Malen mit Licht &#8211; Abstrakte Landschaften","datePublished":"2020-04-02T03:00:00+00:00","dateModified":"2020-03-27T18:53:21+00:00","mainEntityOfPage":{"@id":"https:\/\/ujofotodesign.ch\/de\/2020-04-malen-mit-licht-abstrakte-landschaften\/"},"wordCount":181,"publisher":{"@id":"https:\/\/ujofotodesign.ch\/de\/#\/schema\/person\/bece9dc9b9c82b781fbf996a923e4695"},"articleSection":["News"],"inLanguage":"de-DE"},{"@type":"WebPage","@id":"https:\/\/ujofotodesign.ch\/de\/2020-04-malen-mit-licht-abstrakte-landschaften\/","url":"https:\/\/ujofotodesign.ch\/de\/2020-04-malen-mit-licht-abstrakte-landschaften\/","name":"2020 04 Malen mit Licht - Abstrakte Landschaften &bull; ujofotodesign","isPartOf":{"@id":"https:\/\/ujofotodesign.ch\/de\/#website"},"datePublished":"2020-04-02T03:00:00+00:00","dateModified":"2020-03-27T18:53:21+00:00","breadcrumb":{"@id":"https:\/\/ujofotodesign.ch\/de\/2020-04-malen-mit-licht-abstrakte-landschaften\/#breadcrumb"},"inLanguage":"de-DE","potentialAction":[{"@type":"ReadAction","target":["https:\/\/ujofotodesign.ch\/de\/2020-04-malen-mit-licht-abstrakte-landschaften\/"]}]},{"@type":"BreadcrumbList","@id":"https:\/\/ujofotodesign.ch\/de\/2020-04-malen-mit-licht-abstrakte-landschaften\/#breadcrumb","itemListElement":[{"@type":"ListItem","position":1,"name":"Home","item":"https:\/\/ujofotodesign.ch\/de\/"},{"@type":"ListItem","position":2,"name":"2020 04 Malen mit Licht &#8211; Abstrakte Landschaften"}]},{"@type":"WebSite","@id":"https:\/\/ujofotodesign.ch\/de\/#website","url":"https:\/\/ujofotodesign.ch\/de\/","name":"ujofotodesign","description":"","publisher":{"@id":"https:\/\/ujofotodesign.ch\/de\/#\/schema\/person\/bece9dc9b9c82b781fbf996a923e4695"},"potentialAction":[{"@type":"SearchAction","target":{"@type":"EntryPoint","urlTemplate":"https:\/\/ujofotodesign.ch\/de\/?s={search_term_string}"},"query-input":"required name=search_term_string"}],"inLanguage":"de-DE"},{"@type":["Person","Organization"],"@id":"https:\/\/ujofotodesign.ch\/de\/#\/schema\/person\/bece9dc9b9c82b781fbf996a923e4695","name":"Ulrich Jousten","image":{"@type":"ImageObject","inLanguage":"de-DE","@id":"https:\/\/ujofotodesign.ch\/de\/#\/schema\/person\/image\/","url":"https:\/\/ujofotodesign.ch\/wp-content\/uploads\/2019\/10\/ujofotodesign-logo.jpg","contentUrl":"https:\/\/ujofotodesign.ch\/wp-content\/uploads\/2019\/10\/ujofotodesign-logo.jpg","width":512,"height":512,"caption":"Ulrich Jousten"},"logo":{"@id":"https:\/\/ujofotodesign.ch\/de\/#\/schema\/person\/image\/"},"sameAs":["https:\/\/ujofotodesign.ch"]}]}},"_links":{"self":[{"href":"https:\/\/ujofotodesign.ch\/de\/wp-json\/wp\/v2\/posts\/30105"}],"collection":[{"href":"https:\/\/ujofotodesign.ch\/de\/wp-json\/wp\/v2\/posts"}],"about":[{"href":"https:\/\/ujofotodesign.ch\/de\/wp-json\/wp\/v2\/types\/post"}],"author":[{"embeddable":true,"href":"https:\/\/ujofotodesign.ch\/de\/wp-json\/wp\/v2\/users\/2"}],"replies":[{"embeddable":true,"href":"https:\/\/ujofotodesign.ch\/de\/wp-json\/wp\/v2\/comments?post=30105"}],"version-history":[{"count":3,"href":"https:\/\/ujofotodesign.ch\/de\/wp-json\/wp\/v2\/posts\/30105\/revisions"}],"predecessor-version":[{"id":30110,"href":"https:\/\/ujofotodesign.ch\/de\/wp-json\/wp\/v2\/posts\/30105\/revisions\/30110"}],"wp:attachment":[{"href":"https:\/\/ujofotodesign.ch\/de\/wp-json\/wp\/v2\/media?parent=30105"}],"wp:term":[{"taxonomy":"category","embeddable":true,"href":"https:\/\/ujofotodesign.ch\/de\/wp-json\/wp\/v2\/categories?post=30105"},{"taxonomy":"post_tag","embeddable":true,"href":"https:\/\/ujofotodesign.ch\/de\/wp-json\/wp\/v2\/tags?post=30105"}],"curies":[{"name":"wp","href":"https:\/\/api.w.org\/{rel}","templated":true}]}}