{"id":30086,"date":"2020-03-09T23:15:22","date_gmt":"2020-03-09T22:15:22","guid":{"rendered":"https:\/\/ujofotodesign.ch\/?p=30086"},"modified":"2020-03-09T23:16:01","modified_gmt":"2020-03-09T22:16:01","slug":"2020-03-magische-berge","status":"publish","type":"post","link":"https:\/\/ujofotodesign.ch\/de\/2020-03-magische-berge\/","title":{"rendered":"2020 03 Magische Berge"},"content":{"rendered":"\n<p>Berge haben mich immer wieder fasziniert. Die Sch\u00f6nheit, Dramatik, Gefahr, Grandiosit\u00e4t und die Menschlichen Spuren in Bildern einzufangen befriedet meinen Geist. Auch wenn die Bedingungen oft rauh und feindlich sind. Das Bild unten entstand w\u00e4hrend einer Wanderung auf 2200 m im Schneegest\u00f6ber auf der Fiescheralp, Kanton Wallis, vor ein paar Tagen. Es zeigt die auf der gegen\u00fcberliegenden Talseite aufragende Bergflanke.<\/p>\n\n\n\n<figure class=\"wp-block-image size-large\"><img decoding=\"async\" loading=\"lazy\" width=\"768\" height=\"1024\" src=\"https:\/\/ujofotodesign.ch\/wp-content\/uploads\/2020\/03\/m5_mg_0903-768x1024.jpg\" alt=\"\" class=\"wp-image-30084\" srcset=\"https:\/\/ujofotodesign.ch\/wp-content\/uploads\/2020\/03\/m5_mg_0903-768x1024.jpg 768w, https:\/\/ujofotodesign.ch\/wp-content\/uploads\/2020\/03\/m5_mg_0903-225x300.jpg 225w, https:\/\/ujofotodesign.ch\/wp-content\/uploads\/2020\/03\/m5_mg_0903-1152x1536.jpg 1152w, https:\/\/ujofotodesign.ch\/wp-content\/uploads\/2020\/03\/m5_mg_0903-scaled.jpg 1536w\" sizes=\"(max-width: 768px) 100vw, 768px\" \/><\/figure>\n\n\n\n<blockquote class=\"wp-block-quote has-text-align-center\"><p>Am Ende wirst Du Dich nicht an die Zeit erinnern, die du mit B\u00fcroarbeit oder Rasenm\u00e4hen verbracht hast. Kletter auf diesen gottverdammten Berg!<\/p><cite>James Kerouac, Romancier<\/cite><\/blockquote>\n","protected":false},"excerpt":{"rendered":"<p>Berge haben mich immer wieder fasziniert. Die Sch\u00f6nheit, Dramatik, Gefahr, Grandiosit\u00e4t und die Menschlichen Spuren in Bildern einzufangen befriedet meinen Geist. Auch wenn die Bedingungen oft rauh und feindlich sind. Das Bild unten entstand w\u00e4hrend einer Wanderung auf 2200 m im Schneegest\u00f6ber auf der Fiescheralp, Kanton Wallis, vor ein paar Tagen. Es zeigt die auf [&hellip;]<\/p>\n","protected":false},"author":2,"featured_media":0,"comment_status":"closed","ping_status":"open","sticky":false,"template":"","format":"standard","meta":[],"categories":[10],"tags":[],"acf":[],"yoast_head":"<!-- This site is optimized with the Yoast SEO plugin v20.12 - https:\/\/yoast.com\/wordpress\/plugins\/seo\/ -->\n<title>2020 03 Magische Berge &bull; ujofotodesign<\/title>\n<meta name=\"robots\" content=\"index, follow, max-snippet:-1, max-image-preview:large, max-video-preview:-1\" \/>\n<link rel=\"canonical\" href=\"https:\/\/ujofotodesign.ch\/de\/2020-03-magische-berge\/\" \/>\n<meta property=\"og:locale\" content=\"de_DE\" \/>\n<meta property=\"og:type\" content=\"article\" \/>\n<meta property=\"og:title\" content=\"2020 03 Magische Berge &bull; ujofotodesign\" \/>\n<meta property=\"og:description\" content=\"Berge haben mich immer wieder fasziniert. Die Sch\u00f6nheit, Dramatik, Gefahr, Grandiosit\u00e4t und die Menschlichen Spuren in Bildern einzufangen befriedet meinen Geist. Auch wenn die Bedingungen oft rauh und feindlich sind. Das Bild unten entstand w\u00e4hrend einer Wanderung auf 2200 m im Schneegest\u00f6ber auf der Fiescheralp, Kanton Wallis, vor ein paar Tagen. Es zeigt die auf [&hellip;]\" \/>\n<meta property=\"og:url\" content=\"https:\/\/ujofotodesign.ch\/de\/2020-03-magische-berge\/\" \/>\n<meta property=\"og:site_name\" content=\"ujofotodesign\" \/>\n<meta property=\"article:published_time\" content=\"2020-03-09T22:15:22+00:00\" \/>\n<meta property=\"article:modified_time\" content=\"2020-03-09T22:16:01+00:00\" \/>\n<meta property=\"og:image\" content=\"https:\/\/ujofotodesign.ch\/wp-content\/uploads\/2020\/03\/m5_mg_0903-768x1024.jpg\" \/>\n<meta name=\"author\" content=\"Ulrich Jousten\" \/>\n<meta name=\"twitter:card\" content=\"summary_large_image\" \/>\n<meta name=\"twitter:label1\" content=\"Verfasst von\" \/>\n\t<meta name=\"twitter:data1\" content=\"Ulrich Jousten\" \/>\n<script type=\"application\/ld+json\" class=\"yoast-schema-graph\">{\"@context\":\"https:\/\/schema.org\",\"@graph\":[{\"@type\":\"Article\",\"@id\":\"https:\/\/ujofotodesign.ch\/de\/2020-03-magische-berge\/#article\",\"isPartOf\":{\"@id\":\"https:\/\/ujofotodesign.ch\/de\/2020-03-magische-berge\/\"},\"author\":{\"name\":\"Ulrich Jousten\",\"@id\":\"https:\/\/ujofotodesign.ch\/de\/#\/schema\/person\/bece9dc9b9c82b781fbf996a923e4695\"},\"headline\":\"2020 03 Magische Berge\",\"datePublished\":\"2020-03-09T22:15:22+00:00\",\"dateModified\":\"2020-03-09T22:16:01+00:00\",\"mainEntityOfPage\":{\"@id\":\"https:\/\/ujofotodesign.ch\/de\/2020-03-magische-berge\/\"},\"wordCount\":94,\"publisher\":{\"@id\":\"https:\/\/ujofotodesign.ch\/de\/#\/schema\/person\/bece9dc9b9c82b781fbf996a923e4695\"},\"articleSection\":[\"News\"],\"inLanguage\":\"de-DE\"},{\"@type\":\"WebPage\",\"@id\":\"https:\/\/ujofotodesign.ch\/de\/2020-03-magische-berge\/\",\"url\":\"https:\/\/ujofotodesign.ch\/de\/2020-03-magische-berge\/\",\"name\":\"2020 03 Magische Berge &bull; ujofotodesign\",\"isPartOf\":{\"@id\":\"https:\/\/ujofotodesign.ch\/de\/#website\"},\"datePublished\":\"2020-03-09T22:15:22+00:00\",\"dateModified\":\"2020-03-09T22:16:01+00:00\",\"breadcrumb\":{\"@id\":\"https:\/\/ujofotodesign.ch\/de\/2020-03-magische-berge\/#breadcrumb\"},\"inLanguage\":\"de-DE\",\"potentialAction\":[{\"@type\":\"ReadAction\",\"target\":[\"https:\/\/ujofotodesign.ch\/de\/2020-03-magische-berge\/\"]}]},{\"@type\":\"BreadcrumbList\",\"@id\":\"https:\/\/ujofotodesign.ch\/de\/2020-03-magische-berge\/#breadcrumb\",\"itemListElement\":[{\"@type\":\"ListItem\",\"position\":1,\"name\":\"Home\",\"item\":\"https:\/\/ujofotodesign.ch\/de\/\"},{\"@type\":\"ListItem\",\"position\":2,\"name\":\"2020 03 Magische Berge\"}]},{\"@type\":\"WebSite\",\"@id\":\"https:\/\/ujofotodesign.ch\/de\/#website\",\"url\":\"https:\/\/ujofotodesign.ch\/de\/\",\"name\":\"ujofotodesign\",\"description\":\"\",\"publisher\":{\"@id\":\"https:\/\/ujofotodesign.ch\/de\/#\/schema\/person\/bece9dc9b9c82b781fbf996a923e4695\"},\"potentialAction\":[{\"@type\":\"SearchAction\",\"target\":{\"@type\":\"EntryPoint\",\"urlTemplate\":\"https:\/\/ujofotodesign.ch\/de\/?s={search_term_string}\"},\"query-input\":\"required name=search_term_string\"}],\"inLanguage\":\"de-DE\"},{\"@type\":[\"Person\",\"Organization\"],\"@id\":\"https:\/\/ujofotodesign.ch\/de\/#\/schema\/person\/bece9dc9b9c82b781fbf996a923e4695\",\"name\":\"Ulrich Jousten\",\"image\":{\"@type\":\"ImageObject\",\"inLanguage\":\"de-DE\",\"@id\":\"https:\/\/ujofotodesign.ch\/de\/#\/schema\/person\/image\/\",\"url\":\"https:\/\/ujofotodesign.ch\/wp-content\/uploads\/2019\/10\/ujofotodesign-logo.jpg\",\"contentUrl\":\"https:\/\/ujofotodesign.ch\/wp-content\/uploads\/2019\/10\/ujofotodesign-logo.jpg\",\"width\":512,\"height\":512,\"caption\":\"Ulrich Jousten\"},\"logo\":{\"@id\":\"https:\/\/ujofotodesign.ch\/de\/#\/schema\/person\/image\/\"},\"sameAs\":[\"https:\/\/ujofotodesign.ch\"]}]}<\/script>\n<!-- \/ Yoast SEO plugin. -->","yoast_head_json":{"title":"2020 03 Magische Berge &bull; ujofotodesign","robots":{"index":"index","follow":"follow","max-snippet":"max-snippet:-1","max-image-preview":"max-image-preview:large","max-video-preview":"max-video-preview:-1"},"canonical":"https:\/\/ujofotodesign.ch\/de\/2020-03-magische-berge\/","og_locale":"de_DE","og_type":"article","og_title":"2020 03 Magische Berge &bull; ujofotodesign","og_description":"Berge haben mich immer wieder fasziniert. Die Sch\u00f6nheit, Dramatik, Gefahr, Grandiosit\u00e4t und die Menschlichen Spuren in Bildern einzufangen befriedet meinen Geist. Auch wenn die Bedingungen oft rauh und feindlich sind. Das Bild unten entstand w\u00e4hrend einer Wanderung auf 2200 m im Schneegest\u00f6ber auf der Fiescheralp, Kanton Wallis, vor ein paar Tagen. Es zeigt die auf [&hellip;]","og_url":"https:\/\/ujofotodesign.ch\/de\/2020-03-magische-berge\/","og_site_name":"ujofotodesign","article_published_time":"2020-03-09T22:15:22+00:00","article_modified_time":"2020-03-09T22:16:01+00:00","og_image":[{"url":"https:\/\/ujofotodesign.ch\/wp-content\/uploads\/2020\/03\/m5_mg_0903-768x1024.jpg"}],"author":"Ulrich Jousten","twitter_card":"summary_large_image","twitter_misc":{"Verfasst von":"Ulrich Jousten"},"schema":{"@context":"https:\/\/schema.org","@graph":[{"@type":"Article","@id":"https:\/\/ujofotodesign.ch\/de\/2020-03-magische-berge\/#article","isPartOf":{"@id":"https:\/\/ujofotodesign.ch\/de\/2020-03-magische-berge\/"},"author":{"name":"Ulrich Jousten","@id":"https:\/\/ujofotodesign.ch\/de\/#\/schema\/person\/bece9dc9b9c82b781fbf996a923e4695"},"headline":"2020 03 Magische Berge","datePublished":"2020-03-09T22:15:22+00:00","dateModified":"2020-03-09T22:16:01+00:00","mainEntityOfPage":{"@id":"https:\/\/ujofotodesign.ch\/de\/2020-03-magische-berge\/"},"wordCount":94,"publisher":{"@id":"https:\/\/ujofotodesign.ch\/de\/#\/schema\/person\/bece9dc9b9c82b781fbf996a923e4695"},"articleSection":["News"],"inLanguage":"de-DE"},{"@type":"WebPage","@id":"https:\/\/ujofotodesign.ch\/de\/2020-03-magische-berge\/","url":"https:\/\/ujofotodesign.ch\/de\/2020-03-magische-berge\/","name":"2020 03 Magische Berge &bull; ujofotodesign","isPartOf":{"@id":"https:\/\/ujofotodesign.ch\/de\/#website"},"datePublished":"2020-03-09T22:15:22+00:00","dateModified":"2020-03-09T22:16:01+00:00","breadcrumb":{"@id":"https:\/\/ujofotodesign.ch\/de\/2020-03-magische-berge\/#breadcrumb"},"inLanguage":"de-DE","potentialAction":[{"@type":"ReadAction","target":["https:\/\/ujofotodesign.ch\/de\/2020-03-magische-berge\/"]}]},{"@type":"BreadcrumbList","@id":"https:\/\/ujofotodesign.ch\/de\/2020-03-magische-berge\/#breadcrumb","itemListElement":[{"@type":"ListItem","position":1,"name":"Home","item":"https:\/\/ujofotodesign.ch\/de\/"},{"@type":"ListItem","position":2,"name":"2020 03 Magische Berge"}]},{"@type":"WebSite","@id":"https:\/\/ujofotodesign.ch\/de\/#website","url":"https:\/\/ujofotodesign.ch\/de\/","name":"ujofotodesign","description":"","publisher":{"@id":"https:\/\/ujofotodesign.ch\/de\/#\/schema\/person\/bece9dc9b9c82b781fbf996a923e4695"},"potentialAction":[{"@type":"SearchAction","target":{"@type":"EntryPoint","urlTemplate":"https:\/\/ujofotodesign.ch\/de\/?s={search_term_string}"},"query-input":"required name=search_term_string"}],"inLanguage":"de-DE"},{"@type":["Person","Organization"],"@id":"https:\/\/ujofotodesign.ch\/de\/#\/schema\/person\/bece9dc9b9c82b781fbf996a923e4695","name":"Ulrich Jousten","image":{"@type":"ImageObject","inLanguage":"de-DE","@id":"https:\/\/ujofotodesign.ch\/de\/#\/schema\/person\/image\/","url":"https:\/\/ujofotodesign.ch\/wp-content\/uploads\/2019\/10\/ujofotodesign-logo.jpg","contentUrl":"https:\/\/ujofotodesign.ch\/wp-content\/uploads\/2019\/10\/ujofotodesign-logo.jpg","width":512,"height":512,"caption":"Ulrich Jousten"},"logo":{"@id":"https:\/\/ujofotodesign.ch\/de\/#\/schema\/person\/image\/"},"sameAs":["https:\/\/ujofotodesign.ch"]}]}},"_links":{"self":[{"href":"https:\/\/ujofotodesign.ch\/de\/wp-json\/wp\/v2\/posts\/30086"}],"collection":[{"href":"https:\/\/ujofotodesign.ch\/de\/wp-json\/wp\/v2\/posts"}],"about":[{"href":"https:\/\/ujofotodesign.ch\/de\/wp-json\/wp\/v2\/types\/post"}],"author":[{"embeddable":true,"href":"https:\/\/ujofotodesign.ch\/de\/wp-json\/wp\/v2\/users\/2"}],"replies":[{"embeddable":true,"href":"https:\/\/ujofotodesign.ch\/de\/wp-json\/wp\/v2\/comments?post=30086"}],"version-history":[{"count":3,"href":"https:\/\/ujofotodesign.ch\/de\/wp-json\/wp\/v2\/posts\/30086\/revisions"}],"predecessor-version":[{"id":30091,"href":"https:\/\/ujofotodesign.ch\/de\/wp-json\/wp\/v2\/posts\/30086\/revisions\/30091"}],"wp:attachment":[{"href":"https:\/\/ujofotodesign.ch\/de\/wp-json\/wp\/v2\/media?parent=30086"}],"wp:term":[{"taxonomy":"category","embeddable":true,"href":"https:\/\/ujofotodesign.ch\/de\/wp-json\/wp\/v2\/categories?post=30086"},{"taxonomy":"post_tag","embeddable":true,"href":"https:\/\/ujofotodesign.ch\/de\/wp-json\/wp\/v2\/tags?post=30086"}],"curies":[{"name":"wp","href":"https:\/\/api.w.org\/{rel}","templated":true}]}}