{"id":19733,"date":"2020-01-10T19:25:17","date_gmt":"2020-01-10T18:25:17","guid":{"rendered":"https:\/\/ujofotodesign.ch\/?p=19733"},"modified":"2020-01-15T20:50:39","modified_gmt":"2020-01-15T19:50:39","slug":"2020-01-winter","status":"publish","type":"post","link":"https:\/\/ujofotodesign.ch\/de\/2020-01-winter\/","title":{"rendered":"2020 01 Raureif"},"content":{"rendered":"\n<p>In der N\u00e4he flaniere ich \u00fcber Felder und Wege zum See. Reif knistert unter den F\u00fcssen&#8230; Die kalte Luft erfrischt das Gesicht, Nebel gefriert auf der M\u00fctze. <br><a href=\"https:\/\/ujofotodesign.ch\/de\/portfolio\/winterlandschaft\/\">https:\/\/ujofotodesign.ch\/de\/portfolio\/winterlandschaft\/<\/a><\/p>\n\n\n\n<div class=\"wp-block-image\"><figure class=\"aligncenter\"><img decoding=\"async\" loading=\"lazy\" width=\"819\" height=\"1024\" src=\"https:\/\/ujofotodesign.ch\/wp-content\/uploads\/2020\/01\/m5_mg_0238-819x1024.jpg\" alt=\"\" class=\"wp-image-19643\" srcset=\"https:\/\/ujofotodesign.ch\/wp-content\/uploads\/2020\/01\/m5_mg_0238-819x1024.jpg 819w, https:\/\/ujofotodesign.ch\/wp-content\/uploads\/2020\/01\/m5_mg_0238-240x300.jpg 240w, https:\/\/ujofotodesign.ch\/wp-content\/uploads\/2020\/01\/m5_mg_0238-768x960.jpg 768w, https:\/\/ujofotodesign.ch\/wp-content\/uploads\/2020\/01\/m5_mg_0238.jpg 1638w\" sizes=\"(max-width: 819px) 100vw, 819px\" \/><\/figure><\/div>\n\n\n\n<p style=\"text-align:center\"><\/p>\n\n\n\n<p style=\"text-align:center\">&#8222;Eine Kamera ist ein Werkzeug um ohne Kamera sehen zu lernen&#8220;<br><em>Dorothea Lange<\/em><\/p>\n\n\n\n<div class=\"wp-block-image\"><figure class=\"aligncenter is-resized\"><img decoding=\"async\" loading=\"lazy\" src=\"https:\/\/ujofotodesign.ch\/wp-content\/uploads\/2019\/10\/ujo-signature-e1571571873324.jpg\" alt=\"\" class=\"wp-image-657\" width=\"170\" height=\"85\"\/><\/figure><\/div>\n","protected":false},"excerpt":{"rendered":"<p>In der N\u00e4he flaniere ich \u00fcber Felder und Wege zum See. Reif knistert unter den F\u00fcssen&#8230; Die kalte Luft erfrischt das Gesicht, Nebel gefriert auf der M\u00fctze. https:\/\/ujofotodesign.ch\/de\/portfolio\/winterlandschaft\/ &#8222;Eine Kamera ist ein Werkzeug um ohne Kamera sehen zu lernen&#8220;Dorothea Lange<\/p>\n","protected":false},"author":2,"featured_media":0,"comment_status":"open","ping_status":"open","sticky":false,"template":"","format":"standard","meta":[],"categories":[10],"tags":[],"acf":[],"yoast_head":"<!-- This site is optimized with the Yoast SEO plugin v20.12 - https:\/\/yoast.com\/wordpress\/plugins\/seo\/ -->\n<title>2020 01 Raureif &bull; ujofotodesign<\/title>\n<meta name=\"robots\" content=\"index, follow, max-snippet:-1, max-image-preview:large, max-video-preview:-1\" \/>\n<link rel=\"canonical\" href=\"https:\/\/ujofotodesign.ch\/de\/2020-01-winter\/\" \/>\n<meta property=\"og:locale\" content=\"de_DE\" \/>\n<meta property=\"og:type\" content=\"article\" \/>\n<meta property=\"og:title\" content=\"2020 01 Raureif &bull; ujofotodesign\" \/>\n<meta property=\"og:description\" content=\"In der N\u00e4he flaniere ich \u00fcber Felder und Wege zum See. Reif knistert unter den F\u00fcssen&#8230; Die kalte Luft erfrischt das Gesicht, Nebel gefriert auf der M\u00fctze. https:\/\/ujofotodesign.ch\/de\/portfolio\/winterlandschaft\/ &#8222;Eine Kamera ist ein Werkzeug um ohne Kamera sehen zu lernen&#8220;Dorothea Lange\" \/>\n<meta property=\"og:url\" content=\"https:\/\/ujofotodesign.ch\/de\/2020-01-winter\/\" \/>\n<meta property=\"og:site_name\" content=\"ujofotodesign\" \/>\n<meta property=\"article:published_time\" content=\"2020-01-10T18:25:17+00:00\" \/>\n<meta property=\"article:modified_time\" content=\"2020-01-15T19:50:39+00:00\" \/>\n<meta property=\"og:image\" content=\"https:\/\/ujofotodesign.ch\/wp-content\/uploads\/2020\/01\/m5_mg_0238-819x1024.jpg\" \/>\n<meta name=\"author\" content=\"Ulrich Jousten\" \/>\n<meta name=\"twitter:card\" content=\"summary_large_image\" \/>\n<meta name=\"twitter:label1\" content=\"Verfasst von\" \/>\n\t<meta name=\"twitter:data1\" content=\"Ulrich Jousten\" \/>\n<script type=\"application\/ld+json\" class=\"yoast-schema-graph\">{\"@context\":\"https:\/\/schema.org\",\"@graph\":[{\"@type\":\"Article\",\"@id\":\"https:\/\/ujofotodesign.ch\/de\/2020-01-winter\/#article\",\"isPartOf\":{\"@id\":\"https:\/\/ujofotodesign.ch\/de\/2020-01-winter\/\"},\"author\":{\"name\":\"Ulrich Jousten\",\"@id\":\"https:\/\/ujofotodesign.ch\/de\/#\/schema\/person\/bece9dc9b9c82b781fbf996a923e4695\"},\"headline\":\"2020 01 Raureif\",\"datePublished\":\"2020-01-10T18:25:17+00:00\",\"dateModified\":\"2020-01-15T19:50:39+00:00\",\"mainEntityOfPage\":{\"@id\":\"https:\/\/ujofotodesign.ch\/de\/2020-01-winter\/\"},\"wordCount\":50,\"commentCount\":0,\"publisher\":{\"@id\":\"https:\/\/ujofotodesign.ch\/de\/#\/schema\/person\/bece9dc9b9c82b781fbf996a923e4695\"},\"articleSection\":[\"News\"],\"inLanguage\":\"de-DE\",\"potentialAction\":[{\"@type\":\"CommentAction\",\"name\":\"Comment\",\"target\":[\"https:\/\/ujofotodesign.ch\/de\/2020-01-winter\/#respond\"]}]},{\"@type\":\"WebPage\",\"@id\":\"https:\/\/ujofotodesign.ch\/de\/2020-01-winter\/\",\"url\":\"https:\/\/ujofotodesign.ch\/de\/2020-01-winter\/\",\"name\":\"2020 01 Raureif &bull; ujofotodesign\",\"isPartOf\":{\"@id\":\"https:\/\/ujofotodesign.ch\/de\/#website\"},\"datePublished\":\"2020-01-10T18:25:17+00:00\",\"dateModified\":\"2020-01-15T19:50:39+00:00\",\"breadcrumb\":{\"@id\":\"https:\/\/ujofotodesign.ch\/de\/2020-01-winter\/#breadcrumb\"},\"inLanguage\":\"de-DE\",\"potentialAction\":[{\"@type\":\"ReadAction\",\"target\":[\"https:\/\/ujofotodesign.ch\/de\/2020-01-winter\/\"]}]},{\"@type\":\"BreadcrumbList\",\"@id\":\"https:\/\/ujofotodesign.ch\/de\/2020-01-winter\/#breadcrumb\",\"itemListElement\":[{\"@type\":\"ListItem\",\"position\":1,\"name\":\"Home\",\"item\":\"https:\/\/ujofotodesign.ch\/de\/\"},{\"@type\":\"ListItem\",\"position\":2,\"name\":\"2020 01 Raureif\"}]},{\"@type\":\"WebSite\",\"@id\":\"https:\/\/ujofotodesign.ch\/de\/#website\",\"url\":\"https:\/\/ujofotodesign.ch\/de\/\",\"name\":\"ujofotodesign\",\"description\":\"\",\"publisher\":{\"@id\":\"https:\/\/ujofotodesign.ch\/de\/#\/schema\/person\/bece9dc9b9c82b781fbf996a923e4695\"},\"potentialAction\":[{\"@type\":\"SearchAction\",\"target\":{\"@type\":\"EntryPoint\",\"urlTemplate\":\"https:\/\/ujofotodesign.ch\/de\/?s={search_term_string}\"},\"query-input\":\"required name=search_term_string\"}],\"inLanguage\":\"de-DE\"},{\"@type\":[\"Person\",\"Organization\"],\"@id\":\"https:\/\/ujofotodesign.ch\/de\/#\/schema\/person\/bece9dc9b9c82b781fbf996a923e4695\",\"name\":\"Ulrich Jousten\",\"image\":{\"@type\":\"ImageObject\",\"inLanguage\":\"de-DE\",\"@id\":\"https:\/\/ujofotodesign.ch\/de\/#\/schema\/person\/image\/\",\"url\":\"https:\/\/ujofotodesign.ch\/wp-content\/uploads\/2019\/10\/ujofotodesign-logo.jpg\",\"contentUrl\":\"https:\/\/ujofotodesign.ch\/wp-content\/uploads\/2019\/10\/ujofotodesign-logo.jpg\",\"width\":512,\"height\":512,\"caption\":\"Ulrich Jousten\"},\"logo\":{\"@id\":\"https:\/\/ujofotodesign.ch\/de\/#\/schema\/person\/image\/\"},\"sameAs\":[\"https:\/\/ujofotodesign.ch\"]}]}<\/script>\n<!-- \/ Yoast SEO plugin. -->","yoast_head_json":{"title":"2020 01 Raureif &bull; ujofotodesign","robots":{"index":"index","follow":"follow","max-snippet":"max-snippet:-1","max-image-preview":"max-image-preview:large","max-video-preview":"max-video-preview:-1"},"canonical":"https:\/\/ujofotodesign.ch\/de\/2020-01-winter\/","og_locale":"de_DE","og_type":"article","og_title":"2020 01 Raureif &bull; ujofotodesign","og_description":"In der N\u00e4he flaniere ich \u00fcber Felder und Wege zum See. Reif knistert unter den F\u00fcssen&#8230; Die kalte Luft erfrischt das Gesicht, Nebel gefriert auf der M\u00fctze. https:\/\/ujofotodesign.ch\/de\/portfolio\/winterlandschaft\/ &#8222;Eine Kamera ist ein Werkzeug um ohne Kamera sehen zu lernen&#8220;Dorothea Lange","og_url":"https:\/\/ujofotodesign.ch\/de\/2020-01-winter\/","og_site_name":"ujofotodesign","article_published_time":"2020-01-10T18:25:17+00:00","article_modified_time":"2020-01-15T19:50:39+00:00","og_image":[{"url":"https:\/\/ujofotodesign.ch\/wp-content\/uploads\/2020\/01\/m5_mg_0238-819x1024.jpg"}],"author":"Ulrich Jousten","twitter_card":"summary_large_image","twitter_misc":{"Verfasst von":"Ulrich Jousten"},"schema":{"@context":"https:\/\/schema.org","@graph":[{"@type":"Article","@id":"https:\/\/ujofotodesign.ch\/de\/2020-01-winter\/#article","isPartOf":{"@id":"https:\/\/ujofotodesign.ch\/de\/2020-01-winter\/"},"author":{"name":"Ulrich Jousten","@id":"https:\/\/ujofotodesign.ch\/de\/#\/schema\/person\/bece9dc9b9c82b781fbf996a923e4695"},"headline":"2020 01 Raureif","datePublished":"2020-01-10T18:25:17+00:00","dateModified":"2020-01-15T19:50:39+00:00","mainEntityOfPage":{"@id":"https:\/\/ujofotodesign.ch\/de\/2020-01-winter\/"},"wordCount":50,"commentCount":0,"publisher":{"@id":"https:\/\/ujofotodesign.ch\/de\/#\/schema\/person\/bece9dc9b9c82b781fbf996a923e4695"},"articleSection":["News"],"inLanguage":"de-DE","potentialAction":[{"@type":"CommentAction","name":"Comment","target":["https:\/\/ujofotodesign.ch\/de\/2020-01-winter\/#respond"]}]},{"@type":"WebPage","@id":"https:\/\/ujofotodesign.ch\/de\/2020-01-winter\/","url":"https:\/\/ujofotodesign.ch\/de\/2020-01-winter\/","name":"2020 01 Raureif &bull; ujofotodesign","isPartOf":{"@id":"https:\/\/ujofotodesign.ch\/de\/#website"},"datePublished":"2020-01-10T18:25:17+00:00","dateModified":"2020-01-15T19:50:39+00:00","breadcrumb":{"@id":"https:\/\/ujofotodesign.ch\/de\/2020-01-winter\/#breadcrumb"},"inLanguage":"de-DE","potentialAction":[{"@type":"ReadAction","target":["https:\/\/ujofotodesign.ch\/de\/2020-01-winter\/"]}]},{"@type":"BreadcrumbList","@id":"https:\/\/ujofotodesign.ch\/de\/2020-01-winter\/#breadcrumb","itemListElement":[{"@type":"ListItem","position":1,"name":"Home","item":"https:\/\/ujofotodesign.ch\/de\/"},{"@type":"ListItem","position":2,"name":"2020 01 Raureif"}]},{"@type":"WebSite","@id":"https:\/\/ujofotodesign.ch\/de\/#website","url":"https:\/\/ujofotodesign.ch\/de\/","name":"ujofotodesign","description":"","publisher":{"@id":"https:\/\/ujofotodesign.ch\/de\/#\/schema\/person\/bece9dc9b9c82b781fbf996a923e4695"},"potentialAction":[{"@type":"SearchAction","target":{"@type":"EntryPoint","urlTemplate":"https:\/\/ujofotodesign.ch\/de\/?s={search_term_string}"},"query-input":"required name=search_term_string"}],"inLanguage":"de-DE"},{"@type":["Person","Organization"],"@id":"https:\/\/ujofotodesign.ch\/de\/#\/schema\/person\/bece9dc9b9c82b781fbf996a923e4695","name":"Ulrich Jousten","image":{"@type":"ImageObject","inLanguage":"de-DE","@id":"https:\/\/ujofotodesign.ch\/de\/#\/schema\/person\/image\/","url":"https:\/\/ujofotodesign.ch\/wp-content\/uploads\/2019\/10\/ujofotodesign-logo.jpg","contentUrl":"https:\/\/ujofotodesign.ch\/wp-content\/uploads\/2019\/10\/ujofotodesign-logo.jpg","width":512,"height":512,"caption":"Ulrich Jousten"},"logo":{"@id":"https:\/\/ujofotodesign.ch\/de\/#\/schema\/person\/image\/"},"sameAs":["https:\/\/ujofotodesign.ch"]}]}},"_links":{"self":[{"href":"https:\/\/ujofotodesign.ch\/de\/wp-json\/wp\/v2\/posts\/19733"}],"collection":[{"href":"https:\/\/ujofotodesign.ch\/de\/wp-json\/wp\/v2\/posts"}],"about":[{"href":"https:\/\/ujofotodesign.ch\/de\/wp-json\/wp\/v2\/types\/post"}],"author":[{"embeddable":true,"href":"https:\/\/ujofotodesign.ch\/de\/wp-json\/wp\/v2\/users\/2"}],"replies":[{"embeddable":true,"href":"https:\/\/ujofotodesign.ch\/de\/wp-json\/wp\/v2\/comments?post=19733"}],"version-history":[{"count":8,"href":"https:\/\/ujofotodesign.ch\/de\/wp-json\/wp\/v2\/posts\/19733\/revisions"}],"predecessor-version":[{"id":21936,"href":"https:\/\/ujofotodesign.ch\/de\/wp-json\/wp\/v2\/posts\/19733\/revisions\/21936"}],"wp:attachment":[{"href":"https:\/\/ujofotodesign.ch\/de\/wp-json\/wp\/v2\/media?parent=19733"}],"wp:term":[{"taxonomy":"category","embeddable":true,"href":"https:\/\/ujofotodesign.ch\/de\/wp-json\/wp\/v2\/categories?post=19733"},{"taxonomy":"post_tag","embeddable":true,"href":"https:\/\/ujofotodesign.ch\/de\/wp-json\/wp\/v2\/tags?post=19733"}],"curies":[{"name":"wp","href":"https:\/\/api.w.org\/{rel}","templated":true}]}}