{"id":31,"count":3,"description":"Wo beginnt Fotografie und - wenn \u00fcberhaupt - wo endet sie? K\u00f6nnen wir mit der Kamera und der digitalen Dunkelkammer den Rahmen der realistischen Abbildung sprengen? K\u00f6nnen wir von der abstrakten Kunst lernen? Wo liegen die Grenzen der Abstraktion? Wie k\u00f6nnen wir abstrakte Bilder erzeugen? K\u00f6nnen wir - wie in historischer Zeit mit den Fotogrammen - visuelle R\u00e4tsel erzeugen? Lassen sich action painting und Farbfeldmalerei mit unseren digitalen Werkzeugen darstellen?","link":"https:\/\/ujofotodesign.ch\/de\/portfolio-category\/abstraktion\/","name":"Abstraktion","slug":"abstraktion","taxonomy":"category-portfolio","parent":0,"meta":[],"acf":[],"yoast_head":"<!-- This site is optimized with the Yoast SEO plugin v20.12 - https:\/\/yoast.com\/wordpress\/plugins\/seo\/ -->\n<title>Abstraktion Archives &bull; ujofotodesign<\/title>\n<meta name=\"robots\" content=\"index, follow, max-snippet:-1, max-image-preview:large, max-video-preview:-1\" \/>\n<link rel=\"canonical\" href=\"https:\/\/ujofotodesign.ch\/de\/portfolio-category\/abstraktion\/\" \/>\n<meta property=\"og:locale\" content=\"de_DE\" \/>\n<meta property=\"og:type\" content=\"article\" \/>\n<meta property=\"og:title\" content=\"Abstraktion Archives &bull; ujofotodesign\" \/>\n<meta property=\"og:description\" content=\"Wo beginnt Fotografie und &#8211; wenn \u00fcberhaupt &#8211; wo endet sie? K\u00f6nnen wir mit der Kamera und der digitalen Dunkelkammer den Rahmen der realistischen Abbildung sprengen? K\u00f6nnen wir von der abstrakten Kunst lernen? Wo liegen die Grenzen der Abstraktion? Wie k\u00f6nnen wir abstrakte Bilder erzeugen? K\u00f6nnen wir &#8211; wie in historischer Zeit mit den Fotogrammen &#8211; visuelle R\u00e4tsel erzeugen? Lassen sich action painting und Farbfeldmalerei mit unseren digitalen Werkzeugen darstellen?\" \/>\n<meta property=\"og:url\" content=\"https:\/\/ujofotodesign.ch\/de\/portfolio-category\/abstraktion\/\" \/>\n<meta property=\"og:site_name\" content=\"ujofotodesign\" \/>\n<meta property=\"og:image\" content=\"https:\/\/ujofotodesign.ch\/wp-content\/uploads\/2019\/10\/m5_mg_6680.jpg\" \/>\n\t<meta property=\"og:image:width\" content=\"2048\" \/>\n\t<meta property=\"og:image:height\" content=\"2048\" \/>\n\t<meta property=\"og:image:type\" content=\"image\/jpeg\" \/>\n<meta name=\"twitter:card\" content=\"summary_large_image\" \/>\n<script type=\"application\/ld+json\" class=\"yoast-schema-graph\">{\"@context\":\"https:\/\/schema.org\",\"@graph\":[{\"@type\":\"CollectionPage\",\"@id\":\"https:\/\/ujofotodesign.ch\/de\/portfolio-category\/abstraktion\/\",\"url\":\"https:\/\/ujofotodesign.ch\/de\/portfolio-category\/abstraktion\/\",\"name\":\"Abstraktion Archives &bull; ujofotodesign\",\"isPartOf\":{\"@id\":\"https:\/\/ujofotodesign.ch\/de\/#website\"},\"breadcrumb\":{\"@id\":\"https:\/\/ujofotodesign.ch\/de\/portfolio-category\/abstraktion\/#breadcrumb\"},\"inLanguage\":\"de-DE\"},{\"@type\":\"BreadcrumbList\",\"@id\":\"https:\/\/ujofotodesign.ch\/de\/portfolio-category\/abstraktion\/#breadcrumb\",\"itemListElement\":[{\"@type\":\"ListItem\",\"position\":1,\"name\":\"Home\",\"item\":\"https:\/\/ujofotodesign.ch\/de\/\"},{\"@type\":\"ListItem\",\"position\":2,\"name\":\"Abstraktion\"}]},{\"@type\":\"WebSite\",\"@id\":\"https:\/\/ujofotodesign.ch\/de\/#website\",\"url\":\"https:\/\/ujofotodesign.ch\/de\/\",\"name\":\"ujofotodesign\",\"description\":\"\",\"publisher\":{\"@id\":\"https:\/\/ujofotodesign.ch\/de\/#\/schema\/person\/bece9dc9b9c82b781fbf996a923e4695\"},\"potentialAction\":[{\"@type\":\"SearchAction\",\"target\":{\"@type\":\"EntryPoint\",\"urlTemplate\":\"https:\/\/ujofotodesign.ch\/de\/?s={search_term_string}\"},\"query-input\":\"required name=search_term_string\"}],\"inLanguage\":\"de-DE\"},{\"@type\":[\"Person\",\"Organization\"],\"@id\":\"https:\/\/ujofotodesign.ch\/de\/#\/schema\/person\/bece9dc9b9c82b781fbf996a923e4695\",\"name\":\"Ulrich Jousten\",\"image\":{\"@type\":\"ImageObject\",\"inLanguage\":\"de-DE\",\"@id\":\"https:\/\/ujofotodesign.ch\/de\/#\/schema\/person\/image\/\",\"url\":\"https:\/\/ujofotodesign.ch\/wp-content\/uploads\/2019\/10\/ujofotodesign-logo.jpg\",\"contentUrl\":\"https:\/\/ujofotodesign.ch\/wp-content\/uploads\/2019\/10\/ujofotodesign-logo.jpg\",\"width\":512,\"height\":512,\"caption\":\"Ulrich Jousten\"},\"logo\":{\"@id\":\"https:\/\/ujofotodesign.ch\/de\/#\/schema\/person\/image\/\"},\"sameAs\":[\"https:\/\/ujofotodesign.ch\"]}]}<\/script>\n<!-- \/ Yoast SEO plugin. -->","yoast_head_json":{"title":"Abstraktion Archives &bull; ujofotodesign","robots":{"index":"index","follow":"follow","max-snippet":"max-snippet:-1","max-image-preview":"max-image-preview:large","max-video-preview":"max-video-preview:-1"},"canonical":"https:\/\/ujofotodesign.ch\/de\/portfolio-category\/abstraktion\/","og_locale":"de_DE","og_type":"article","og_title":"Abstraktion Archives &bull; ujofotodesign","og_description":"Wo beginnt Fotografie und &#8211; wenn \u00fcberhaupt &#8211; wo endet sie? K\u00f6nnen wir mit der Kamera und der digitalen Dunkelkammer den Rahmen der realistischen Abbildung sprengen? K\u00f6nnen wir von der abstrakten Kunst lernen? Wo liegen die Grenzen der Abstraktion? Wie k\u00f6nnen wir abstrakte Bilder erzeugen? K\u00f6nnen wir &#8211; wie in historischer Zeit mit den Fotogrammen &#8211; visuelle R\u00e4tsel erzeugen? Lassen sich action painting und Farbfeldmalerei mit unseren digitalen Werkzeugen darstellen?","og_url":"https:\/\/ujofotodesign.ch\/de\/portfolio-category\/abstraktion\/","og_site_name":"ujofotodesign","og_image":[{"width":2048,"height":2048,"url":"https:\/\/ujofotodesign.ch\/wp-content\/uploads\/2019\/10\/m5_mg_6680.jpg","type":"image\/jpeg"}],"twitter_card":"summary_large_image","schema":{"@context":"https:\/\/schema.org","@graph":[{"@type":"CollectionPage","@id":"https:\/\/ujofotodesign.ch\/de\/portfolio-category\/abstraktion\/","url":"https:\/\/ujofotodesign.ch\/de\/portfolio-category\/abstraktion\/","name":"Abstraktion Archives &bull; ujofotodesign","isPartOf":{"@id":"https:\/\/ujofotodesign.ch\/de\/#website"},"breadcrumb":{"@id":"https:\/\/ujofotodesign.ch\/de\/portfolio-category\/abstraktion\/#breadcrumb"},"inLanguage":"de-DE"},{"@type":"BreadcrumbList","@id":"https:\/\/ujofotodesign.ch\/de\/portfolio-category\/abstraktion\/#breadcrumb","itemListElement":[{"@type":"ListItem","position":1,"name":"Home","item":"https:\/\/ujofotodesign.ch\/de\/"},{"@type":"ListItem","position":2,"name":"Abstraktion"}]},{"@type":"WebSite","@id":"https:\/\/ujofotodesign.ch\/de\/#website","url":"https:\/\/ujofotodesign.ch\/de\/","name":"ujofotodesign","description":"","publisher":{"@id":"https:\/\/ujofotodesign.ch\/de\/#\/schema\/person\/bece9dc9b9c82b781fbf996a923e4695"},"potentialAction":[{"@type":"SearchAction","target":{"@type":"EntryPoint","urlTemplate":"https:\/\/ujofotodesign.ch\/de\/?s={search_term_string}"},"query-input":"required name=search_term_string"}],"inLanguage":"de-DE"},{"@type":["Person","Organization"],"@id":"https:\/\/ujofotodesign.ch\/de\/#\/schema\/person\/bece9dc9b9c82b781fbf996a923e4695","name":"Ulrich Jousten","image":{"@type":"ImageObject","inLanguage":"de-DE","@id":"https:\/\/ujofotodesign.ch\/de\/#\/schema\/person\/image\/","url":"https:\/\/ujofotodesign.ch\/wp-content\/uploads\/2019\/10\/ujofotodesign-logo.jpg","contentUrl":"https:\/\/ujofotodesign.ch\/wp-content\/uploads\/2019\/10\/ujofotodesign-logo.jpg","width":512,"height":512,"caption":"Ulrich Jousten"},"logo":{"@id":"https:\/\/ujofotodesign.ch\/de\/#\/schema\/person\/image\/"},"sameAs":["https:\/\/ujofotodesign.ch"]}]}},"_links":{"self":[{"href":"https:\/\/ujofotodesign.ch\/de\/wp-json\/wp\/v2\/category-portfolio\/31"}],"collection":[{"href":"https:\/\/ujofotodesign.ch\/de\/wp-json\/wp\/v2\/category-portfolio"}],"about":[{"href":"https:\/\/ujofotodesign.ch\/de\/wp-json\/wp\/v2\/taxonomies\/category-portfolio"}],"wp:post_type":[{"href":"https:\/\/ujofotodesign.ch\/de\/wp-json\/wp\/v2\/portfolio?category-portfolio=31"}],"curies":[{"name":"wp","href":"https:\/\/api.w.org\/{rel}","templated":true}]}}