{"id":19,"count":5,"description":"Menschen hinterlassen sichtbare Spuren durch Konstruktion, durch das Bauen, durch Geb\u00e4ude. Die Kamera schaut darauf, schaut hinein, auf das \u00c4ussere und in das Innere von Geb\u00e4uden. Die Kamera erschliesst R\u00e4ume. Dabei spielt sie mit der Perspektive, dem Ausschnitt, dem Standpunkt. Der Zweck wandelt sich. Was fr\u00fcher Industrie dient heute dem Vergn\u00fcgen. Wo fr\u00fcher Schweiss, Hitze und Staub, da ist heute Stadtraum, Kunstraum, Wohnraum, Museumsraum, Gesch\u00e4ftsraum, B\u00fcroraum, Praxisraum, Unterhaltungsraum und manchmal immer noch die St\u00e4tten der Produktion. Der Raum ist die Skulptur in der wir uns bewegen, in dem wir leben, arbeiten, beten, lieben, essen, trinken. Sind.","link":"https:\/\/ujofotodesign.ch\/de\/portfolio-category\/architektur\/","name":"Architektur","slug":"architektur","taxonomy":"category-portfolio","parent":0,"meta":[],"acf":[],"yoast_head":"<!-- This site is optimized with the Yoast SEO plugin v20.12 - https:\/\/yoast.com\/wordpress\/plugins\/seo\/ -->\n<title>Architektur &bull; ujofotodesign<\/title>\n<meta name=\"robots\" content=\"index, follow, max-snippet:-1, max-image-preview:large, max-video-preview:-1\" \/>\n<link rel=\"canonical\" href=\"https:\/\/ujofotodesign.ch\/de\/portfolio-category\/architektur\/\" \/>\n<meta property=\"og:locale\" content=\"de_DE\" \/>\n<meta property=\"og:type\" content=\"article\" \/>\n<meta property=\"og:title\" content=\"Architektur &bull; ujofotodesign\" \/>\n<meta property=\"og:description\" content=\"Menschen hinterlassen sichtbare Spuren durch Konstruktion, durch das Bauen, durch Geb\u00e4ude. Die Kamera schaut darauf, schaut hinein, auf das \u00c4ussere und in das Innere von Geb\u00e4uden. Die Kamera erschliesst R\u00e4ume. Dabei spielt sie mit der Perspektive, dem Ausschnitt, dem Standpunkt. Der Zweck wandelt sich. Was fr\u00fcher Industrie dient heute dem Vergn\u00fcgen. Wo fr\u00fcher Schweiss, Hitze und Staub, da ist heute Stadtraum, Kunstraum, Wohnraum, Museumsraum, Gesch\u00e4ftsraum, B\u00fcroraum, Praxisraum, Unterhaltungsraum und manchmal immer noch die St\u00e4tten der Produktion. Der Raum ist die Skulptur in der wir uns bewegen, in dem wir leben, arbeiten, beten, lieben, essen, trinken. Sind.\" \/>\n<meta property=\"og:url\" content=\"https:\/\/ujofotodesign.ch\/de\/portfolio-category\/architektur\/\" \/>\n<meta property=\"og:site_name\" content=\"ujofotodesign\" \/>\n<meta property=\"og:image\" content=\"https:\/\/ujofotodesign.ch\/wp-content\/uploads\/2019\/10\/m5_mg_6680.jpg\" \/>\n\t<meta property=\"og:image:width\" content=\"2048\" \/>\n\t<meta property=\"og:image:height\" content=\"2048\" \/>\n\t<meta property=\"og:image:type\" content=\"image\/jpeg\" \/>\n<meta name=\"twitter:card\" content=\"summary_large_image\" \/>\n<script type=\"application\/ld+json\" class=\"yoast-schema-graph\">{\"@context\":\"https:\/\/schema.org\",\"@graph\":[{\"@type\":\"CollectionPage\",\"@id\":\"https:\/\/ujofotodesign.ch\/de\/portfolio-category\/architektur\/\",\"url\":\"https:\/\/ujofotodesign.ch\/de\/portfolio-category\/architektur\/\",\"name\":\"Architektur &bull; ujofotodesign\",\"isPartOf\":{\"@id\":\"https:\/\/ujofotodesign.ch\/de\/#website\"},\"breadcrumb\":{\"@id\":\"https:\/\/ujofotodesign.ch\/de\/portfolio-category\/architektur\/#breadcrumb\"},\"inLanguage\":\"de-DE\"},{\"@type\":\"BreadcrumbList\",\"@id\":\"https:\/\/ujofotodesign.ch\/de\/portfolio-category\/architektur\/#breadcrumb\",\"itemListElement\":[{\"@type\":\"ListItem\",\"position\":1,\"name\":\"Home\",\"item\":\"https:\/\/ujofotodesign.ch\/de\/\"},{\"@type\":\"ListItem\",\"position\":2,\"name\":\"Architektur\"}]},{\"@type\":\"WebSite\",\"@id\":\"https:\/\/ujofotodesign.ch\/de\/#website\",\"url\":\"https:\/\/ujofotodesign.ch\/de\/\",\"name\":\"ujofotodesign\",\"description\":\"\",\"publisher\":{\"@id\":\"https:\/\/ujofotodesign.ch\/de\/#\/schema\/person\/bece9dc9b9c82b781fbf996a923e4695\"},\"potentialAction\":[{\"@type\":\"SearchAction\",\"target\":{\"@type\":\"EntryPoint\",\"urlTemplate\":\"https:\/\/ujofotodesign.ch\/de\/?s={search_term_string}\"},\"query-input\":\"required name=search_term_string\"}],\"inLanguage\":\"de-DE\"},{\"@type\":[\"Person\",\"Organization\"],\"@id\":\"https:\/\/ujofotodesign.ch\/de\/#\/schema\/person\/bece9dc9b9c82b781fbf996a923e4695\",\"name\":\"Ulrich Jousten\",\"image\":{\"@type\":\"ImageObject\",\"inLanguage\":\"de-DE\",\"@id\":\"https:\/\/ujofotodesign.ch\/de\/#\/schema\/person\/image\/\",\"url\":\"https:\/\/ujofotodesign.ch\/wp-content\/uploads\/2019\/10\/ujofotodesign-logo.jpg\",\"contentUrl\":\"https:\/\/ujofotodesign.ch\/wp-content\/uploads\/2019\/10\/ujofotodesign-logo.jpg\",\"width\":512,\"height\":512,\"caption\":\"Ulrich Jousten\"},\"logo\":{\"@id\":\"https:\/\/ujofotodesign.ch\/de\/#\/schema\/person\/image\/\"},\"sameAs\":[\"https:\/\/ujofotodesign.ch\"]}]}<\/script>\n<!-- \/ Yoast SEO plugin. -->","yoast_head_json":{"title":"Architektur &bull; ujofotodesign","robots":{"index":"index","follow":"follow","max-snippet":"max-snippet:-1","max-image-preview":"max-image-preview:large","max-video-preview":"max-video-preview:-1"},"canonical":"https:\/\/ujofotodesign.ch\/de\/portfolio-category\/architektur\/","og_locale":"de_DE","og_type":"article","og_title":"Architektur &bull; ujofotodesign","og_description":"Menschen hinterlassen sichtbare Spuren durch Konstruktion, durch das Bauen, durch Geb\u00e4ude. Die Kamera schaut darauf, schaut hinein, auf das \u00c4ussere und in das Innere von Geb\u00e4uden. Die Kamera erschliesst R\u00e4ume. Dabei spielt sie mit der Perspektive, dem Ausschnitt, dem Standpunkt. Der Zweck wandelt sich. Was fr\u00fcher Industrie dient heute dem Vergn\u00fcgen. Wo fr\u00fcher Schweiss, Hitze und Staub, da ist heute Stadtraum, Kunstraum, Wohnraum, Museumsraum, Gesch\u00e4ftsraum, B\u00fcroraum, Praxisraum, Unterhaltungsraum und manchmal immer noch die St\u00e4tten der Produktion. Der Raum ist die Skulptur in der wir uns bewegen, in dem wir leben, arbeiten, beten, lieben, essen, trinken. Sind.","og_url":"https:\/\/ujofotodesign.ch\/de\/portfolio-category\/architektur\/","og_site_name":"ujofotodesign","og_image":[{"width":2048,"height":2048,"url":"https:\/\/ujofotodesign.ch\/wp-content\/uploads\/2019\/10\/m5_mg_6680.jpg","type":"image\/jpeg"}],"twitter_card":"summary_large_image","schema":{"@context":"https:\/\/schema.org","@graph":[{"@type":"CollectionPage","@id":"https:\/\/ujofotodesign.ch\/de\/portfolio-category\/architektur\/","url":"https:\/\/ujofotodesign.ch\/de\/portfolio-category\/architektur\/","name":"Architektur &bull; ujofotodesign","isPartOf":{"@id":"https:\/\/ujofotodesign.ch\/de\/#website"},"breadcrumb":{"@id":"https:\/\/ujofotodesign.ch\/de\/portfolio-category\/architektur\/#breadcrumb"},"inLanguage":"de-DE"},{"@type":"BreadcrumbList","@id":"https:\/\/ujofotodesign.ch\/de\/portfolio-category\/architektur\/#breadcrumb","itemListElement":[{"@type":"ListItem","position":1,"name":"Home","item":"https:\/\/ujofotodesign.ch\/de\/"},{"@type":"ListItem","position":2,"name":"Architektur"}]},{"@type":"WebSite","@id":"https:\/\/ujofotodesign.ch\/de\/#website","url":"https:\/\/ujofotodesign.ch\/de\/","name":"ujofotodesign","description":"","publisher":{"@id":"https:\/\/ujofotodesign.ch\/de\/#\/schema\/person\/bece9dc9b9c82b781fbf996a923e4695"},"potentialAction":[{"@type":"SearchAction","target":{"@type":"EntryPoint","urlTemplate":"https:\/\/ujofotodesign.ch\/de\/?s={search_term_string}"},"query-input":"required name=search_term_string"}],"inLanguage":"de-DE"},{"@type":["Person","Organization"],"@id":"https:\/\/ujofotodesign.ch\/de\/#\/schema\/person\/bece9dc9b9c82b781fbf996a923e4695","name":"Ulrich Jousten","image":{"@type":"ImageObject","inLanguage":"de-DE","@id":"https:\/\/ujofotodesign.ch\/de\/#\/schema\/person\/image\/","url":"https:\/\/ujofotodesign.ch\/wp-content\/uploads\/2019\/10\/ujofotodesign-logo.jpg","contentUrl":"https:\/\/ujofotodesign.ch\/wp-content\/uploads\/2019\/10\/ujofotodesign-logo.jpg","width":512,"height":512,"caption":"Ulrich Jousten"},"logo":{"@id":"https:\/\/ujofotodesign.ch\/de\/#\/schema\/person\/image\/"},"sameAs":["https:\/\/ujofotodesign.ch"]}]}},"_links":{"self":[{"href":"https:\/\/ujofotodesign.ch\/de\/wp-json\/wp\/v2\/category-portfolio\/19"}],"collection":[{"href":"https:\/\/ujofotodesign.ch\/de\/wp-json\/wp\/v2\/category-portfolio"}],"about":[{"href":"https:\/\/ujofotodesign.ch\/de\/wp-json\/wp\/v2\/taxonomies\/category-portfolio"}],"wp:post_type":[{"href":"https:\/\/ujofotodesign.ch\/de\/wp-json\/wp\/v2\/portfolio?category-portfolio=19"}],"curies":[{"name":"wp","href":"https:\/\/api.w.org\/{rel}","templated":true}]}}